{"id":12348,"date":"2021-12-29T12:30:30","date_gmt":"2021-12-29T15:30:30","guid":{"rendered":"https:\/\/radiorevelacionfm.cl\/?p=12348"},"modified":"2021-12-29T12:30:30","modified_gmt":"2021-12-29T15:30:30","slug":"personas-sin-dosis-de-refuerzo-podrian-tener-pase-de-movilidad-bloqueado-en-enero","status":"publish","type":"post","link":"https:\/\/radiorevelacionfm.cl\/?p=12348","title":{"rendered":"Personas sin dosis de refuerzo podr\u00edan tener Pase de Movilidad bloqueado en enero"},"content":{"rendered":"<div class=\"flex_column av_one_full  flex_column_div av-zero-column-padding first  avia-builder-el-0  el_before_av_one_full  avia-builder-el-first  \" style='border-radius:0px; '><div  class='avia-image-container  av-styling-    avia-builder-el-1  avia-builder-el-no-sibling  avia-align-center '  itemprop=\"image\" itemscope=\"itemscope\" itemtype=\"https:\/\/schema.org\/ImageObject\"  ><div class='avia-image-container-inner'><div class='avia-image-overlay-wrap'><img decoding=\"async\" class='wp-image-11240 avia-img-lazy-loading-not-11240 avia_image' src=\"https:\/\/radiorevelacionfm.cl\/wp-content\/uploads\/2021\/11\/vacuna-foto-2-1.jpg\" alt='' title='vacuna - foto (2) (1)' height=\"600\" width=\"818\"  itemprop=\"thumbnailUrl\" srcset=\"https:\/\/radiorevelacionfm.cl\/wp-content\/uploads\/2021\/11\/vacuna-foto-2-1.jpg 818w, https:\/\/radiorevelacionfm.cl\/wp-content\/uploads\/2021\/11\/vacuna-foto-2-1-300x220.jpg 300w, https:\/\/radiorevelacionfm.cl\/wp-content\/uploads\/2021\/11\/vacuna-foto-2-1-768x563.jpg 768w, https:\/\/radiorevelacionfm.cl\/wp-content\/uploads\/2021\/11\/vacuna-foto-2-1-705x517.jpg 705w, https:\/\/radiorevelacionfm.cl\/wp-content\/uploads\/2021\/11\/vacuna-foto-2-1-600x440.jpg 600w\" sizes=\"(max-width: 818px) 100vw, 818px\" \/><\/div><\/div><\/div><\/div><div class=\"flex_column av_one_full  flex_column_div av-zero-column-padding first  avia-builder-el-2  el_after_av_one_full  el_before_av_one_full  column-top-margin\" style='border-radius:0px; '><section class=\"av_textblock_section \"  itemscope=\"itemscope\" itemtype=\"https:\/\/schema.org\/BlogPosting\" itemprop=\"blogPost\" ><div class='avia_textblock  '   itemprop=\"text\" ><p style=\"text-align: center;\"><span style=\"font-size: 18pt;\"><strong>Personas sin dosis de refuerzo podr\u00edan tener Pase de Movilidad bloqueado en enero<\/strong><\/span><\/p>\n<div id=\"gtx-trans\" style=\"position: absolute; left: -50px; top: 4.31534px;\">\n<div class=\"gtx-trans-icon\"><\/div>\n<\/div>\n<\/div><\/section><\/div><div class=\"flex_column av_one_full  flex_column_div av-zero-column-padding first  avia-builder-el-4  el_after_av_one_full  el_before_av_hr  column-top-margin\" style='border-radius:0px; '><section class=\"av_textblock_section \"  itemscope=\"itemscope\" itemtype=\"https:\/\/schema.org\/BlogPosting\" itemprop=\"blogPost\" ><div class='avia_textblock  '   itemprop=\"text\" ><p style=\"text-align: justify;\">A contar del 01 de enero de 2022, se proceder\u00e1 a la inhabilitaci\u00f3n de los Pases de Movilidad a los mayores de 18 a\u00f1os que no tengan su dosis de refuerzo tras cumplir seis meses desde que completaron su proceso de vacunaci\u00f3n; raz\u00f3n por la cual, desde la autoridad sanitaria regional, se hizo un llamado a la comunidad para que asista a los puntos de vacunaci\u00f3n y complete sus respectivos esquemas.<\/p>\n<p style=\"text-align: justify;\">As\u00ed lo manifest\u00f3 Jourdan Cabezas, Seremi de Salud (s), quien entreg\u00f3 m\u00e1s antecedentes respecto a la situaci\u00f3n regional.\u00a0 \u201cTal como se ha manifestado en oportunidades anteriores, a partir de este 01 de enero se proceder\u00e1 al bloqueo del Pase de Movilidad para todas aquellas personas mayores de 18 a\u00f1os que, habiendo cumplido los seis meses desde su segunda vacuna contra el COVID-19, no cuenten con su dosis de refuerzo. Situaci\u00f3n que en el caso de la regi\u00f3n de Ays\u00e9n, alcanza a m\u00e1s de 12 mil personas; cifra que esperamos disminuya dentro de los pr\u00f3ximos d\u00edas debido a que esperamos un alta afluencia de p\u00fablico en los puntos de vacunaci\u00f3n y a que existe mucha poblaci\u00f3n flotante que puede estar vacun\u00e1ndose en otros puntos del pa\u00eds\u201d.<\/p>\n<p style=\"text-align: justify;\">Por su parte, la Encargada Regional del Plan de Inmunizaciones, Sany Ojeda, hizo un llamado a la comunidad para que acuda a los centros de vacunaci\u00f3n habilitados en la regi\u00f3n.\u00a0 \u201cDesde el inicio del proceso de vacunaci\u00f3n, se han realizado grandes esfuerzos a lo largo de todo el pa\u00eds para que la comunidad pueda acceder a las vacunas contra el COVID-19.\u00a0 Hemos mantenido puntos espec\u00edficos como el gimnasio municipal de calle Sim\u00f3n Bolivar #400 en Coyhaique o el polideportivo de Puerto Ays\u00e9n. Lo importante es que la comunidad pueda acercarse tambi\u00e9n a los centros de salud para informarse y acceder a este beneficio que solo busca resguardar la salud de la poblaci\u00f3n\u201d.<\/p>\n<p style=\"text-align: justify;\">Finalmente, cabe se\u00f1alar que una vez que la persona haya recibido la administraci\u00f3n de la tercera dosis, el documento autom\u00e1ticamente volver\u00e1 a estar operativo y tendr\u00e1 el registro de la inoculaci\u00f3n.<\/p>\n<\/div><\/section><\/div><div  style='height:50px' class='hr hr-invisible   avia-builder-el-6  el_after_av_one_full  el_before_av_social_share '><span class='hr-inner ' ><span class='hr-inner-style'><\/span><\/span><\/div><\/p>\n<div  class='av-social-sharing-box  avia-builder-el-7  el_after_av_hr  el_before_av_hr  '><div class='av-share-box'><h5 class='av-share-link-description av-no-toc '>Compartir esta noticia<\/h5><ul class='av-share-box-list noLightbox'><li class='av-share-link av-social-link-facebook' ><a target=\"_blank\" aria-label=\"Compartir en Facebook\" href='https:\/\/www.facebook.com\/sharer.php?u=https:\/\/radiorevelacionfm.cl\/?p=12348&#038;t=Personas%20sin%20dosis%20de%20refuerzo%20podr%C3%ADan%20tener%20Pase%20de%20Movilidad%20bloqueado%20en%20enero' aria-hidden='false' data-av_icon='\ue8f3' data-av_iconfont='entypo-fontello' title='' data-avia-related-tooltip='Compartir en Facebook' rel=\"noopener\"><span class='avia_hidden_link_text'>Compartir en Facebook<\/span><\/a><\/li><li class='av-share-link av-social-link-twitter' ><a target=\"_blank\" aria-label=\"Compartir en Twitter\" href='https:\/\/twitter.com\/share?text=Personas%20sin%20dosis%20de%20refuerzo%20podr%C3%ADan%20tener%20Pase%20de%20Movilidad%20bloqueado%20en%20enero&#038;url=https:\/\/radiorevelacionfm.cl\/?p=12348' aria-hidden='false' data-av_icon='\ue8f1' data-av_iconfont='entypo-fontello' title='' data-avia-related-tooltip='Compartir en Twitter' rel=\"noopener\"><span class='avia_hidden_link_text'>Compartir en Twitter<\/span><\/a><\/li><li class='av-share-link av-social-link-whatsapp' ><a target=\"_blank\" aria-label=\"Compartir en Whatsapp\" href='https:\/\/api.whatsapp.com\/send?text=https:\/\/radiorevelacionfm.cl\/?p=12348' aria-hidden='false' data-av_icon='\uf232' data-av_iconfont='entypo-fontello' title='' data-avia-related-tooltip='Compartir en Whatsapp' rel=\"noopener\"><span class='avia_hidden_link_text'>Compartir en Whatsapp<\/span><\/a><\/li><li class='av-share-link av-social-link-linkedin' ><a target=\"_blank\" aria-label=\"Compartir en LinkedIn\" href='https:\/\/linkedin.com\/shareArticle?mini=true&#038;title=Personas%20sin%20dosis%20de%20refuerzo%20podr%C3%ADan%20tener%20Pase%20de%20Movilidad%20bloqueado%20en%20enero&#038;url=https:\/\/radiorevelacionfm.cl\/?p=12348' aria-hidden='false' data-av_icon='\ue8fc' data-av_iconfont='entypo-fontello' title='' data-avia-related-tooltip='Compartir en LinkedIn' rel=\"noopener\"><span class='avia_hidden_link_text'>Compartir en LinkedIn<\/span><\/a><\/li><li class='av-share-link av-social-link-mail' ><a  aria-label=\"Compartir por correo\" href='mailto:?subject=Personas%20sin%20dosis%20de%20refuerzo%20podr%C3%ADan%20tener%20Pase%20de%20Movilidad%20bloqueado%20en%20enero&#038;body=https:\/\/radiorevelacionfm.cl\/?p=12348' aria-hidden='false' data-av_icon='\ue805' data-av_iconfont='entypo-fontello' title='' data-avia-related-tooltip='Compartir por correo'><span class='avia_hidden_link_text'>Compartir por correo<\/span><\/a><\/li><\/ul><\/div><\/div>\n<div  style='height:50px' class='hr hr-invisible   avia-builder-el-8  el_after_av_social_share  el_before_av_comments_list '><span class='hr-inner ' ><span class='hr-inner-style'><\/span><\/span><\/div>\n<div  class='av-buildercomment  av-blog-meta-html-info-disabled av-blog-meta-tag-disabled  '><\/div>\n","protected":false},"excerpt":{"rendered":"","protected":false},"author":1,"featured_media":11240,"comment_status":"open","ping_status":"open","sticky":false,"template":"","format":"standard","meta":{"footnotes":""},"categories":[46],"tags":[],"class_list":["post-12348","post","type-post","status-publish","format-standard","has-post-thumbnail","hentry","category-salud"],"jetpack_featured_media_url":"https:\/\/radiorevelacionfm.cl\/wp-content\/uploads\/2021\/11\/vacuna-foto-2-1.jpg","_links":{"self":[{"href":"https:\/\/radiorevelacionfm.cl\/index.php?rest_route=\/wp\/v2\/posts\/12348","targetHints":{"allow":["GET"]}}],"collection":[{"href":"https:\/\/radiorevelacionfm.cl\/index.php?rest_route=\/wp\/v2\/posts"}],"about":[{"href":"https:\/\/radiorevelacionfm.cl\/index.php?rest_route=\/wp\/v2\/types\/post"}],"author":[{"embeddable":true,"href":"https:\/\/radiorevelacionfm.cl\/index.php?rest_route=\/wp\/v2\/users\/1"}],"replies":[{"embeddable":true,"href":"https:\/\/radiorevelacionfm.cl\/index.php?rest_route=%2Fwp%2Fv2%2Fcomments&post=12348"}],"version-history":[{"count":2,"href":"https:\/\/radiorevelacionfm.cl\/index.php?rest_route=\/wp\/v2\/posts\/12348\/revisions"}],"predecessor-version":[{"id":12352,"href":"https:\/\/radiorevelacionfm.cl\/index.php?rest_route=\/wp\/v2\/posts\/12348\/revisions\/12352"}],"wp:featuredmedia":[{"embeddable":true,"href":"https:\/\/radiorevelacionfm.cl\/index.php?rest_route=\/wp\/v2\/media\/11240"}],"wp:attachment":[{"href":"https:\/\/radiorevelacionfm.cl\/index.php?rest_route=%2Fwp%2Fv2%2Fmedia&parent=12348"}],"wp:term":[{"taxonomy":"category","embeddable":true,"href":"https:\/\/radiorevelacionfm.cl\/index.php?rest_route=%2Fwp%2Fv2%2Fcategories&post=12348"},{"taxonomy":"post_tag","embeddable":true,"href":"https:\/\/radiorevelacionfm.cl\/index.php?rest_route=%2Fwp%2Fv2%2Ftags&post=12348"}],"curies":[{"name":"wp","href":"https:\/\/api.w.org\/{rel}","templated":true}]}}