{"id":12340,"date":"2021-12-29T09:42:17","date_gmt":"2021-12-29T12:42:17","guid":{"rendered":"https:\/\/radiorevelacionfm.cl\/?p=12340"},"modified":"2021-12-29T09:42:17","modified_gmt":"2021-12-29T12:42:17","slug":"muestra-de-acuarela-rescata-el-rol-del-abejorro-colorado-en-la-biodiversidad-regional-y-comunal","status":"publish","type":"post","link":"https:\/\/radiorevelacionfm.cl\/?p=12340","title":{"rendered":"Muestra de acuarela rescata el rol del abejorro colorado en la biodiversidad regional y comunal"},"content":{"rendered":"<div class=\"flex_column av_one_full  flex_column_div av-zero-column-padding first  avia-builder-el-0  el_before_av_one_full  avia-builder-el-first  \" style='border-radius:0px; '><div  class='avia-image-container  av-styling-    avia-builder-el-1  avia-builder-el-no-sibling  avia-align-center '  itemprop=\"image\" itemscope=\"itemscope\" itemtype=\"https:\/\/schema.org\/ImageObject\"  ><div class='avia-image-container-inner'><div class='avia-image-overlay-wrap'><img decoding=\"async\" class='wp-image-12341 avia-img-lazy-loading-not-12341 avia_image' src=\"https:\/\/radiorevelacionfm.cl\/wp-content\/uploads\/2021\/12\/Muestra-Acuarela-Pintura-2.jpg\" alt='' title='Muestra Acuarela - Pintura-2' height=\"600\" width=\"800\"  itemprop=\"thumbnailUrl\" srcset=\"https:\/\/radiorevelacionfm.cl\/wp-content\/uploads\/2021\/12\/Muestra-Acuarela-Pintura-2.jpg 800w, https:\/\/radiorevelacionfm.cl\/wp-content\/uploads\/2021\/12\/Muestra-Acuarela-Pintura-2-300x225.jpg 300w, https:\/\/radiorevelacionfm.cl\/wp-content\/uploads\/2021\/12\/Muestra-Acuarela-Pintura-2-768x576.jpg 768w, https:\/\/radiorevelacionfm.cl\/wp-content\/uploads\/2021\/12\/Muestra-Acuarela-Pintura-2-705x529.jpg 705w, https:\/\/radiorevelacionfm.cl\/wp-content\/uploads\/2021\/12\/Muestra-Acuarela-Pintura-2-600x450.jpg 600w\" sizes=\"(max-width: 800px) 100vw, 800px\" \/><\/div><\/div><\/div><\/div><div class=\"flex_column av_one_full  flex_column_div av-zero-column-padding first  avia-builder-el-2  el_after_av_one_full  el_before_av_one_full  column-top-margin\" style='border-radius:0px; '><section class=\"av_textblock_section \"  itemscope=\"itemscope\" itemtype=\"https:\/\/schema.org\/BlogPosting\" itemprop=\"blogPost\" ><div class='avia_textblock  '   itemprop=\"text\" ><p style=\"text-align: center;\"><span style=\"font-size: 18pt;\"><strong>Muestra de acuarela rescata el rol del abejorro colorado en la biodiversidad regional y comunal<\/strong><\/span><\/p>\n<div id=\"gtx-trans\" style=\"position: absolute; left: -50px; top: 4.31534px;\">\n<div class=\"gtx-trans-icon\"><\/div>\n<\/div>\n<\/div><\/section><\/div><div class=\"flex_column av_one_full  flex_column_div av-zero-column-padding first  avia-builder-el-4  el_after_av_one_full  el_before_av_hr  column-top-margin\" style='border-radius:0px; '><section class=\"av_textblock_section \"  itemscope=\"itemscope\" itemtype=\"https:\/\/schema.org\/BlogPosting\" itemprop=\"blogPost\" ><div class='avia_textblock  '   itemprop=\"text\" ><p style=\"text-align: justify;\">Hasta el 2 de enero estar\u00e1 en el Museo Regional de Ays\u00e9n la muestra de acuarela \u201cAbejorro colorado: biodiversidad en peligro de extinci\u00f3n\u201d, organizada por la Fundaci\u00f3n Ayciencia en conjunto a la ONG Aumen, que mediante acciones educativas a establecimientos de la comuna y regi\u00f3n promueva el cuidado de este polinizador nativo.<\/p>\n<p style=\"text-align: justify;\">Enmarcada en el proyecto \u201cEtapa II. Abejorro colorado: biodiversidad en el peligro de extinci\u00f3n\u201d y bajo financiamiento del Fondo Nacional de Desarrollo Regional de Medio Ambiente del Gobierno Regional, la inauguraci\u00f3n de la muestra cont\u00f3 con la presencia del alcalde Julio Uribe Alvarado y autoridades comunales, quienes respaldaron la ejecuci\u00f3n y trabajo efectuado por las cient\u00edficas ayseninas.<\/p>\n<p style=\"text-align: justify;\">\u201cEsta es una segunda etapa, ya que en una primera tambi\u00e9n se hizo una concientizaci\u00f3n de lo que provoca introducir especies nuevas en desmedro de las nativas. En ese sentido, la Fundaci\u00f3n Ayciencia ha estado concientizando a vecinos y en especial a nuestros ni\u00f1os sobre la importancia de las especies aut\u00f3ctonas para la polinizaci\u00f3n y protecci\u00f3n del medio ambiente, por tanto, hoy como municipio apoyamos estas iniciativas para seguir trabajando hacia la educaci\u00f3n ambiental\u201d, consigno la m\u00e1xima autoridad edilicia.<\/p>\n<p style=\"text-align: justify;\">Ayciencia, una de las impulsoras del proyecto, parti\u00f3 su intervenci\u00f3n en terreno hace tres a\u00f1os, bajo la misi\u00f3n de proteger especies en peligro de extinci\u00f3n. Para estas cient\u00edficas, que han visibilizado la disminuci\u00f3n de la poblaci\u00f3n del abejorro colorado por la introducci\u00f3n del <em>bombus terrestres<\/em>, especie invasora europea, la importancia de cuidar polinizadores nativos radica en la preservaci\u00f3n de la biodiversidad, desde entonces han encausado sus esfuerzos a las futuras generaciones.<\/p>\n<p style=\"text-align: justify;\">Lo que motiv\u00f3 una serie de talleres en aula para ni\u00f1as y ni\u00f1os de la Escuela Litoral Austral de Puerto Ays\u00e9n, la Escuela Guido G\u00f3mez de Puerto Cisnes y la Escuela Pedro Quintana de Coyhaique, guiados por los artistas Sebasti\u00e1n Pe\u00f1a, Cristina Puesta y Angela Merello.<\/p>\n<p style=\"text-align: justify;\">Al respecto, Ingrid Guzm\u00e1n, coordinadora del proyecto, explica que en 2019 tuvieron la primera experiencia con talleres educativos en colegios de Puerto Ays\u00e9n y Caleta Tortel. As\u00ed descubriendo el entusiasmo latente en las comunidades educativas por instancias que promuevan la conservaci\u00f3n de especies nativas como el abejorro colorado, por lo que ampliaron el rango de acci\u00f3n a Puerto Cisne y Coyhaique.<\/p>\n<p style=\"text-align: justify;\">\u201cCreemos firmemente que la ciudadan\u00eda es la principal guardiana de los recursos, pero no se cuida lo que no se conoce. Y en los ni\u00f1os vemos comprensi\u00f3n de la urgencia que tiene cuidar nuestra biodiversidad sobre todo ahora que enfrentamos una pandemia donde el l\u00edmite humano-animal toma un rol preponderanteporque la salud de los animales, del hombre y del medio ambiente son una sola\u201d, manifest\u00f3 Guzm\u00e1n.<\/p>\n<p style=\"text-align: justify;\">Desde el municipio, el acalde Uribe expres\u00f3: \u201cHemos perdido mucho tiempo en poder trabajar en esta materia y hoy, a trav\u00e9s del municipio, queremos impulsar y de esta forma apoyar a la Fundaci\u00f3n Ayciencia que est\u00e1n haciendo un trabajo muy grande en lo que significa medio ambiente y seguiremos apoyando\u201d, a lo que agreg\u00f3 \u201ctambi\u00e9n, a trav\u00e9s de la senadora \u00d3rdenes se est\u00e1 buscando la ley que proteja estas especies nativas, por tanto, una ardua tarea, pero que va a tener un gran significado para nuestras comunidades\u201d, puntualiz\u00f3.<\/p>\n<\/div><\/section><\/div><div  style='height:50px' class='hr hr-invisible   avia-builder-el-6  el_after_av_one_full  el_before_av_social_share '><span class='hr-inner ' ><span class='hr-inner-style'><\/span><\/span><\/div><\/p>\n<div  class='av-social-sharing-box  avia-builder-el-7  el_after_av_hr  el_before_av_hr  '><div class='av-share-box'><h5 class='av-share-link-description av-no-toc '>Compartir esta noticia<\/h5><ul class='av-share-box-list noLightbox'><li class='av-share-link av-social-link-facebook' ><a target=\"_blank\" aria-label=\"Compartir en Facebook\" href='https:\/\/www.facebook.com\/sharer.php?u=https:\/\/radiorevelacionfm.cl\/?p=12340&#038;t=Muestra%20de%20acuarela%20rescata%20el%20rol%20del%20abejorro%20colorado%20en%20la%20biodiversidad%20regional%20y%20comunal' aria-hidden='false' data-av_icon='\ue8f3' data-av_iconfont='entypo-fontello' title='' data-avia-related-tooltip='Compartir en Facebook' rel=\"noopener\"><span class='avia_hidden_link_text'>Compartir en Facebook<\/span><\/a><\/li><li class='av-share-link av-social-link-twitter' ><a target=\"_blank\" aria-label=\"Compartir en Twitter\" href='https:\/\/twitter.com\/share?text=Muestra%20de%20acuarela%20rescata%20el%20rol%20del%20abejorro%20colorado%20en%20la%20biodiversidad%20regional%20y%20comunal&#038;url=https:\/\/radiorevelacionfm.cl\/?p=12340' aria-hidden='false' data-av_icon='\ue8f1' data-av_iconfont='entypo-fontello' title='' data-avia-related-tooltip='Compartir en Twitter' rel=\"noopener\"><span class='avia_hidden_link_text'>Compartir en Twitter<\/span><\/a><\/li><li class='av-share-link av-social-link-whatsapp' ><a target=\"_blank\" aria-label=\"Compartir en Whatsapp\" href='https:\/\/api.whatsapp.com\/send?text=https:\/\/radiorevelacionfm.cl\/?p=12340' aria-hidden='false' data-av_icon='\uf232' data-av_iconfont='entypo-fontello' title='' data-avia-related-tooltip='Compartir en Whatsapp' rel=\"noopener\"><span class='avia_hidden_link_text'>Compartir en Whatsapp<\/span><\/a><\/li><li class='av-share-link av-social-link-linkedin' ><a target=\"_blank\" aria-label=\"Compartir en LinkedIn\" href='https:\/\/linkedin.com\/shareArticle?mini=true&#038;title=Muestra%20de%20acuarela%20rescata%20el%20rol%20del%20abejorro%20colorado%20en%20la%20biodiversidad%20regional%20y%20comunal&#038;url=https:\/\/radiorevelacionfm.cl\/?p=12340' aria-hidden='false' data-av_icon='\ue8fc' data-av_iconfont='entypo-fontello' title='' data-avia-related-tooltip='Compartir en LinkedIn' rel=\"noopener\"><span class='avia_hidden_link_text'>Compartir en LinkedIn<\/span><\/a><\/li><li class='av-share-link av-social-link-mail' ><a  aria-label=\"Compartir por correo\" href='mailto:?subject=Muestra%20de%20acuarela%20rescata%20el%20rol%20del%20abejorro%20colorado%20en%20la%20biodiversidad%20regional%20y%20comunal&#038;body=https:\/\/radiorevelacionfm.cl\/?p=12340' aria-hidden='false' data-av_icon='\ue805' data-av_iconfont='entypo-fontello' title='' data-avia-related-tooltip='Compartir por correo'><span class='avia_hidden_link_text'>Compartir por correo<\/span><\/a><\/li><\/ul><\/div><\/div>\n<div  style='height:50px' class='hr hr-invisible   avia-builder-el-8  el_after_av_social_share  el_before_av_comments_list '><span class='hr-inner ' ><span class='hr-inner-style'><\/span><\/span><\/div>\n<div  class='av-buildercomment  av-blog-meta-html-info-disabled av-blog-meta-tag-disabled  '><\/div>\n","protected":false},"excerpt":{"rendered":"","protected":false},"author":1,"featured_media":12341,"comment_status":"open","ping_status":"open","sticky":false,"template":"","format":"standard","meta":{"footnotes":""},"categories":[52],"tags":[],"class_list":["post-12340","post","type-post","status-publish","format-standard","has-post-thumbnail","hentry","category-cultura"],"jetpack_featured_media_url":"https:\/\/radiorevelacionfm.cl\/wp-content\/uploads\/2021\/12\/Muestra-Acuarela-Pintura-2.jpg","_links":{"self":[{"href":"https:\/\/radiorevelacionfm.cl\/index.php?rest_route=\/wp\/v2\/posts\/12340","targetHints":{"allow":["GET"]}}],"collection":[{"href":"https:\/\/radiorevelacionfm.cl\/index.php?rest_route=\/wp\/v2\/posts"}],"about":[{"href":"https:\/\/radiorevelacionfm.cl\/index.php?rest_route=\/wp\/v2\/types\/post"}],"author":[{"embeddable":true,"href":"https:\/\/radiorevelacionfm.cl\/index.php?rest_route=\/wp\/v2\/users\/1"}],"replies":[{"embeddable":true,"href":"https:\/\/radiorevelacionfm.cl\/index.php?rest_route=%2Fwp%2Fv2%2Fcomments&post=12340"}],"version-history":[{"count":2,"href":"https:\/\/radiorevelacionfm.cl\/index.php?rest_route=\/wp\/v2\/posts\/12340\/revisions"}],"predecessor-version":[{"id":12343,"href":"https:\/\/radiorevelacionfm.cl\/index.php?rest_route=\/wp\/v2\/posts\/12340\/revisions\/12343"}],"wp:featuredmedia":[{"embeddable":true,"href":"https:\/\/radiorevelacionfm.cl\/index.php?rest_route=\/wp\/v2\/media\/12341"}],"wp:attachment":[{"href":"https:\/\/radiorevelacionfm.cl\/index.php?rest_route=%2Fwp%2Fv2%2Fmedia&parent=12340"}],"wp:term":[{"taxonomy":"category","embeddable":true,"href":"https:\/\/radiorevelacionfm.cl\/index.php?rest_route=%2Fwp%2Fv2%2Fcategories&post=12340"},{"taxonomy":"post_tag","embeddable":true,"href":"https:\/\/radiorevelacionfm.cl\/index.php?rest_route=%2Fwp%2Fv2%2Ftags&post=12340"}],"curies":[{"name":"wp","href":"https:\/\/api.w.org\/{rel}","templated":true}]}}