{"id":12333,"date":"2021-12-29T09:56:27","date_gmt":"2021-12-29T12:56:27","guid":{"rendered":"https:\/\/radiorevelacionfm.cl\/?p=12333"},"modified":"2021-12-29T09:56:27","modified_gmt":"2021-12-29T12:56:27","slug":"internos-del-cet-valle-verde-se-capacitan-en-elaboracion-de-vibrocomprimidos","status":"publish","type":"post","link":"https:\/\/radiorevelacionfm.cl\/?p=12333","title":{"rendered":"Internos del CET Valle Verde se capacitan en elaboraci\u00f3n de vibrocomprimidos"},"content":{"rendered":"<div class=\"flex_column av_one_full  flex_column_div av-zero-column-padding first  avia-builder-el-0  el_before_av_one_full  avia-builder-el-first  \" style='border-radius:0px; '><div  class='avia-image-container  av-styling-    avia-builder-el-1  avia-builder-el-no-sibling  avia-align-center '  itemprop=\"image\" itemscope=\"itemscope\" itemtype=\"https:\/\/schema.org\/ImageObject\"  ><div class='avia-image-container-inner'><div class='avia-image-overlay-wrap'><img decoding=\"async\" class='wp-image-12334 avia-img-lazy-loading-not-12334 avia_image' src=\"https:\/\/radiorevelacionfm.cl\/wp-content\/uploads\/2021\/12\/capacitacion-gendarmeria-2_optimized.jpg\" alt='' title='capacitacion-gendarmeria-2_optimized' height=\"600\" width=\"830\"  itemprop=\"thumbnailUrl\" srcset=\"https:\/\/radiorevelacionfm.cl\/wp-content\/uploads\/2021\/12\/capacitacion-gendarmeria-2_optimized.jpg 830w, https:\/\/radiorevelacionfm.cl\/wp-content\/uploads\/2021\/12\/capacitacion-gendarmeria-2_optimized-300x217.jpg 300w, https:\/\/radiorevelacionfm.cl\/wp-content\/uploads\/2021\/12\/capacitacion-gendarmeria-2_optimized-768x555.jpg 768w, https:\/\/radiorevelacionfm.cl\/wp-content\/uploads\/2021\/12\/capacitacion-gendarmeria-2_optimized-705x510.jpg 705w, https:\/\/radiorevelacionfm.cl\/wp-content\/uploads\/2021\/12\/capacitacion-gendarmeria-2_optimized-600x434.jpg 600w\" sizes=\"(max-width: 830px) 100vw, 830px\" \/><\/div><\/div><\/div><\/div>\n<div class=\"flex_column av_one_full  flex_column_div av-zero-column-padding first  avia-builder-el-2  el_after_av_one_full  el_before_av_one_full  column-top-margin\" style='border-radius:0px; '><section class=\"av_textblock_section \"  itemscope=\"itemscope\" itemtype=\"https:\/\/schema.org\/BlogPosting\" itemprop=\"blogPost\" ><div class='avia_textblock  '   itemprop=\"text\" ><p style=\"text-align: center;\"><span style=\"font-size: 18pt;\"><strong>Internos del CET Valle Verde se capacitan en elaboraci\u00f3n de vibrocomprimidos<\/strong> <\/span><\/p>\n<div id=\"gtx-trans\" style=\"position: absolute; left: -50px; top: 4.31534px;\">\n<div class=\"gtx-trans-icon\"><\/div>\n<\/div>\n<\/div><\/section><\/div><div class=\"flex_column av_one_full  flex_column_div av-zero-column-padding first  avia-builder-el-4  el_after_av_one_full  el_before_av_hr  column-top-margin\" style='border-radius:0px; '><section class=\"av_textblock_section \"  itemscope=\"itemscope\" itemtype=\"https:\/\/schema.org\/BlogPosting\" itemprop=\"blogPost\" ><div class='avia_textblock  '   itemprop=\"text\" ><p style=\"text-align: justify;\">Cinco internos del Centro de Educaci\u00f3n y Trabajo (CET) Valle Verde se certificaron en la elaboraci\u00f3n de vibrocomprimidos, gracias a un curso de 45 horas financiado con fondos propios de Gendarmer\u00eda de Chile.<\/p>\n<p style=\"text-align: justify;\">La iniciativa fue solicitada por la propia unidad con la finalidad de poder potenciar uno de los rubros productivos esenciales que se desarrollaban en el lugar, el que se encontraba paralizado debido a que no se contaba con poblaci\u00f3n penal con conocimientos t\u00e9cnicos para desempe\u00f1arse en la confecci\u00f3n de bloques, adoquines, entre otros.<\/p>\n<p style=\"text-align: justify;\">\u201cLa confecci\u00f3n de vibrocomprimidos ha sido una de las actividades laborales hist\u00f3ricas del CET Valle Verde, de modo que ense\u00f1arle a los penados a realizar esta tarea es un paso fundamental para retomar la producci\u00f3n de estos insumos ampliamente utilizados en el rubro de la construcci\u00f3n\u201d destac\u00f3 el director regional de Gendarmer\u00eda, coronel Alberto Jara San Mart\u00edn.<\/p>\n<p style=\"text-align: justify;\">El Centro de Educaci\u00f3n y Trabajo Valle Verde es una unidad semiabierta que basa su r\u00e9gimen en la autodisciplina y confianza en los penados, entregando una oferta laboral en distintos rubros, como la actividad agr\u00edcola a trav\u00e9s del cultivo de hortalizas, confecci\u00f3n de estructuras met\u00e1licas, muebler\u00eda, adem\u00e1s de la modalidad de prestaci\u00f3n de servicios a particulares, lo que permite que las personas que cumplen su privaci\u00f3n de libertad en el centro adquieran h\u00e1bitos laborales y aprendan un oficio que les facilite obtener recursos econ\u00f3micos y desempe\u00f1arse en el medio libre pensando en su reinserci\u00f3n socio-laboral.<\/p>\n<p style=\"text-align: justify;\">\u201cComo \u00c1rea de Reinserci\u00f3n Social no solamente buscamos abordar las necesidades de los penados desde el aspecto laboral, sino que tambi\u00e9n visibilizar el trabajo que realiza el CET, sus rubros productivos y el impacto que genera un centro de estas caracter\u00edsticas, en las personas que cumplen su privaci\u00f3n de libertad en una unidad penal del sistema semiabierto, sobre todo en t\u00e9rminos de la disminuci\u00f3n de riesgo de reincidencia\u201d explic\u00f3 el jefe de Reinserci\u00f3n de Gendarmer\u00eda en la regi\u00f3n, Pablo Vargas Torres.<\/p>\n<p style=\"text-align: justify;\">Finalmente hay que destacar que el curso se llev\u00f3 adelante en dependencias del mismo CET por el Organismo T\u00e9cnico de Capacitaci\u00f3n Alto Sur, instancia de la que participaron de inicio a fin cinco penados, durante 45 horas cronol\u00f3gicas.<\/p>\n<\/div><\/section><\/div><\/p>\n<div  style='height:50px' class='hr hr-invisible   avia-builder-el-6  el_after_av_one_full  el_before_av_social_share '><span class='hr-inner ' ><span class='hr-inner-style'><\/span><\/span><\/div>\n<div  class='av-social-sharing-box  avia-builder-el-7  el_after_av_hr  el_before_av_hr  '><div class='av-share-box'><h5 class='av-share-link-description av-no-toc '>Compartir esta noticia<\/h5><ul class='av-share-box-list noLightbox'><li class='av-share-link av-social-link-facebook' ><a target=\"_blank\" aria-label=\"Compartir en Facebook\" href='https:\/\/www.facebook.com\/sharer.php?u=https:\/\/radiorevelacionfm.cl\/?p=12333&#038;t=Internos%20del%20CET%20Valle%20Verde%20se%20capacitan%20en%20elaboraci%C3%B3n%20de%20vibrocomprimidos' aria-hidden='false' data-av_icon='\ue8f3' data-av_iconfont='entypo-fontello' title='' data-avia-related-tooltip='Compartir en Facebook' rel=\"noopener\"><span class='avia_hidden_link_text'>Compartir en Facebook<\/span><\/a><\/li><li class='av-share-link av-social-link-twitter' ><a target=\"_blank\" aria-label=\"Compartir en Twitter\" href='https:\/\/twitter.com\/share?text=Internos%20del%20CET%20Valle%20Verde%20se%20capacitan%20en%20elaboraci%C3%B3n%20de%20vibrocomprimidos&#038;url=https:\/\/radiorevelacionfm.cl\/?p=12333' aria-hidden='false' data-av_icon='\ue8f1' data-av_iconfont='entypo-fontello' title='' data-avia-related-tooltip='Compartir en Twitter' rel=\"noopener\"><span class='avia_hidden_link_text'>Compartir en Twitter<\/span><\/a><\/li><li class='av-share-link av-social-link-whatsapp' ><a target=\"_blank\" aria-label=\"Compartir en Whatsapp\" href='https:\/\/api.whatsapp.com\/send?text=https:\/\/radiorevelacionfm.cl\/?p=12333' aria-hidden='false' data-av_icon='\uf232' data-av_iconfont='entypo-fontello' title='' data-avia-related-tooltip='Compartir en Whatsapp' rel=\"noopener\"><span class='avia_hidden_link_text'>Compartir en Whatsapp<\/span><\/a><\/li><li class='av-share-link av-social-link-linkedin' ><a target=\"_blank\" aria-label=\"Compartir en LinkedIn\" href='https:\/\/linkedin.com\/shareArticle?mini=true&#038;title=Internos%20del%20CET%20Valle%20Verde%20se%20capacitan%20en%20elaboraci%C3%B3n%20de%20vibrocomprimidos&#038;url=https:\/\/radiorevelacionfm.cl\/?p=12333' aria-hidden='false' data-av_icon='\ue8fc' data-av_iconfont='entypo-fontello' title='' data-avia-related-tooltip='Compartir en LinkedIn' rel=\"noopener\"><span class='avia_hidden_link_text'>Compartir en LinkedIn<\/span><\/a><\/li><li class='av-share-link av-social-link-mail' ><a  aria-label=\"Compartir por correo\" href='mailto:?subject=Internos%20del%20CET%20Valle%20Verde%20se%20capacitan%20en%20elaboraci%C3%B3n%20de%20vibrocomprimidos&#038;body=https:\/\/radiorevelacionfm.cl\/?p=12333' aria-hidden='false' data-av_icon='\ue805' data-av_iconfont='entypo-fontello' title='' data-avia-related-tooltip='Compartir por correo'><span class='avia_hidden_link_text'>Compartir por correo<\/span><\/a><\/li><\/ul><\/div><\/div>\n<div  style='height:50px' class='hr hr-invisible   avia-builder-el-8  el_after_av_social_share  el_before_av_comments_list '><span class='hr-inner ' ><span class='hr-inner-style'><\/span><\/span><\/div>\n<div  class='av-buildercomment  av-blog-meta-html-info-disabled av-blog-meta-tag-disabled  '><\/div>\n","protected":false},"excerpt":{"rendered":"","protected":false},"author":1,"featured_media":12334,"comment_status":"open","ping_status":"open","sticky":false,"template":"","format":"standard","meta":{"footnotes":""},"categories":[38],"tags":[],"class_list":["post-12333","post","type-post","status-publish","format-standard","has-post-thumbnail","hentry","category-regional"],"jetpack_featured_media_url":"https:\/\/radiorevelacionfm.cl\/wp-content\/uploads\/2021\/12\/capacitacion-gendarmeria-2_optimized.jpg","_links":{"self":[{"href":"https:\/\/radiorevelacionfm.cl\/index.php?rest_route=\/wp\/v2\/posts\/12333","targetHints":{"allow":["GET"]}}],"collection":[{"href":"https:\/\/radiorevelacionfm.cl\/index.php?rest_route=\/wp\/v2\/posts"}],"about":[{"href":"https:\/\/radiorevelacionfm.cl\/index.php?rest_route=\/wp\/v2\/types\/post"}],"author":[{"embeddable":true,"href":"https:\/\/radiorevelacionfm.cl\/index.php?rest_route=\/wp\/v2\/users\/1"}],"replies":[{"embeddable":true,"href":"https:\/\/radiorevelacionfm.cl\/index.php?rest_route=%2Fwp%2Fv2%2Fcomments&post=12333"}],"version-history":[{"count":3,"href":"https:\/\/radiorevelacionfm.cl\/index.php?rest_route=\/wp\/v2\/posts\/12333\/revisions"}],"predecessor-version":[{"id":12345,"href":"https:\/\/radiorevelacionfm.cl\/index.php?rest_route=\/wp\/v2\/posts\/12333\/revisions\/12345"}],"wp:featuredmedia":[{"embeddable":true,"href":"https:\/\/radiorevelacionfm.cl\/index.php?rest_route=\/wp\/v2\/media\/12334"}],"wp:attachment":[{"href":"https:\/\/radiorevelacionfm.cl\/index.php?rest_route=%2Fwp%2Fv2%2Fmedia&parent=12333"}],"wp:term":[{"taxonomy":"category","embeddable":true,"href":"https:\/\/radiorevelacionfm.cl\/index.php?rest_route=%2Fwp%2Fv2%2Fcategories&post=12333"},{"taxonomy":"post_tag","embeddable":true,"href":"https:\/\/radiorevelacionfm.cl\/index.php?rest_route=%2Fwp%2Fv2%2Ftags&post=12333"}],"curies":[{"name":"wp","href":"https:\/\/api.w.org\/{rel}","templated":true}]}}