{"id":12330,"date":"2021-12-29T10:10:02","date_gmt":"2021-12-29T13:10:02","guid":{"rendered":"https:\/\/radiorevelacionfm.cl\/?p=12330"},"modified":"2021-12-29T10:10:02","modified_gmt":"2021-12-29T13:10:02","slug":"encuentro-de-bordadoras-del-baker-culmina-con-exhibicion-de-mural-textil","status":"publish","type":"post","link":"https:\/\/radiorevelacionfm.cl\/?p=12330","title":{"rendered":"Encuentro de bordadoras del Baker culmina con exhibici\u00f3n de mural textil"},"content":{"rendered":"<div class=\"flex_column av_one_full  flex_column_div av-zero-column-padding first  avia-builder-el-0  el_before_av_one_full  avia-builder-el-first  \" style='border-radius:0px; '><div  class='avia-image-container  av-styling-    avia-builder-el-1  avia-builder-el-no-sibling  avia-align-center '  itemprop=\"image\" itemscope=\"itemscope\" itemtype=\"https:\/\/schema.org\/ImageObject\"  ><div class='avia-image-container-inner'><div class='avia-image-overlay-wrap'><img decoding=\"async\" class='wp-image-12331 avia-img-lazy-loading-not-12331 avia_image' src=\"https:\/\/radiorevelacionfm.cl\/wp-content\/uploads\/2021\/12\/bordadoras-baker-2_optimized.jpg\" alt='' title='bordadoras-baker-2_optimized' height=\"600\" width=\"800\"  itemprop=\"thumbnailUrl\" srcset=\"https:\/\/radiorevelacionfm.cl\/wp-content\/uploads\/2021\/12\/bordadoras-baker-2_optimized.jpg 800w, https:\/\/radiorevelacionfm.cl\/wp-content\/uploads\/2021\/12\/bordadoras-baker-2_optimized-300x225.jpg 300w, https:\/\/radiorevelacionfm.cl\/wp-content\/uploads\/2021\/12\/bordadoras-baker-2_optimized-768x576.jpg 768w, https:\/\/radiorevelacionfm.cl\/wp-content\/uploads\/2021\/12\/bordadoras-baker-2_optimized-705x529.jpg 705w, https:\/\/radiorevelacionfm.cl\/wp-content\/uploads\/2021\/12\/bordadoras-baker-2_optimized-600x450.jpg 600w\" sizes=\"(max-width: 800px) 100vw, 800px\" \/><\/div><\/div><\/div><\/div><div class=\"flex_column av_one_full  flex_column_div av-zero-column-padding first  avia-builder-el-2  el_after_av_one_full  el_before_av_one_full  column-top-margin\" style='border-radius:0px; '><section class=\"av_textblock_section \"  itemscope=\"itemscope\" itemtype=\"https:\/\/schema.org\/BlogPosting\" itemprop=\"blogPost\" ><div class='avia_textblock  '   itemprop=\"text\" ><p style=\"text-align: center;\"><span style=\"font-size: 18pt;\"><strong>Encuentro de bordadoras del Baker culmina con exhibici\u00f3n de mural textil<\/strong><\/span><\/p>\n<div id=\"gtx-trans\" style=\"position: absolute; left: -50px; top: 4.31534px;\">\n<div class=\"gtx-trans-icon\"><\/div>\n<\/div>\n<\/div><\/section><\/div><div class=\"flex_column av_one_full  flex_column_div av-zero-column-padding first  avia-builder-el-4  el_after_av_one_full  el_before_av_hr  column-top-margin\" style='border-radius:0px; '><section class=\"av_textblock_section \"  itemscope=\"itemscope\" itemtype=\"https:\/\/schema.org\/BlogPosting\" itemprop=\"blogPost\" ><div class='avia_textblock  '   itemprop=\"text\" ><p style=\"text-align: justify;\">Al sur de la Regi\u00f3n de Ays\u00e9n, desde las profundidades rurales como el Valle Colonia, el Lago Vargas, el Lago Cochrane, el sector de San Lorenzo, El Mait\u00e9n y Los \u00d1adis, las Bordadoras del Baker viajaron rumbo a la localidad de Cochrane en la misma comuna. Algunas en bote y otras en buses rurales, para poder reunirse y dar vida al primer Encuentro de Bordadoras, que convoc\u00f3 a un total de 18 representantes de esta tradici\u00f3n textil que hace unos a\u00f1os parec\u00eda casi olvidada en la regi\u00f3n. Hoy, esta y otras iniciativas -como el documental \u201cBordadoras del Baker\u201d y el libro en proceso \u201cBordados con Historia\u201d- buscan revalorizar este oficio patrimonial que se ha ido transmitiendo entre abuelas, madres e hijas y que se basa en el bordado de piezas textiles para el hogar y accesorios para la vestimenta gaucha como tabaqueras y pa\u00f1uelos.<\/p>\n<p style=\"text-align: justify;\">\u201cEste Encuentro nace, tras dos intensos a\u00f1os de pandemia, con el esp\u00edritu de aportar al fortalecimiento del oficio del bordado patag\u00f3n, abriendo un espacio de re-encuentro, di\u00e1logo, intercambio de saberes y t\u00e9cnicas, experiencias creativas y aprendizaje colaborativo entre bordadoras. Durante cuatro d\u00edas, participaron de talleres basados en metodolog\u00edas pr\u00e1cticas y facilitados por un equipo multidisciplinario de mujeres. D\u00eda a d\u00eda, fuimos construyendo un Mural Textil -que hoy se exhibe en el Mercado Municipal de Cochrane- y filmamos un microdocumental que narrar\u00e1 esta experiencia de bordar en comunidad\u201d, cuenta Catalina Camus, historiadora y periodista -quien junto a la dise\u00f1adora textil Francisca Vidal- desarrollaron esta iniciativa financiada por el Fondo Nacional de Desarrollo Cultural y de las Artes, Convocatoria 2021.<\/p>\n<p style=\"text-align: justify;\"><strong>Explorando el Jard\u00edn del Baker<\/strong><\/p>\n<p style=\"text-align: justify;\">Todo comenz\u00f3 en noviembre. Un mes antes de llegar al Encuentro, se les encomend\u00f3 a las bordadoras una tarea creativa. Cada una recibi\u00f3 en su casa un Botiqu\u00edn Textil, con madejas de hilos, agujas, un l\u00e1piz para marcar, un pedazo de tela y una carta, que invitaba a participar del Encuentro y a bordar su flor favorita. \u201cCuando me lleg\u00f3 la bolsa con la invitaci\u00f3n, me sent\u00ed importante, me dio mucha alegr\u00eda\u201d, coment\u00f3 la bordadora Macedonia Maldonado.<\/p>\n<p style=\"text-align: justify;\">Amapolas, pensamientos, clavelines, no me olvides, cartuchos, rosas y chilcos fueron algunas de las flores elegidas para la tarea y bordadas en los m\u00e1s diversos colores y puntadas. El primer d\u00eda del Encuentro cada una se present\u00f3 junto a su bordado y lo dispuso sobre la tela blanca, para comenzar a componer el Mural Textil denominado \u201cEl Jard\u00edn del Baker\u201d, en homenaje a sus dise\u00f1os inspirados en las flores que ellas mismas cultivan en sus jard\u00ednes y en la flora nativa, el motivo principal del Encuentro.<\/p>\n<p style=\"text-align: justify;\">El D\u00eda de Campo fue una de las jornadas m\u00e1s emotivas. Hacia el sur, el grupo se traslad\u00f3 rumbo a las tierras de la bordadora Marisol Pizarro, entre coig\u00fces y lengas, con vista al Cord\u00f3n de Los \u00d1adis y junto al r\u00edo del mismo nombre. En este laboratorio natural, se realiz\u00f3 una salida al bosque para explorar, registrar y bordar las flores nativas, junto a la agr\u00f3noma y escritora Josefina Hepp. Con lupa en mano, las bordadoras pudieron ver por primera vez los detalles y las texturas de las flores. Mientras que en la prensa bot\u00e1nica iban dejando los elementos recolectados y en la croquera dibujaban las formas que llamaban su atenci\u00f3n. Flor del ciruelillo, siete camisas, capachito, zapatito de la virgen y hojas de \u00e1rboles nativos aparecieron en su imaginario, los cuales luego fueron llevados al bordado en el taller dirigido por la artista y bordadora Pilar Godoy, quien abri\u00f3 un espacio pr\u00e1ctico que les permiti\u00f3 arrojar en la tela y traducir en su propio idioma las especies nativas recolectadas.<\/p>\n<p style=\"text-align: justify;\"><strong>El bordado y los lazos comunitarios<\/strong><\/p>\n<p style=\"text-align: justify;\">Co-crear este Mural Textil a trav\u00e9s de los ejercicios textiles del Encuentro fue uno de los prop\u00f3sitos, pero tambi\u00e9n generar espacios que permitieran fortalecer los v\u00ednculos comunitarios entre ellas, ya que todas suelen bordar solitariamente en sus casas y, por primera vez, se atrevieron a juntarse y compartir el oficio. \u201cFue una instancia de reencuentro, nos permiti\u00f3 compartir esta afici\u00f3n por el bordado\u2026 Agradecer la instancia que nos sirvi\u00f3 de motivaci\u00f3n, todas queremos ojal\u00e1 poder mejorar lo que ya hacemos, a las profesionales que nos mostraron desde otra perspectiva lo que podemos capturar de la naturaleza y llevarlo a nuestros bordados\u201d, coment\u00f3 la bordadora Ester Hern\u00e1ndez. Tambi\u00e9n agreg\u00f3 que la pr\u00f3xima versi\u00f3n podr\u00eda ser en su campo, en El Mait\u00e9n y coment\u00f3 sobre los beneficios que tuvo esta actividad para las bordadoras. \u201cEsperamos que se repita, porque nos hace bien como mujeres estar reunidas, compartir nuestras experiencias, nuestras penas y alegr\u00edas, y saber que lo que nos pasa a una nos pasa a todas\u201d.<\/p>\n<p style=\"text-align: justify;\">Durante la \u00faltima jornada, las bordadoras recibieron la certificaci\u00f3n del Encuentro y presentaron a la comunidad los resultados en un pa\u00f1o colmado de flores titulado \u201cEl Jard\u00edn del Baker\u201d, Mural Textil que se exhibir\u00e1 durante todo el verano en Cochrane y que viajar\u00e1 por diversos territorios poniendo en el mapa de las comunidades bordadoras del pa\u00eds a las Bordadoras del Baker.<\/p>\n<p style=\"text-align: justify;\">Finalmente, cabe se\u00f1alar que esta iniciativa es apoyada por la Ilustre Municipalidad de Cochrane, Corporaci\u00f3n Pulso Austral, Nido Textil, Fundaci\u00f3n Chilco, Comit\u00e9 Nacional de Conservaci\u00f3n Textil, Fundaci\u00f3n Artesan\u00edas de Chile, Artesanos en Feria y ONG Oficios Varios.<\/p>\n<\/div><\/section><\/div><div  style='height:50px' class='hr hr-invisible   avia-builder-el-6  el_after_av_one_full  el_before_av_social_share '><span class='hr-inner ' ><span class='hr-inner-style'><\/span><\/span><\/div><\/p>\n<div  class='av-social-sharing-box  avia-builder-el-7  el_after_av_hr  el_before_av_hr  '><div class='av-share-box'><h5 class='av-share-link-description av-no-toc '>Compartir esta noticia<\/h5><ul class='av-share-box-list noLightbox'><li class='av-share-link av-social-link-facebook' ><a target=\"_blank\" aria-label=\"Compartir en Facebook\" href='https:\/\/www.facebook.com\/sharer.php?u=https:\/\/radiorevelacionfm.cl\/?p=12330&#038;t=Encuentro%20de%20bordadoras%20del%20Baker%20culmina%20con%20exhibici%C3%B3n%20de%20mural%20textil' aria-hidden='false' data-av_icon='\ue8f3' data-av_iconfont='entypo-fontello' title='' data-avia-related-tooltip='Compartir en Facebook' rel=\"noopener\"><span class='avia_hidden_link_text'>Compartir en Facebook<\/span><\/a><\/li><li class='av-share-link av-social-link-twitter' ><a target=\"_blank\" aria-label=\"Compartir en Twitter\" href='https:\/\/twitter.com\/share?text=Encuentro%20de%20bordadoras%20del%20Baker%20culmina%20con%20exhibici%C3%B3n%20de%20mural%20textil&#038;url=https:\/\/radiorevelacionfm.cl\/?p=12330' aria-hidden='false' data-av_icon='\ue8f1' data-av_iconfont='entypo-fontello' title='' data-avia-related-tooltip='Compartir en Twitter' rel=\"noopener\"><span class='avia_hidden_link_text'>Compartir en Twitter<\/span><\/a><\/li><li class='av-share-link av-social-link-whatsapp' ><a target=\"_blank\" aria-label=\"Compartir en Whatsapp\" href='https:\/\/api.whatsapp.com\/send?text=https:\/\/radiorevelacionfm.cl\/?p=12330' aria-hidden='false' data-av_icon='\uf232' data-av_iconfont='entypo-fontello' title='' data-avia-related-tooltip='Compartir en Whatsapp' rel=\"noopener\"><span class='avia_hidden_link_text'>Compartir en Whatsapp<\/span><\/a><\/li><li class='av-share-link av-social-link-linkedin' ><a target=\"_blank\" aria-label=\"Compartir en LinkedIn\" href='https:\/\/linkedin.com\/shareArticle?mini=true&#038;title=Encuentro%20de%20bordadoras%20del%20Baker%20culmina%20con%20exhibici%C3%B3n%20de%20mural%20textil&#038;url=https:\/\/radiorevelacionfm.cl\/?p=12330' aria-hidden='false' data-av_icon='\ue8fc' data-av_iconfont='entypo-fontello' title='' data-avia-related-tooltip='Compartir en LinkedIn' rel=\"noopener\"><span class='avia_hidden_link_text'>Compartir en LinkedIn<\/span><\/a><\/li><li class='av-share-link av-social-link-mail' ><a  aria-label=\"Compartir por correo\" href='mailto:?subject=Encuentro%20de%20bordadoras%20del%20Baker%20culmina%20con%20exhibici%C3%B3n%20de%20mural%20textil&#038;body=https:\/\/radiorevelacionfm.cl\/?p=12330' aria-hidden='false' data-av_icon='\ue805' data-av_iconfont='entypo-fontello' title='' data-avia-related-tooltip='Compartir por correo'><span class='avia_hidden_link_text'>Compartir por correo<\/span><\/a><\/li><\/ul><\/div><\/div>\n<div  style='height:50px' class='hr hr-invisible   avia-builder-el-8  el_after_av_social_share  el_before_av_comments_list '><span class='hr-inner ' ><span class='hr-inner-style'><\/span><\/span><\/div>\n<div  class='av-buildercomment  av-blog-meta-html-info-disabled av-blog-meta-tag-disabled  '><\/div>\n","protected":false},"excerpt":{"rendered":"","protected":false},"author":1,"featured_media":12331,"comment_status":"open","ping_status":"open","sticky":false,"template":"","format":"standard","meta":{"footnotes":""},"categories":[38],"tags":[],"class_list":["post-12330","post","type-post","status-publish","format-standard","has-post-thumbnail","hentry","category-regional"],"jetpack_featured_media_url":"https:\/\/radiorevelacionfm.cl\/wp-content\/uploads\/2021\/12\/bordadoras-baker-2_optimized.jpg","_links":{"self":[{"href":"https:\/\/radiorevelacionfm.cl\/index.php?rest_route=\/wp\/v2\/posts\/12330","targetHints":{"allow":["GET"]}}],"collection":[{"href":"https:\/\/radiorevelacionfm.cl\/index.php?rest_route=\/wp\/v2\/posts"}],"about":[{"href":"https:\/\/radiorevelacionfm.cl\/index.php?rest_route=\/wp\/v2\/types\/post"}],"author":[{"embeddable":true,"href":"https:\/\/radiorevelacionfm.cl\/index.php?rest_route=\/wp\/v2\/users\/1"}],"replies":[{"embeddable":true,"href":"https:\/\/radiorevelacionfm.cl\/index.php?rest_route=%2Fwp%2Fv2%2Fcomments&post=12330"}],"version-history":[{"count":2,"href":"https:\/\/radiorevelacionfm.cl\/index.php?rest_route=\/wp\/v2\/posts\/12330\/revisions"}],"predecessor-version":[{"id":12346,"href":"https:\/\/radiorevelacionfm.cl\/index.php?rest_route=\/wp\/v2\/posts\/12330\/revisions\/12346"}],"wp:featuredmedia":[{"embeddable":true,"href":"https:\/\/radiorevelacionfm.cl\/index.php?rest_route=\/wp\/v2\/media\/12331"}],"wp:attachment":[{"href":"https:\/\/radiorevelacionfm.cl\/index.php?rest_route=%2Fwp%2Fv2%2Fmedia&parent=12330"}],"wp:term":[{"taxonomy":"category","embeddable":true,"href":"https:\/\/radiorevelacionfm.cl\/index.php?rest_route=%2Fwp%2Fv2%2Fcategories&post=12330"},{"taxonomy":"post_tag","embeddable":true,"href":"https:\/\/radiorevelacionfm.cl\/index.php?rest_route=%2Fwp%2Fv2%2Ftags&post=12330"}],"curies":[{"name":"wp","href":"https:\/\/api.w.org\/{rel}","templated":true}]}}