{"id":12322,"date":"2021-12-29T09:11:26","date_gmt":"2021-12-29T12:11:26","guid":{"rendered":"https:\/\/radiorevelacionfm.cl\/?p=12322"},"modified":"2021-12-29T09:11:26","modified_gmt":"2021-12-29T12:11:26","slug":"jefa-de-la-division-de-atencion-primaria-del-minsal-visito-cesfam-de-coyhaique-y-puerto-aysen","status":"publish","type":"post","link":"https:\/\/radiorevelacionfm.cl\/?p=12322","title":{"rendered":"Jefa de la Divisi\u00f3n de Atenci\u00f3n Primaria del MINSAL visit\u00f3 CESFAM de Coyhaique y Puerto Ays\u00e9n"},"content":{"rendered":"<div class=\"flex_column av_one_full  flex_column_div av-zero-column-padding first  avia-builder-el-0  el_before_av_one_full  avia-builder-el-first  \" style='border-radius:0px; '><div  class='avia-image-container  av-styling-    avia-builder-el-1  avia-builder-el-no-sibling  avia-align-center '  itemprop=\"image\" itemscope=\"itemscope\" itemtype=\"https:\/\/schema.org\/ImageObject\"  ><div class='avia-image-container-inner'><div class='avia-image-overlay-wrap'><img decoding=\"async\" class='wp-image-12323 avia-img-lazy-loading-not-12323 avia_image' src=\"https:\/\/radiorevelacionfm.cl\/wp-content\/uploads\/2021\/12\/aps-05-2_optimized.jpeg\" alt='' title='aps-05-2_optimized' height=\"600\" width=\"900\"  itemprop=\"thumbnailUrl\" srcset=\"https:\/\/radiorevelacionfm.cl\/wp-content\/uploads\/2021\/12\/aps-05-2_optimized.jpeg 900w, https:\/\/radiorevelacionfm.cl\/wp-content\/uploads\/2021\/12\/aps-05-2_optimized-300x200.jpeg 300w, https:\/\/radiorevelacionfm.cl\/wp-content\/uploads\/2021\/12\/aps-05-2_optimized-768x512.jpeg 768w, https:\/\/radiorevelacionfm.cl\/wp-content\/uploads\/2021\/12\/aps-05-2_optimized-705x470.jpeg 705w, https:\/\/radiorevelacionfm.cl\/wp-content\/uploads\/2021\/12\/aps-05-2_optimized-600x400.jpeg 600w\" sizes=\"(max-width: 900px) 100vw, 900px\" \/><\/div><\/div><\/div><\/div><div class=\"flex_column av_one_full  flex_column_div av-zero-column-padding first  avia-builder-el-2  el_after_av_one_full  el_before_av_one_full  column-top-margin\" style='border-radius:0px; '><section class=\"av_textblock_section \"  itemscope=\"itemscope\" itemtype=\"https:\/\/schema.org\/BlogPosting\" itemprop=\"blogPost\" ><div class='avia_textblock  '   itemprop=\"text\" ><p style=\"text-align: center;\"><span style=\"font-size: 18pt;\"><strong>Jefa de la Divisi\u00f3n de Atenci\u00f3n Primaria del MINSAL visit\u00f3 CESFAM de Coyhaique y Puerto Ays\u00e9n<\/strong><\/span><\/p>\n<div id=\"gtx-trans\" style=\"position: absolute; left: -50px; top: 4.31534px;\">\n<div class=\"gtx-trans-icon\"><\/div>\n<\/div>\n<\/div><\/section><\/div><div class=\"flex_column av_one_full  flex_column_div av-zero-column-padding first  avia-builder-el-4  el_after_av_one_full  el_before_av_hr  column-top-margin\" style='border-radius:0px; '><section class=\"av_textblock_section \"  itemscope=\"itemscope\" itemtype=\"https:\/\/schema.org\/BlogPosting\" itemprop=\"blogPost\" ><div class='avia_textblock  '   itemprop=\"text\" ><p style=\"text-align: justify;\">D\u00edas de intenso trabajo recorriendo algunos establecimientos como el CESFAM Dr. Alejandro Guti\u00e9rrez de Coyhaique y el CESFAM de Puerto Ays\u00e9n, que funciona en el antiguo Hospital de la ciudad porte\u00f1a, adem\u00e1s de intensas reuniones con los diversos equipos de la Red Asistencial , sostuvo la jefa de la Divisi\u00f3n de Atenci\u00f3n Primaria de la Subsecretar\u00eda de Redes Asistenciales, Adriana Tapia Cifuentes, quien junto a Gisella Schaffer, Jefa del Departamento de Gesti\u00f3n Operacional de la DIVAP, tuvieron el pasado lunes 27 y martes 28 de diciembre, empaparse de la realidad que en materia de salud p\u00fablica se vive en la Regi\u00f3n de Ays\u00e9n.<\/p>\n<p style=\"text-align: justify;\">\u201cEsta es una visita que ven\u00edamos programando hace bastante tiempo, con la idea de conocer en terreno cu\u00e1l es la realidad de la atenci\u00f3n primaria en la regi\u00f3n y lo primero que hicimos fue visitar un Centro de Salud Familiar en Coyhaique donde funciona un SAPU y hoy estamos conociendo la situaci\u00f3n que se est\u00e1 viviendo aqu\u00ed en el CESFAM de Puerto Ays\u00e9n junto a su director que est\u00e1 muy motivado, compenetrado y feliz de dirigir este centro de salud, trazando l\u00edneas para ver c\u00f3mo mejoramos la calidad en la atenci\u00f3n, c\u00f3mo damos mayor oportunidad a las personas y cu\u00e1les son los efectos que ha tenido la pandemia en todo el trabajo de estos dos a\u00f1os\u201d, expres\u00f3 la Doctora Adriana Tapia.<\/p>\n<p style=\"text-align: justify;\">La jefa de la APS desde el MINSAL, tuvo palabras de valoraci\u00f3n para el enorme despliegue y compromiso de los trabajadores de la salud \u201cfelicito a los equipos de salud de toda la regi\u00f3n, porque han hecho un trabajo incre\u00edble, tanto en la atenci\u00f3n primaria como en el nivel secundario y terciario (hospitalario) pero principalmente en la atenci\u00f3n primaria, que es lo que a m\u00ed me toca y en todas las estrategias de la atenci\u00f3n: la atenci\u00f3n domiciliaria, la entrega de medicamentos, la hospitalizaci\u00f3n domiciliaria, la separaci\u00f3n de espacios, el aumento de atenci\u00f3n de las urgencias, la vacunaci\u00f3n, el testeo y trazabilidad. Lo importante es que esta regi\u00f3n ha apechugado de gran manera, as\u00ed es que felicitarlos a todos, pero tambi\u00e9n les hemos dejado tareas, este trabajo no termina y eso significa que hay que empezar a retomar todo lo que empezamos a hacer en materia de detecci\u00f3n, promoci\u00f3n de la salud, prevenci\u00f3n de las enfermedades cr\u00f3nicas, de los problemas de salud mental y de tantos otros que dejamos de hacer en este periodo solamente abocados a combatir la pandemia\u201d, enfatiz\u00f3.<\/p>\n<p style=\"text-align: justify;\">Por su parte, Cesar Reguero, Director del Centro de Salud Familiar de Puerto Ays\u00e9n, no ocult\u00f3 su satisfacci\u00f3n de que su establecimiento est\u00e9 contemplado entre los proyectos de mejoras que se pretenden efectuar por parte de las autoridades \u201cestamos muy alegres de que una autoridad como la doctora Tapia, encargada de la APS a nivel ministerial venga a una ciudad como Puerto Ays\u00e9n para conocer la realidad que tenemos, c\u00f3mo trabajamos y c\u00f3mo ha sido este proceso de consolidaci\u00f3n de la atenci\u00f3n primaria. Conversamos sobre c\u00f3mo ha sido nuestro proceso de trabajo en cuanto a combatir el COVID, c\u00f3mo nos hemos desempe\u00f1ado para lograr los buenos indicadores en vacunaci\u00f3n y tambi\u00e9n sobre nuestro futuro, c\u00f3mo se vienen los proyectos de inversi\u00f3n para mejorar la calidad de vida, tanto de los funcionarios como de la poblaci\u00f3n\u201d.<\/p>\n<p style=\"text-align: justify;\">Finalmente, Gabriel Burgos, Director del Servicio de Salud Ays\u00e9n, marc\u00f3 el \u00e9nfasis en que la presencia de la delegaci\u00f3n de la Subsecretar\u00eda de Redes Asistenciales ha sido de gran importancia para que conozcan a fondo nuestra realidad y nos ayuden a reducir las brechas existentes.<\/p>\n<p style=\"text-align: justify;\">\u201cEs muy importante que se empapen de la situaci\u00f3n; hoy hicimos un recorrido por el CESFAM de Puerto Ays\u00e9n, le comentamos de lo que se ha podido trabajar en cuanto a los proyectos que vimos este a\u00f1o en cuanto a mejoras el\u00e9ctricas, de techumbre, y otros que tenemos en carpeta con la municipalidad, como lo es la calefacci\u00f3n y pudimos comentarle respecto al futuro proyecto del CESFAM de Puerto Ays\u00e9n y Coyhaique. Hemos tenido reuniones de trabajo para poder mostrarles la realidad de nuestra regi\u00f3n, ya que es distinta a la realidad que tienen otras regiones en el pa\u00eds, entendiendo que el servicio de salud aqu\u00ed tiene a cargo la atenci\u00f3n primaria, cosa muy distinta a lo que ocurre en otras partes de Chile\u201d, concluy\u00f3 el Director de la Red Asistencial de Ays\u00e9n.<\/p>\n<\/div><\/section><\/div><div  style='height:50px' class='hr hr-invisible   avia-builder-el-6  el_after_av_one_full  el_before_av_social_share '><span class='hr-inner ' ><span class='hr-inner-style'><\/span><\/span><\/div><\/p>\n<div  class='av-social-sharing-box  avia-builder-el-7  el_after_av_hr  el_before_av_hr  '><div class='av-share-box'><h5 class='av-share-link-description av-no-toc '>Compartir esta noticia<\/h5><ul class='av-share-box-list noLightbox'><li class='av-share-link av-social-link-facebook' ><a target=\"_blank\" aria-label=\"Compartir en Facebook\" href='https:\/\/www.facebook.com\/sharer.php?u=https:\/\/radiorevelacionfm.cl\/?p=12322&#038;t=Jefa%20de%20la%20Divisi%C3%B3n%20de%20Atenci%C3%B3n%20Primaria%20del%20MINSAL%20visit%C3%B3%20CESFAM%20de%20Coyhaique%20y%20Puerto%20Ays%C3%A9n' aria-hidden='false' data-av_icon='\ue8f3' data-av_iconfont='entypo-fontello' title='' data-avia-related-tooltip='Compartir en Facebook' rel=\"noopener\"><span class='avia_hidden_link_text'>Compartir en Facebook<\/span><\/a><\/li><li class='av-share-link av-social-link-twitter' ><a target=\"_blank\" aria-label=\"Compartir en Twitter\" href='https:\/\/twitter.com\/share?text=Jefa%20de%20la%20Divisi%C3%B3n%20de%20Atenci%C3%B3n%20Primaria%20del%20MINSAL%20visit%C3%B3%20CESFAM%20de%20Coyhaique%20y%20Puerto%20Ays%C3%A9n&#038;url=https:\/\/radiorevelacionfm.cl\/?p=12322' aria-hidden='false' data-av_icon='\ue8f1' data-av_iconfont='entypo-fontello' title='' data-avia-related-tooltip='Compartir en Twitter' rel=\"noopener\"><span class='avia_hidden_link_text'>Compartir en Twitter<\/span><\/a><\/li><li class='av-share-link av-social-link-whatsapp' ><a target=\"_blank\" aria-label=\"Compartir en Whatsapp\" href='https:\/\/api.whatsapp.com\/send?text=https:\/\/radiorevelacionfm.cl\/?p=12322' aria-hidden='false' data-av_icon='\uf232' data-av_iconfont='entypo-fontello' title='' data-avia-related-tooltip='Compartir en Whatsapp' rel=\"noopener\"><span class='avia_hidden_link_text'>Compartir en Whatsapp<\/span><\/a><\/li><li class='av-share-link av-social-link-linkedin' ><a target=\"_blank\" aria-label=\"Compartir en LinkedIn\" href='https:\/\/linkedin.com\/shareArticle?mini=true&#038;title=Jefa%20de%20la%20Divisi%C3%B3n%20de%20Atenci%C3%B3n%20Primaria%20del%20MINSAL%20visit%C3%B3%20CESFAM%20de%20Coyhaique%20y%20Puerto%20Ays%C3%A9n&#038;url=https:\/\/radiorevelacionfm.cl\/?p=12322' aria-hidden='false' data-av_icon='\ue8fc' data-av_iconfont='entypo-fontello' title='' data-avia-related-tooltip='Compartir en LinkedIn' rel=\"noopener\"><span class='avia_hidden_link_text'>Compartir en LinkedIn<\/span><\/a><\/li><li class='av-share-link av-social-link-mail' ><a  aria-label=\"Compartir por correo\" href='mailto:?subject=Jefa%20de%20la%20Divisi%C3%B3n%20de%20Atenci%C3%B3n%20Primaria%20del%20MINSAL%20visit%C3%B3%20CESFAM%20de%20Coyhaique%20y%20Puerto%20Ays%C3%A9n&#038;body=https:\/\/radiorevelacionfm.cl\/?p=12322' aria-hidden='false' data-av_icon='\ue805' data-av_iconfont='entypo-fontello' title='' data-avia-related-tooltip='Compartir por correo'><span class='avia_hidden_link_text'>Compartir por correo<\/span><\/a><\/li><\/ul><\/div><\/div>\n<div  style='height:50px' class='hr hr-invisible   avia-builder-el-8  el_after_av_social_share  el_before_av_comments_list '><span class='hr-inner ' ><span class='hr-inner-style'><\/span><\/span><\/div>\n<div  class='av-buildercomment  av-blog-meta-html-info-disabled av-blog-meta-tag-disabled  '><\/div>\n","protected":false},"excerpt":{"rendered":"","protected":false},"author":1,"featured_media":12323,"comment_status":"open","ping_status":"open","sticky":false,"template":"","format":"standard","meta":{"footnotes":""},"categories":[46],"tags":[],"class_list":["post-12322","post","type-post","status-publish","format-standard","has-post-thumbnail","hentry","category-salud"],"jetpack_featured_media_url":"https:\/\/radiorevelacionfm.cl\/wp-content\/uploads\/2021\/12\/aps-05-2_optimized.jpeg","_links":{"self":[{"href":"https:\/\/radiorevelacionfm.cl\/index.php?rest_route=\/wp\/v2\/posts\/12322","targetHints":{"allow":["GET"]}}],"collection":[{"href":"https:\/\/radiorevelacionfm.cl\/index.php?rest_route=\/wp\/v2\/posts"}],"about":[{"href":"https:\/\/radiorevelacionfm.cl\/index.php?rest_route=\/wp\/v2\/types\/post"}],"author":[{"embeddable":true,"href":"https:\/\/radiorevelacionfm.cl\/index.php?rest_route=\/wp\/v2\/users\/1"}],"replies":[{"embeddable":true,"href":"https:\/\/radiorevelacionfm.cl\/index.php?rest_route=%2Fwp%2Fv2%2Fcomments&post=12322"}],"version-history":[{"count":2,"href":"https:\/\/radiorevelacionfm.cl\/index.php?rest_route=\/wp\/v2\/posts\/12322\/revisions"}],"predecessor-version":[{"id":12339,"href":"https:\/\/radiorevelacionfm.cl\/index.php?rest_route=\/wp\/v2\/posts\/12322\/revisions\/12339"}],"wp:featuredmedia":[{"embeddable":true,"href":"https:\/\/radiorevelacionfm.cl\/index.php?rest_route=\/wp\/v2\/media\/12323"}],"wp:attachment":[{"href":"https:\/\/radiorevelacionfm.cl\/index.php?rest_route=%2Fwp%2Fv2%2Fmedia&parent=12322"}],"wp:term":[{"taxonomy":"category","embeddable":true,"href":"https:\/\/radiorevelacionfm.cl\/index.php?rest_route=%2Fwp%2Fv2%2Fcategories&post=12322"},{"taxonomy":"post_tag","embeddable":true,"href":"https:\/\/radiorevelacionfm.cl\/index.php?rest_route=%2Fwp%2Fv2%2Ftags&post=12322"}],"curies":[{"name":"wp","href":"https:\/\/api.w.org\/{rel}","templated":true}]}}