{"id":12319,"date":"2021-12-28T19:55:11","date_gmt":"2021-12-28T22:55:11","guid":{"rendered":"https:\/\/radiorevelacionfm.cl\/?p=12319"},"modified":"2021-12-28T19:55:11","modified_gmt":"2021-12-28T22:55:11","slug":"alcalde-de-aysen-lamenta-inaccion-del-ministerio-de-desarrollo-social-para-reponer-la-escuela-despertar","status":"publish","type":"post","link":"https:\/\/radiorevelacionfm.cl\/?p=12319","title":{"rendered":"Alcalde de Ays\u00e9n lamenta inacci\u00f3n del Ministerio de Desarrollo Social para reponer la Escuela Despertar"},"content":{"rendered":"<div class=\"flex_column av_one_full  flex_column_div av-zero-column-padding first  avia-builder-el-0  el_before_av_one_full  avia-builder-el-first  \" style='border-radius:0px; '><div  class='avia-image-container  av-styling-    avia-builder-el-1  avia-builder-el-no-sibling  avia-align-center '  itemprop=\"image\" itemscope=\"itemscope\" itemtype=\"https:\/\/schema.org\/ImageObject\"  ><div class='avia-image-container-inner'><div class='avia-image-overlay-wrap'><img decoding=\"async\" class='wp-image-12320 avia-img-lazy-loading-not-12320 avia_image' src=\"https:\/\/radiorevelacionfm.cl\/wp-content\/uploads\/2021\/12\/esc-despertar-archivo3-2_optimized.jpeg\" alt='' title='esc-despertar-archivo3-2_optimized' height=\"600\" width=\"800\"  itemprop=\"thumbnailUrl\" srcset=\"https:\/\/radiorevelacionfm.cl\/wp-content\/uploads\/2021\/12\/esc-despertar-archivo3-2_optimized.jpeg 800w, https:\/\/radiorevelacionfm.cl\/wp-content\/uploads\/2021\/12\/esc-despertar-archivo3-2_optimized-300x225.jpeg 300w, https:\/\/radiorevelacionfm.cl\/wp-content\/uploads\/2021\/12\/esc-despertar-archivo3-2_optimized-768x576.jpeg 768w, https:\/\/radiorevelacionfm.cl\/wp-content\/uploads\/2021\/12\/esc-despertar-archivo3-2_optimized-705x529.jpeg 705w, https:\/\/radiorevelacionfm.cl\/wp-content\/uploads\/2021\/12\/esc-despertar-archivo3-2_optimized-600x450.jpeg 600w\" sizes=\"(max-width: 800px) 100vw, 800px\" \/><\/div><\/div><\/div><\/div><div class=\"flex_column av_one_full  flex_column_div av-zero-column-padding first  avia-builder-el-2  el_after_av_one_full  el_before_av_one_full  column-top-margin\" style='border-radius:0px; '><section class=\"av_textblock_section \"  itemscope=\"itemscope\" itemtype=\"https:\/\/schema.org\/BlogPosting\" itemprop=\"blogPost\" ><div class='avia_textblock  '   itemprop=\"text\" ><p style=\"text-align: center;\"><strong><span style=\"font-size: 18pt;\">Alcalde de Ays\u00e9n lamenta inacci\u00f3n del Ministerio de Desarrollo Social para reponer la Escuela Despertar<\/span><\/strong><\/p>\n<div id=\"gtx-trans\" style=\"position: absolute; left: -50px; top: 4.31534px;\">\n<div class=\"gtx-trans-icon\"><\/div>\n<\/div>\n<\/div><\/section><\/div><div class=\"flex_column av_one_full  flex_column_div av-zero-column-padding first  avia-builder-el-4  el_after_av_one_full  el_before_av_hr  column-top-margin\" style='border-radius:0px; '><section class=\"av_textblock_section \"  itemscope=\"itemscope\" itemtype=\"https:\/\/schema.org\/BlogPosting\" itemprop=\"blogPost\" ><div class='avia_textblock  '   itemprop=\"text\" ><p style=\"text-align: justify;\">A pocos d\u00edas de finalizar el a\u00f1o, el alcalde de Ays\u00e9n, Julio Uribe Alvarado, expres\u00f3 su preocupaci\u00f3n ante la falta de Recomendaci\u00f3n Satisfactoria (RS) por parte del Ministerio de Desarrollo Social y Familia (Mideso) al proyecto para renovar la Escuela Despertar de Puerto Ays\u00e9n y que cont\u00f3 con recursos aprobados para el a\u00f1o 2021 del Ministerio de Educaci\u00f3n por m\u00e1s de 5 mil millones de pesos. Todo un hito arquitect\u00f3nico que brindar\u00eda nuevas y mejores herramientas para el aprendizaje, adaptadas a las necesidades que presenta la comunidad educativa y que hoy ve como todo puede quedar en nada por la ausencia de avances en el proceso administrativo.<\/p>\n<p style=\"text-align: justify;\">En este sentido, la primera autoridad comunal explic\u00f3 que este proyecto posee una larga data y que \u201ceste a\u00f1o se supon\u00eda que obtendr\u00eda la Recomendaci\u00f3n Satisfactoria (RS) y ahora estamos a dos d\u00edas de que termine el a\u00f1o y hemos tenido m\u00faltiples problemas. Los sectorialistas vuelven a formular las mismas preguntas que ya se contestaron y estamos entrampados en problemas que no tienen avance. Nosotros tuvimos una reuni\u00f3n a mediados de noviembre con el Seremi del Ministerio de Desarrollo Social donde conversamos que a principios de diciembre tendr\u00edamos una reuni\u00f3n con los involucrados y hoy estamos a fines de mes y no existe avance\u201d.<\/p>\n<p style=\"text-align: justify;\">En adici\u00f3n, Julio Uribe, destac\u00f3 la importancia de este proyecto, \u00fanico en la regi\u00f3n y que cont\u00f3 con fondos presupuestados por el Ministerio de Educaci\u00f3n en su partida 2021. Sin embargo, la no obtenci\u00f3n del RS podr\u00eda generar la perdida de estos dineros por lo que la autoridad indic\u00f3 que \u201cEs lamentable, porque es tan necesario, el edificio en el que hoy se encuentra emplazado la Escuela Despertar posee m\u00e1s de 40 a\u00f1os y no re\u00fane las condiciones necesarias, y teniendo el financiamiento y nuestros profesionales entregando todo para que esto se resuelva no est\u00e1 ese acompa\u00f1amiento por parte del Ministerio de Desarrollo Social\u201d.<\/p>\n<p style=\"text-align: justify;\">Por lo que, el l\u00edder de la comuna porte\u00f1a realiz\u00f3 un llamado a los involucrados para apoyar estos proyectos, a que se puedan reunir con las contrapartes t\u00e9cnicas de la Direcci\u00f3n de Educaci\u00f3n Municipal para que esto pueda avanzar en beneficio de la comunidad y de los ni\u00f1os, ni\u00f1as y adolescentes que asisten a este emblem\u00e1tico establecimiento aysenino. \u201cEs lamentable, pero nosotros hemos entregado todo, hemos oficiado, hablado, sostenido reuniones, pero a\u00fan as\u00ed no hay avances y ya no sabemos qu\u00e9 m\u00e1s hacer, pero esta es una responsabilidad completa del Ministerio de Desarrollo Social\u201d, puntualiz\u00f3 Uribe Alvarado.<\/p>\n<p style=\"text-align: justify;\">El futuro edificio que se espera emplazar en las actuales dependencias del establecimiento cuenta con una superficie proyectada de 2.500 m2. En una estructura mixta, de acero y hormig\u00f3n armado, en torno a un patio central de juegos. Entre los espacios a generar destacan los talleres de especialidad; como lavander\u00eda y cocina, un invernadero adosado de policarbonato, sala de fisioterapia, hidroterapia, biblioteca interactiva. Todo con el objetivo de incluir y brindar nuevas y mejores oportunidades para la gente de Ays\u00e9n.<\/p>\n<\/div><\/section><\/div><div  style='height:50px' class='hr hr-invisible   avia-builder-el-6  el_after_av_one_full  el_before_av_social_share '><span class='hr-inner ' ><span class='hr-inner-style'><\/span><\/span><\/div><\/p>\n<div  class='av-social-sharing-box  avia-builder-el-7  el_after_av_hr  el_before_av_hr  '><div class='av-share-box'><h5 class='av-share-link-description av-no-toc '>Compartir esta noticia<\/h5><ul class='av-share-box-list noLightbox'><li class='av-share-link av-social-link-facebook' ><a target=\"_blank\" aria-label=\"Compartir en Facebook\" href='https:\/\/www.facebook.com\/sharer.php?u=https:\/\/radiorevelacionfm.cl\/?p=12319&#038;t=Alcalde%20de%20Ays%C3%A9n%20lamenta%20inacci%C3%B3n%20del%20Ministerio%20de%20Desarrollo%20Social%20para%20reponer%20la%20Escuela%20Despertar' aria-hidden='false' data-av_icon='\ue8f3' data-av_iconfont='entypo-fontello' title='' data-avia-related-tooltip='Compartir en Facebook' rel=\"noopener\"><span class='avia_hidden_link_text'>Compartir en Facebook<\/span><\/a><\/li><li class='av-share-link av-social-link-twitter' ><a target=\"_blank\" aria-label=\"Compartir en Twitter\" href='https:\/\/twitter.com\/share?text=Alcalde%20de%20Ays%C3%A9n%20lamenta%20inacci%C3%B3n%20del%20Ministerio%20de%20Desarrollo%20Social%20para%20reponer%20la%20Escuela%20Despertar&#038;url=https:\/\/radiorevelacionfm.cl\/?p=12319' aria-hidden='false' data-av_icon='\ue8f1' data-av_iconfont='entypo-fontello' title='' data-avia-related-tooltip='Compartir en Twitter' rel=\"noopener\"><span class='avia_hidden_link_text'>Compartir en Twitter<\/span><\/a><\/li><li class='av-share-link av-social-link-whatsapp' ><a target=\"_blank\" aria-label=\"Compartir en Whatsapp\" href='https:\/\/api.whatsapp.com\/send?text=https:\/\/radiorevelacionfm.cl\/?p=12319' aria-hidden='false' data-av_icon='\uf232' data-av_iconfont='entypo-fontello' title='' data-avia-related-tooltip='Compartir en Whatsapp' rel=\"noopener\"><span class='avia_hidden_link_text'>Compartir en Whatsapp<\/span><\/a><\/li><li class='av-share-link av-social-link-linkedin' ><a target=\"_blank\" aria-label=\"Compartir en LinkedIn\" href='https:\/\/linkedin.com\/shareArticle?mini=true&#038;title=Alcalde%20de%20Ays%C3%A9n%20lamenta%20inacci%C3%B3n%20del%20Ministerio%20de%20Desarrollo%20Social%20para%20reponer%20la%20Escuela%20Despertar&#038;url=https:\/\/radiorevelacionfm.cl\/?p=12319' aria-hidden='false' data-av_icon='\ue8fc' data-av_iconfont='entypo-fontello' title='' data-avia-related-tooltip='Compartir en LinkedIn' rel=\"noopener\"><span class='avia_hidden_link_text'>Compartir en LinkedIn<\/span><\/a><\/li><li class='av-share-link av-social-link-mail' ><a  aria-label=\"Compartir por correo\" href='mailto:?subject=Alcalde%20de%20Ays%C3%A9n%20lamenta%20inacci%C3%B3n%20del%20Ministerio%20de%20Desarrollo%20Social%20para%20reponer%20la%20Escuela%20Despertar&#038;body=https:\/\/radiorevelacionfm.cl\/?p=12319' aria-hidden='false' data-av_icon='\ue805' data-av_iconfont='entypo-fontello' title='' data-avia-related-tooltip='Compartir por correo'><span class='avia_hidden_link_text'>Compartir por correo<\/span><\/a><\/li><\/ul><\/div><\/div>\n<div  style='height:50px' class='hr hr-invisible   avia-builder-el-8  el_after_av_social_share  el_before_av_comments_list '><span class='hr-inner ' ><span class='hr-inner-style'><\/span><\/span><\/div>\n<div  class='av-buildercomment  av-blog-meta-html-info-disabled av-blog-meta-tag-disabled  '><\/div>\n","protected":false},"excerpt":{"rendered":"","protected":false},"author":1,"featured_media":12320,"comment_status":"open","ping_status":"open","sticky":false,"template":"","format":"standard","meta":{"footnotes":""},"categories":[38],"tags":[],"class_list":["post-12319","post","type-post","status-publish","format-standard","has-post-thumbnail","hentry","category-regional"],"jetpack_featured_media_url":"https:\/\/radiorevelacionfm.cl\/wp-content\/uploads\/2021\/12\/esc-despertar-archivo3-2_optimized.jpeg","_links":{"self":[{"href":"https:\/\/radiorevelacionfm.cl\/index.php?rest_route=\/wp\/v2\/posts\/12319","targetHints":{"allow":["GET"]}}],"collection":[{"href":"https:\/\/radiorevelacionfm.cl\/index.php?rest_route=\/wp\/v2\/posts"}],"about":[{"href":"https:\/\/radiorevelacionfm.cl\/index.php?rest_route=\/wp\/v2\/types\/post"}],"author":[{"embeddable":true,"href":"https:\/\/radiorevelacionfm.cl\/index.php?rest_route=\/wp\/v2\/users\/1"}],"replies":[{"embeddable":true,"href":"https:\/\/radiorevelacionfm.cl\/index.php?rest_route=%2Fwp%2Fv2%2Fcomments&post=12319"}],"version-history":[{"count":2,"href":"https:\/\/radiorevelacionfm.cl\/index.php?rest_route=\/wp\/v2\/posts\/12319\/revisions"}],"predecessor-version":[{"id":12325,"href":"https:\/\/radiorevelacionfm.cl\/index.php?rest_route=\/wp\/v2\/posts\/12319\/revisions\/12325"}],"wp:featuredmedia":[{"embeddable":true,"href":"https:\/\/radiorevelacionfm.cl\/index.php?rest_route=\/wp\/v2\/media\/12320"}],"wp:attachment":[{"href":"https:\/\/radiorevelacionfm.cl\/index.php?rest_route=%2Fwp%2Fv2%2Fmedia&parent=12319"}],"wp:term":[{"taxonomy":"category","embeddable":true,"href":"https:\/\/radiorevelacionfm.cl\/index.php?rest_route=%2Fwp%2Fv2%2Fcategories&post=12319"},{"taxonomy":"post_tag","embeddable":true,"href":"https:\/\/radiorevelacionfm.cl\/index.php?rest_route=%2Fwp%2Fv2%2Ftags&post=12319"}],"curies":[{"name":"wp","href":"https:\/\/api.w.org\/{rel}","templated":true}]}}