{"id":12315,"date":"2021-12-28T19:10:12","date_gmt":"2021-12-28T22:10:12","guid":{"rendered":"https:\/\/radiorevelacionfm.cl\/?p=12315"},"modified":"2021-12-28T19:10:12","modified_gmt":"2021-12-28T22:10:12","slug":"equipos-municipales-colaboraron-con-el-viejito-pascuero-en-la-comuna-de-cisnes","status":"publish","type":"post","link":"https:\/\/radiorevelacionfm.cl\/?p=12315","title":{"rendered":"Equipos municipales colaboraron con el \u201cViejito Pascuero\u201d en la comuna de Cisnes"},"content":{"rendered":"<div class=\"flex_column av_one_full  flex_column_div av-zero-column-padding first  avia-builder-el-0  el_before_av_one_full  avia-builder-el-first  \" style='border-radius:0px; '><div  class='avia-image-container  av-styling-    avia-builder-el-1  avia-builder-el-no-sibling  avia-align-center '  itemprop=\"image\" itemscope=\"itemscope\" itemtype=\"https:\/\/schema.org\/ImageObject\"  ><div class='avia-image-container-inner'><div class='avia-image-overlay-wrap'><img decoding=\"async\" class='wp-image-12316 avia-img-lazy-loading-not-12316 avia_image' src=\"https:\/\/radiorevelacionfm.cl\/wp-content\/uploads\/2021\/12\/COMUNA-CISNES-9-2-2.jpeg\" alt='' title='COMUNA CISNES 9-2-2' height=\"600\" width=\"900\"  itemprop=\"thumbnailUrl\" srcset=\"https:\/\/radiorevelacionfm.cl\/wp-content\/uploads\/2021\/12\/COMUNA-CISNES-9-2-2.jpeg 900w, https:\/\/radiorevelacionfm.cl\/wp-content\/uploads\/2021\/12\/COMUNA-CISNES-9-2-2-300x200.jpeg 300w, https:\/\/radiorevelacionfm.cl\/wp-content\/uploads\/2021\/12\/COMUNA-CISNES-9-2-2-768x512.jpeg 768w, https:\/\/radiorevelacionfm.cl\/wp-content\/uploads\/2021\/12\/COMUNA-CISNES-9-2-2-705x470.jpeg 705w, https:\/\/radiorevelacionfm.cl\/wp-content\/uploads\/2021\/12\/COMUNA-CISNES-9-2-2-600x400.jpeg 600w\" sizes=\"(max-width: 900px) 100vw, 900px\" \/><\/div><\/div><\/div><\/div><div class=\"flex_column av_one_full  flex_column_div av-zero-column-padding first  avia-builder-el-2  el_after_av_one_full  el_before_av_one_full  column-top-margin\" style='border-radius:0px; '><section class=\"av_textblock_section \"  itemscope=\"itemscope\" itemtype=\"https:\/\/schema.org\/BlogPosting\" itemprop=\"blogPost\" ><div class='avia_textblock  '   itemprop=\"text\" ><p style=\"text-align: center;\"><strong><span style=\"font-size: 18pt;\">Equipos municipales colaboraron con el \u201cViejito Pascuero\u201d en la comuna de Cisnes<\/span><\/strong><\/p>\n<div id=\"gtx-trans\" style=\"position: absolute; left: -50px; top: 4.31534px;\">\n<div class=\"gtx-trans-icon\"><\/div>\n<\/div>\n<\/div><\/section><\/div><div class=\"flex_column av_one_full  flex_column_div av-zero-column-padding first  avia-builder-el-4  el_after_av_one_full  el_before_av_hr  column-top-margin\" style='border-radius:0px; '><section class=\"av_textblock_section \"  itemscope=\"itemscope\" itemtype=\"https:\/\/schema.org\/BlogPosting\" itemprop=\"blogPost\" ><div class='avia_textblock  '   itemprop=\"text\" ><p style=\"text-align: justify;\">Con el entusiasmo caracter\u00edstico de los ni\u00f1os, la Municipalidad de Cisnes junto a sus equipos territoriales, organizaciones sociales, Bomberos, Conaf y la propia ciudadan\u00eda colaboraron con el querido personaje que cada fin de a\u00f1o visita a los m\u00e1s peque\u00f1os del hogar, el \u201cViejito Pascuero\u201d.<\/p>\n<p style=\"text-align: justify;\">En Puerto Gala, Puerto Gaviota, Melimoyu, Ra\u00fal Mar\u00edn Balmaceda, La Junta, Puyuhuapi y Puerto Cisnes llegaron los regalos para ni\u00f1os de cero a\u00f1os hasta los que en la actualidad estudian en cuarto b\u00e1sico, adem\u00e1s de las mamitas embarazadas. Tal como lo inform\u00f3 la jefa de Dideco del Municipio, Paulina M\u00e1rquez.<\/p>\n<p style=\"text-align: justify;\">\u201cNosotros como Municipalidad estamos s\u00faper contentos con las actividades que se desarrollaron en navidad en las distintas localidades de la comuna. Pudimos apoyar al viejito pascuero con regalitos y colaciones navide\u00f1as, para que todos los ni\u00f1os y ni\u00f1as desde 0 a\u00f1itos hasta los que asisten a cuarto a\u00f1o b\u00e1sico, considerando tambi\u00e9n a las mamitas embarazadas, puedan acceder a estos regalitos y a estas colaciones. Es s\u00faper importante para nosotros este tipo de iniciativas, ya que, muchas familias en esta \u00e9poca no est\u00e1n muy bien econ\u00f3micamente, por lo cual, a trav\u00e9s de estas instancias sus hijos pudieron ser parte y recibir un regalito\u201d.<\/p>\n<p style=\"text-align: justify;\">Paulina M\u00e1rquez, resalt\u00f3 adem\u00e1s, el importante trabajo de los funcionarios municipales, de Bomberos y de Conaf en algunas localidades. \u201cEstamos muy agradecidos de todos los funcionarios municipales que apoyaron al viejito pascuero en la entrega de estos regalos y colaciones, as\u00ed como tambi\u00e9n de Bomberos, quienes en Ra\u00fal Mar\u00edn Balmaceda y en La Junta prestaron todo el apoyo para esta actividad y tambi\u00e9n personal de Conaf, que en La Junta tambi\u00e9n participaron. As\u00ed es que, muy contentos con todo lo desarrollado en estas fechas tan bonitas y tan importante para muchas familias\u201d.<\/p>\n<p style=\"text-align: justify;\">Desde la Municipalidad y bajo la administraci\u00f3n del Alcalde Francisco Roncagliolo, destacaron que continuar\u00e1n a\u00f1o a a\u00f1o, realizando este tipo de iniciativas y todas aquellas donde se incentive la participaci\u00f3n de los ni\u00f1os de la comuna, principalmente en fechas tan significativas como la navidad.<\/p>\n<\/div><\/section><\/div><div  style='height:50px' class='hr hr-invisible   avia-builder-el-6  el_after_av_one_full  el_before_av_social_share '><span class='hr-inner ' ><span class='hr-inner-style'><\/span><\/span><\/div><\/p>\n<div  class='av-social-sharing-box  avia-builder-el-7  el_after_av_hr  el_before_av_hr  '><div class='av-share-box'><h5 class='av-share-link-description av-no-toc '>Compartir esta noticia<\/h5><ul class='av-share-box-list noLightbox'><li class='av-share-link av-social-link-facebook' ><a target=\"_blank\" aria-label=\"Compartir en Facebook\" href='https:\/\/www.facebook.com\/sharer.php?u=https:\/\/radiorevelacionfm.cl\/?p=12315&#038;t=Equipos%20municipales%20colaboraron%20con%20el%20%E2%80%9CViejito%20Pascuero%E2%80%9D%20en%20la%20comuna%20de%20Cisnes' aria-hidden='false' data-av_icon='\ue8f3' data-av_iconfont='entypo-fontello' title='' data-avia-related-tooltip='Compartir en Facebook' rel=\"noopener\"><span class='avia_hidden_link_text'>Compartir en Facebook<\/span><\/a><\/li><li class='av-share-link av-social-link-twitter' ><a target=\"_blank\" aria-label=\"Compartir en Twitter\" href='https:\/\/twitter.com\/share?text=Equipos%20municipales%20colaboraron%20con%20el%20%E2%80%9CViejito%20Pascuero%E2%80%9D%20en%20la%20comuna%20de%20Cisnes&#038;url=https:\/\/radiorevelacionfm.cl\/?p=12315' aria-hidden='false' data-av_icon='\ue8f1' data-av_iconfont='entypo-fontello' title='' data-avia-related-tooltip='Compartir en Twitter' rel=\"noopener\"><span class='avia_hidden_link_text'>Compartir en Twitter<\/span><\/a><\/li><li class='av-share-link av-social-link-whatsapp' ><a target=\"_blank\" aria-label=\"Compartir en Whatsapp\" href='https:\/\/api.whatsapp.com\/send?text=https:\/\/radiorevelacionfm.cl\/?p=12315' aria-hidden='false' data-av_icon='\uf232' data-av_iconfont='entypo-fontello' title='' data-avia-related-tooltip='Compartir en Whatsapp' rel=\"noopener\"><span class='avia_hidden_link_text'>Compartir en Whatsapp<\/span><\/a><\/li><li class='av-share-link av-social-link-linkedin' ><a target=\"_blank\" aria-label=\"Compartir en LinkedIn\" href='https:\/\/linkedin.com\/shareArticle?mini=true&#038;title=Equipos%20municipales%20colaboraron%20con%20el%20%E2%80%9CViejito%20Pascuero%E2%80%9D%20en%20la%20comuna%20de%20Cisnes&#038;url=https:\/\/radiorevelacionfm.cl\/?p=12315' aria-hidden='false' data-av_icon='\ue8fc' data-av_iconfont='entypo-fontello' title='' data-avia-related-tooltip='Compartir en LinkedIn' rel=\"noopener\"><span class='avia_hidden_link_text'>Compartir en LinkedIn<\/span><\/a><\/li><li class='av-share-link av-social-link-mail' ><a  aria-label=\"Compartir por correo\" href='mailto:?subject=Equipos%20municipales%20colaboraron%20con%20el%20%E2%80%9CViejito%20Pascuero%E2%80%9D%20en%20la%20comuna%20de%20Cisnes&#038;body=https:\/\/radiorevelacionfm.cl\/?p=12315' aria-hidden='false' data-av_icon='\ue805' data-av_iconfont='entypo-fontello' title='' data-avia-related-tooltip='Compartir por correo'><span class='avia_hidden_link_text'>Compartir por correo<\/span><\/a><\/li><\/ul><\/div><\/div>\n<div  style='height:50px' class='hr hr-invisible   avia-builder-el-8  el_after_av_social_share  el_before_av_comments_list '><span class='hr-inner ' ><span class='hr-inner-style'><\/span><\/span><\/div>\n<div  class='av-buildercomment  av-blog-meta-html-info-disabled av-blog-meta-tag-disabled  '><\/div>\n","protected":false},"excerpt":{"rendered":"","protected":false},"author":1,"featured_media":12316,"comment_status":"open","ping_status":"open","sticky":false,"template":"","format":"standard","meta":{"footnotes":""},"categories":[38],"tags":[],"class_list":["post-12315","post","type-post","status-publish","format-standard","has-post-thumbnail","hentry","category-regional"],"jetpack_featured_media_url":"https:\/\/radiorevelacionfm.cl\/wp-content\/uploads\/2021\/12\/COMUNA-CISNES-9-2-2.jpeg","_links":{"self":[{"href":"https:\/\/radiorevelacionfm.cl\/index.php?rest_route=\/wp\/v2\/posts\/12315","targetHints":{"allow":["GET"]}}],"collection":[{"href":"https:\/\/radiorevelacionfm.cl\/index.php?rest_route=\/wp\/v2\/posts"}],"about":[{"href":"https:\/\/radiorevelacionfm.cl\/index.php?rest_route=\/wp\/v2\/types\/post"}],"author":[{"embeddable":true,"href":"https:\/\/radiorevelacionfm.cl\/index.php?rest_route=\/wp\/v2\/users\/1"}],"replies":[{"embeddable":true,"href":"https:\/\/radiorevelacionfm.cl\/index.php?rest_route=%2Fwp%2Fv2%2Fcomments&post=12315"}],"version-history":[{"count":2,"href":"https:\/\/radiorevelacionfm.cl\/index.php?rest_route=\/wp\/v2\/posts\/12315\/revisions"}],"predecessor-version":[{"id":12318,"href":"https:\/\/radiorevelacionfm.cl\/index.php?rest_route=\/wp\/v2\/posts\/12315\/revisions\/12318"}],"wp:featuredmedia":[{"embeddable":true,"href":"https:\/\/radiorevelacionfm.cl\/index.php?rest_route=\/wp\/v2\/media\/12316"}],"wp:attachment":[{"href":"https:\/\/radiorevelacionfm.cl\/index.php?rest_route=%2Fwp%2Fv2%2Fmedia&parent=12315"}],"wp:term":[{"taxonomy":"category","embeddable":true,"href":"https:\/\/radiorevelacionfm.cl\/index.php?rest_route=%2Fwp%2Fv2%2Fcategories&post=12315"},{"taxonomy":"post_tag","embeddable":true,"href":"https:\/\/radiorevelacionfm.cl\/index.php?rest_route=%2Fwp%2Fv2%2Ftags&post=12315"}],"curies":[{"name":"wp","href":"https:\/\/api.w.org\/{rel}","templated":true}]}}