{"id":12311,"date":"2021-12-28T18:45:11","date_gmt":"2021-12-28T21:45:11","guid":{"rendered":"https:\/\/radiorevelacionfm.cl\/?p=12311"},"modified":"2021-12-28T18:45:11","modified_gmt":"2021-12-28T21:45:11","slug":"carabineros-detuvo-a-individuo-por-amenazas-con-hacha-en-coyhaique","status":"publish","type":"post","link":"https:\/\/radiorevelacionfm.cl\/?p=12311","title":{"rendered":"Carabineros detuvo a individuo por amenazas con hacha en Coyhaique"},"content":{"rendered":"<div class=\"flex_column av_one_full  flex_column_div av-zero-column-padding first  avia-builder-el-0  el_before_av_one_full  avia-builder-el-first  \" style='border-radius:0px; '><div  class='avia-image-container  av-styling-    avia-builder-el-1  avia-builder-el-no-sibling  avia-align-center '  itemprop=\"image\" itemscope=\"itemscope\" itemtype=\"https:\/\/schema.org\/ImageObject\"  ><div class='avia-image-container-inner'><div class='avia-image-overlay-wrap'><img decoding=\"async\" class='wp-image-12312 avia-img-lazy-loading-not-12312 avia_image' src=\"https:\/\/radiorevelacionfm.cl\/wp-content\/uploads\/2021\/12\/Carabineros-en-hospital-2-2.jpg\" alt='' title='Carabineros en hospital-2-2' height=\"600\" width=\"1058\"  itemprop=\"thumbnailUrl\" srcset=\"https:\/\/radiorevelacionfm.cl\/wp-content\/uploads\/2021\/12\/Carabineros-en-hospital-2-2.jpg 1058w, https:\/\/radiorevelacionfm.cl\/wp-content\/uploads\/2021\/12\/Carabineros-en-hospital-2-2-300x170.jpg 300w, https:\/\/radiorevelacionfm.cl\/wp-content\/uploads\/2021\/12\/Carabineros-en-hospital-2-2-1030x584.jpg 1030w, https:\/\/radiorevelacionfm.cl\/wp-content\/uploads\/2021\/12\/Carabineros-en-hospital-2-2-768x436.jpg 768w, https:\/\/radiorevelacionfm.cl\/wp-content\/uploads\/2021\/12\/Carabineros-en-hospital-2-2-705x400.jpg 705w, https:\/\/radiorevelacionfm.cl\/wp-content\/uploads\/2021\/12\/Carabineros-en-hospital-2-2-600x340.jpg 600w\" sizes=\"(max-width: 1058px) 100vw, 1058px\" \/><\/div><\/div><\/div><\/div><div class=\"flex_column av_one_full  flex_column_div av-zero-column-padding first  avia-builder-el-2  el_after_av_one_full  el_before_av_one_full  column-top-margin\" style='border-radius:0px; '><section class=\"av_textblock_section \"  itemscope=\"itemscope\" itemtype=\"https:\/\/schema.org\/BlogPosting\" itemprop=\"blogPost\" ><div class='avia_textblock  '   itemprop=\"text\" ><p style=\"text-align: center;\"><span style=\"font-size: 18pt;\"><b>Carabineros detuvo a individuo por amenazas con hacha en Coyhaique<\/b><\/span><\/p>\n<div id=\"gtx-trans\" style=\"position: absolute; left: -50px; top: 4.31534px;\">\n<div class=\"gtx-trans-icon\"><\/div>\n<\/div>\n<\/div><\/section><\/div><div class=\"flex_column av_one_full  flex_column_div av-zero-column-padding first  avia-builder-el-4  el_after_av_one_full  el_before_av_hr  column-top-margin\" style='border-radius:0px; '><section class=\"av_textblock_section \"  itemscope=\"itemscope\" itemtype=\"https:\/\/schema.org\/BlogPosting\" itemprop=\"blogPost\" ><div class='avia_textblock  '   itemprop=\"text\" ><p class=\"v1MsoNormal\" style=\"text-align: justify;\">La oportuna denuncia a trav\u00e9s del nivel de emergencias 133, alert\u00f3 a Carabineros de la Primera Comisar\u00eda de Coyhaique sobre una situaci\u00f3n de amenazas con un hacha, hecho que estaba ocurriendo al interior de un domicilio de calle Col\u00f3n de esta ciudad.<\/p>\n<p class=\"v1MsoNormal\" style=\"text-align: justify;\">Tras lo anterior, seg\u00fan indic\u00f3 el Subcomisario de los Servicios 2 de esta Unidad, Capit\u00e1n Luis Alvarado Pinto, el personal de la Secci\u00f3n de Intervenci\u00f3n Policial con apoyo del GOPE se traslad\u00f3 en forma inmediata al lugar constatando el hecho, en el cual un individuo hab\u00eda amenazado a uno de los suyos \u2013con dicho elemento- situaci\u00f3n dada en el contexto de violencia intrafamiliar.<\/p>\n<p class=\"v1MsoNormal\" style=\"text-align: justify;\">\u00abLo que hizo el procedimiento a\u00fan m\u00e1s dif\u00edcil es que los mismos familiares confirmaron que esta persona es Covid positivo y que el grupo familiar estaba con cuarentena en el lugar. Con las medidas de bioseguridad, los carabineros logran sacar a esta persona, siendo detenido por amenazas\u00bb, expres\u00f3 el Oficial.<\/p>\n<p class=\"v1MsoNormal\" style=\"text-align: justify;\">El Subcomisario de los Servicios dijo que se trat\u00f3 de una compleja situaci\u00f3n dada la condici\u00f3n de salud de la persona, tras lo cual el personal debi\u00f3 utilizar trajes impermeables completos, sumado al uso de mascarilla y guantes, para concretar el traslado hasta el hospital regional, lo cual se efectu\u00f3 a bordo del carro policial, en tanto que las situaciones de amenazas habr\u00edan continuado en el recinto asistencial, esta vez en contra del personal de salud, seg\u00fan indic\u00f3 el Oficial.<\/p>\n<p class=\"v1MsoNormal\" style=\"text-align: justify;\">Tras lo anterior, el veh\u00edculo institucional fue sanitizado y desinfectado en su totalidad, sumado a la eliminaci\u00f3n de trajes aislantes y desinfecci\u00f3n del personal que particip\u00f3 en el procedimiento.<\/p>\n<p class=\"v1MsoNormal\" style=\"text-align: justify;\">Los antecedentes de esta diligencia fueron puestos en conocimiento tanto de la Fiscal\u00eda como de la Autoridad Sanitaria, en tanto que el ciudadano qued\u00f3 en libertad permaneciendo en espera de citaci\u00f3n por parte del ente persecutor.<\/p>\n<p style=\"text-align: justify;\">Las cuarentenas o confinamientos en los domicilios producto de la pandemia, ha generado diversos trastornos psicol\u00f3gicos en determinadas personas, ante lo cual carabineros llam\u00f3 a la comunidad a estar atentos a los cambios en los estados de \u00e1nimo de las personas o que denoten reacciones o irritabilidad, con la finalidad de buscar ayuda y tratar de manera oportuna situaciones de esta naturaleza.<\/p>\n<\/div><\/section><\/div><div  style='height:50px' class='hr hr-invisible   avia-builder-el-6  el_after_av_one_full  el_before_av_social_share '><span class='hr-inner ' ><span class='hr-inner-style'><\/span><\/span><\/div><\/p>\n<div  class='av-social-sharing-box  avia-builder-el-7  el_after_av_hr  el_before_av_hr  '><div class='av-share-box'><h5 class='av-share-link-description av-no-toc '>Compartir esta noticia<\/h5><ul class='av-share-box-list noLightbox'><li class='av-share-link av-social-link-facebook' ><a target=\"_blank\" aria-label=\"Compartir en Facebook\" href='https:\/\/www.facebook.com\/sharer.php?u=https:\/\/radiorevelacionfm.cl\/?p=12311&#038;t=Carabineros%20detuvo%20a%20individuo%20por%20amenazas%20con%20hacha%20en%20Coyhaique' aria-hidden='false' data-av_icon='\ue8f3' data-av_iconfont='entypo-fontello' title='' data-avia-related-tooltip='Compartir en Facebook' rel=\"noopener\"><span class='avia_hidden_link_text'>Compartir en Facebook<\/span><\/a><\/li><li class='av-share-link av-social-link-twitter' ><a target=\"_blank\" aria-label=\"Compartir en Twitter\" href='https:\/\/twitter.com\/share?text=Carabineros%20detuvo%20a%20individuo%20por%20amenazas%20con%20hacha%20en%20Coyhaique&#038;url=https:\/\/radiorevelacionfm.cl\/?p=12311' aria-hidden='false' data-av_icon='\ue8f1' data-av_iconfont='entypo-fontello' title='' data-avia-related-tooltip='Compartir en Twitter' rel=\"noopener\"><span class='avia_hidden_link_text'>Compartir en Twitter<\/span><\/a><\/li><li class='av-share-link av-social-link-whatsapp' ><a target=\"_blank\" aria-label=\"Compartir en Whatsapp\" href='https:\/\/api.whatsapp.com\/send?text=https:\/\/radiorevelacionfm.cl\/?p=12311' aria-hidden='false' data-av_icon='\uf232' data-av_iconfont='entypo-fontello' title='' data-avia-related-tooltip='Compartir en Whatsapp' rel=\"noopener\"><span class='avia_hidden_link_text'>Compartir en Whatsapp<\/span><\/a><\/li><li class='av-share-link av-social-link-linkedin' ><a target=\"_blank\" aria-label=\"Compartir en LinkedIn\" href='https:\/\/linkedin.com\/shareArticle?mini=true&#038;title=Carabineros%20detuvo%20a%20individuo%20por%20amenazas%20con%20hacha%20en%20Coyhaique&#038;url=https:\/\/radiorevelacionfm.cl\/?p=12311' aria-hidden='false' data-av_icon='\ue8fc' data-av_iconfont='entypo-fontello' title='' data-avia-related-tooltip='Compartir en LinkedIn' rel=\"noopener\"><span class='avia_hidden_link_text'>Compartir en LinkedIn<\/span><\/a><\/li><li class='av-share-link av-social-link-mail' ><a  aria-label=\"Compartir por correo\" href='mailto:?subject=Carabineros%20detuvo%20a%20individuo%20por%20amenazas%20con%20hacha%20en%20Coyhaique&#038;body=https:\/\/radiorevelacionfm.cl\/?p=12311' aria-hidden='false' data-av_icon='\ue805' data-av_iconfont='entypo-fontello' title='' data-avia-related-tooltip='Compartir por correo'><span class='avia_hidden_link_text'>Compartir por correo<\/span><\/a><\/li><\/ul><\/div><\/div>\n<div  style='height:50px' class='hr hr-invisible   avia-builder-el-8  el_after_av_social_share  el_before_av_comments_list '><span class='hr-inner ' ><span class='hr-inner-style'><\/span><\/span><\/div>\n<div  class='av-buildercomment  av-blog-meta-html-info-disabled av-blog-meta-tag-disabled  '><\/div>\n","protected":false},"excerpt":{"rendered":"","protected":false},"author":1,"featured_media":12312,"comment_status":"open","ping_status":"open","sticky":false,"template":"","format":"standard","meta":{"footnotes":""},"categories":[36],"tags":[],"class_list":["post-12311","post","type-post","status-publish","format-standard","has-post-thumbnail","hentry","category-policial"],"jetpack_featured_media_url":"https:\/\/radiorevelacionfm.cl\/wp-content\/uploads\/2021\/12\/Carabineros-en-hospital-2-2.jpg","_links":{"self":[{"href":"https:\/\/radiorevelacionfm.cl\/index.php?rest_route=\/wp\/v2\/posts\/12311","targetHints":{"allow":["GET"]}}],"collection":[{"href":"https:\/\/radiorevelacionfm.cl\/index.php?rest_route=\/wp\/v2\/posts"}],"about":[{"href":"https:\/\/radiorevelacionfm.cl\/index.php?rest_route=\/wp\/v2\/types\/post"}],"author":[{"embeddable":true,"href":"https:\/\/radiorevelacionfm.cl\/index.php?rest_route=\/wp\/v2\/users\/1"}],"replies":[{"embeddable":true,"href":"https:\/\/radiorevelacionfm.cl\/index.php?rest_route=%2Fwp%2Fv2%2Fcomments&post=12311"}],"version-history":[{"count":2,"href":"https:\/\/radiorevelacionfm.cl\/index.php?rest_route=\/wp\/v2\/posts\/12311\/revisions"}],"predecessor-version":[{"id":12314,"href":"https:\/\/radiorevelacionfm.cl\/index.php?rest_route=\/wp\/v2\/posts\/12311\/revisions\/12314"}],"wp:featuredmedia":[{"embeddable":true,"href":"https:\/\/radiorevelacionfm.cl\/index.php?rest_route=\/wp\/v2\/media\/12312"}],"wp:attachment":[{"href":"https:\/\/radiorevelacionfm.cl\/index.php?rest_route=%2Fwp%2Fv2%2Fmedia&parent=12311"}],"wp:term":[{"taxonomy":"category","embeddable":true,"href":"https:\/\/radiorevelacionfm.cl\/index.php?rest_route=%2Fwp%2Fv2%2Fcategories&post=12311"},{"taxonomy":"post_tag","embeddable":true,"href":"https:\/\/radiorevelacionfm.cl\/index.php?rest_route=%2Fwp%2Fv2%2Ftags&post=12311"}],"curies":[{"name":"wp","href":"https:\/\/api.w.org\/{rel}","templated":true}]}}