{"id":12307,"date":"2021-12-28T18:32:36","date_gmt":"2021-12-28T21:32:36","guid":{"rendered":"https:\/\/radiorevelacionfm.cl\/?p=12307"},"modified":"2021-12-28T18:32:36","modified_gmt":"2021-12-28T21:32:36","slug":"coyhaique-tiene-la-primera-mujer-cinturon-negro-en-la-disciplina-de-judo","status":"publish","type":"post","link":"https:\/\/radiorevelacionfm.cl\/?p=12307","title":{"rendered":"Coyhaique tiene la primera mujer cintur\u00f3n negro en la disciplina de Judo"},"content":{"rendered":"<div class=\"flex_column av_one_full  flex_column_div av-zero-column-padding first  avia-builder-el-0  el_before_av_one_full  avia-builder-el-first  \" style='border-radius:0px; '><div  class='avia-image-container  av-styling-    avia-builder-el-1  avia-builder-el-no-sibling  avia-align-center '  itemprop=\"image\" itemscope=\"itemscope\" itemtype=\"https:\/\/schema.org\/ImageObject\"  ><div class='avia-image-container-inner'><div class='avia-image-overlay-wrap'><img decoding=\"async\" class='wp-image-12308 avia-img-lazy-loading-not-12308 avia_image' src=\"https:\/\/radiorevelacionfm.cl\/wp-content\/uploads\/2021\/12\/image-12-2.jpg\" alt='' title='image-12-2' height=\"599\" width=\"1221\"  itemprop=\"thumbnailUrl\" srcset=\"https:\/\/radiorevelacionfm.cl\/wp-content\/uploads\/2021\/12\/image-12-2.jpg 1221w, https:\/\/radiorevelacionfm.cl\/wp-content\/uploads\/2021\/12\/image-12-2-300x147.jpg 300w, https:\/\/radiorevelacionfm.cl\/wp-content\/uploads\/2021\/12\/image-12-2-1030x505.jpg 1030w, https:\/\/radiorevelacionfm.cl\/wp-content\/uploads\/2021\/12\/image-12-2-768x377.jpg 768w, https:\/\/radiorevelacionfm.cl\/wp-content\/uploads\/2021\/12\/image-12-2-705x346.jpg 705w, https:\/\/radiorevelacionfm.cl\/wp-content\/uploads\/2021\/12\/image-12-2-600x294.jpg 600w\" sizes=\"(max-width: 1221px) 100vw, 1221px\" \/><\/div><\/div><\/div><\/div><div class=\"flex_column av_one_full  flex_column_div av-zero-column-padding first  avia-builder-el-2  el_after_av_one_full  el_before_av_one_full  column-top-margin\" style='border-radius:0px; '><section class=\"av_textblock_section \"  itemscope=\"itemscope\" itemtype=\"https:\/\/schema.org\/BlogPosting\" itemprop=\"blogPost\" ><div class='avia_textblock  '   itemprop=\"text\" ><p style=\"text-align: center;\"><strong><span style=\"font-size: 18pt;\">Coyhaique tiene la primera mujer cintur\u00f3n negro en la disciplina de Judo<\/span><\/strong><\/p>\n<div id=\"gtx-trans\" style=\"position: absolute; left: -50px; top: 4.31534px;\">\n<div class=\"gtx-trans-icon\"><\/div>\n<\/div>\n<\/div><\/section><\/div><div class=\"flex_column av_one_full  flex_column_div av-zero-column-padding first  avia-builder-el-4  el_after_av_one_full  el_before_av_hr  column-top-margin\" style='border-radius:0px; '><section class=\"av_textblock_section \"  itemscope=\"itemscope\" itemtype=\"https:\/\/schema.org\/BlogPosting\" itemprop=\"blogPost\" ><div class='avia_textblock  '   itemprop=\"text\" ><div>\n<p style=\"text-align: justify;\">En una ceremonia realizada en el Centro de Entrenamiento Regional del IND los seleccionados regionales finalizaron las actividades 2021.<\/p>\n<p style=\"text-align: justify;\">A la actividad asisti\u00f3 el Seremi del Deporte Rodrigo Cubilla Retamal quien destac\u00f3 el trabajo que realizaron durante el a\u00f1o e hizo entrega de un reconocimiento a Camila Lagos primera mujer judoca de la regi\u00f3n en obtener el cintur\u00f3n negro.<\/p>\n<p style=\"text-align: justify;\">La autoridad regional valor\u00f3 la dedicaci\u00f3n y esfuerzo del entrenador Reinaldo Figueroa por sacar adelante la disciplina de judo, agregando que\u00a0 \u00abbajo su direcci\u00f3n la regi\u00f3n siempre ha obtenido \u00a0importantes logros, donde actualmente existen seis deportistas preseleccionados a los Juegos Panamericanos, Santiago 2023, judocas que lideran el ranking nacional con figuras como Jade Ulloa, Noel Mu\u00f1oz, Camilo Rivera, David Santib\u00e1\u00f1ez, Sebasti\u00e1n P\u00e9rez, adem\u00e1s de un semillero importante de deportistas emergentes, por esta raz\u00f3n quisimos estar presente en esta ceremonia para felicitar a todos los deportistas, a su Sensei Reinaldo y especialmente a Camila Lagos que nos enorgullece y es un referente para muchas ni\u00f1as y j\u00f3venes de la regi\u00f3n\u00bb, concluy\u00f3 el Seremi del Deporte.<\/p>\n<p style=\"text-align: justify;\">Por su parte Camila Lagos judoca y Presidenta del Club Marcelo Eastman, quien realiz\u00f3 su examen en el Centro de Entrenamiento Ol\u00edmpico en Santiago coment\u00f3 \u00aben esta ceremonia de finalizaci\u00f3n de las actividades 2021 se realizaron ex\u00e1menes a diversos deportistas del club para ascenso de cinturones amarillos, blancos, verdes, azul y caf\u00e9, adem\u00e1s ejecutamos una demostraci\u00f3n de t\u00e9cnicas de judo, y en mi caso con el ascenso a cintur\u00f3n negro, lo que me convierte en \u00a0la primera mujer de la regi\u00f3n y del club en el deporte de judo en obtener el \u00a0cintur\u00f3n negro, es muy emocionante haber llegado a este gran sue\u00f1o que he tenido desde ni\u00f1a cuando a los 10 a\u00f1os comenc\u00e9 junto al Sensei en este deporte que si bien es un deporte individual, el trabajo en equipo es fundamental y en nuestro club somos un gran familia donde nunca vi una discriminaci\u00f3n, siempre tuve el apoyo necesario, estoy muy contenta porque me siento empoderara y segura hacia el crecimiento deportivo en un arte marcial, \u00a0as\u00ed que invito a todos a moverse, \u00a0a hacer deporte y cumplir sus sue\u00f1os ya que con trabajo y constancia todo se puede\u00bb, finaliz\u00f3 la deportista.<\/p>\n<\/div>\n<div dir=\"ltr\">\n<div dir=\"ltr\" style=\"text-align: justify;\"><\/div>\n<\/div>\n<\/div><\/section><\/div><div  style='height:50px' class='hr hr-invisible   avia-builder-el-6  el_after_av_one_full  el_before_av_social_share '><span class='hr-inner ' ><span class='hr-inner-style'><\/span><\/span><\/div><\/p>\n<div  class='av-social-sharing-box  avia-builder-el-7  el_after_av_hr  el_before_av_hr  '><div class='av-share-box'><h5 class='av-share-link-description av-no-toc '>Compartir esta noticia<\/h5><ul class='av-share-box-list noLightbox'><li class='av-share-link av-social-link-facebook' ><a target=\"_blank\" aria-label=\"Compartir en Facebook\" href='https:\/\/www.facebook.com\/sharer.php?u=https:\/\/radiorevelacionfm.cl\/?p=12307&#038;t=Coyhaique%20tiene%20la%20primera%20mujer%20cintur%C3%B3n%20negro%20en%20la%20disciplina%20de%20Judo' aria-hidden='false' data-av_icon='\ue8f3' data-av_iconfont='entypo-fontello' title='' data-avia-related-tooltip='Compartir en Facebook' rel=\"noopener\"><span class='avia_hidden_link_text'>Compartir en Facebook<\/span><\/a><\/li><li class='av-share-link av-social-link-twitter' ><a target=\"_blank\" aria-label=\"Compartir en Twitter\" href='https:\/\/twitter.com\/share?text=Coyhaique%20tiene%20la%20primera%20mujer%20cintur%C3%B3n%20negro%20en%20la%20disciplina%20de%20Judo&#038;url=https:\/\/radiorevelacionfm.cl\/?p=12307' aria-hidden='false' data-av_icon='\ue8f1' data-av_iconfont='entypo-fontello' title='' data-avia-related-tooltip='Compartir en Twitter' rel=\"noopener\"><span class='avia_hidden_link_text'>Compartir en Twitter<\/span><\/a><\/li><li class='av-share-link av-social-link-whatsapp' ><a target=\"_blank\" aria-label=\"Compartir en Whatsapp\" href='https:\/\/api.whatsapp.com\/send?text=https:\/\/radiorevelacionfm.cl\/?p=12307' aria-hidden='false' data-av_icon='\uf232' data-av_iconfont='entypo-fontello' title='' data-avia-related-tooltip='Compartir en Whatsapp' rel=\"noopener\"><span class='avia_hidden_link_text'>Compartir en Whatsapp<\/span><\/a><\/li><li class='av-share-link av-social-link-linkedin' ><a target=\"_blank\" aria-label=\"Compartir en LinkedIn\" href='https:\/\/linkedin.com\/shareArticle?mini=true&#038;title=Coyhaique%20tiene%20la%20primera%20mujer%20cintur%C3%B3n%20negro%20en%20la%20disciplina%20de%20Judo&#038;url=https:\/\/radiorevelacionfm.cl\/?p=12307' aria-hidden='false' data-av_icon='\ue8fc' data-av_iconfont='entypo-fontello' title='' data-avia-related-tooltip='Compartir en LinkedIn' rel=\"noopener\"><span class='avia_hidden_link_text'>Compartir en LinkedIn<\/span><\/a><\/li><li class='av-share-link av-social-link-mail' ><a  aria-label=\"Compartir por correo\" href='mailto:?subject=Coyhaique%20tiene%20la%20primera%20mujer%20cintur%C3%B3n%20negro%20en%20la%20disciplina%20de%20Judo&#038;body=https:\/\/radiorevelacionfm.cl\/?p=12307' aria-hidden='false' data-av_icon='\ue805' data-av_iconfont='entypo-fontello' title='' data-avia-related-tooltip='Compartir por correo'><span class='avia_hidden_link_text'>Compartir por correo<\/span><\/a><\/li><\/ul><\/div><\/div>\n<div  style='height:50px' class='hr hr-invisible   avia-builder-el-8  el_after_av_social_share  el_before_av_comments_list '><span class='hr-inner ' ><span class='hr-inner-style'><\/span><\/span><\/div>\n<div  class='av-buildercomment  av-blog-meta-html-info-disabled av-blog-meta-tag-disabled  '><\/div>\n","protected":false},"excerpt":{"rendered":"","protected":false},"author":1,"featured_media":12308,"comment_status":"open","ping_status":"open","sticky":false,"template":"","format":"standard","meta":{"footnotes":""},"categories":[40],"tags":[],"class_list":["post-12307","post","type-post","status-publish","format-standard","has-post-thumbnail","hentry","category-deportes"],"jetpack_featured_media_url":"https:\/\/radiorevelacionfm.cl\/wp-content\/uploads\/2021\/12\/image-12-2.jpg","_links":{"self":[{"href":"https:\/\/radiorevelacionfm.cl\/index.php?rest_route=\/wp\/v2\/posts\/12307","targetHints":{"allow":["GET"]}}],"collection":[{"href":"https:\/\/radiorevelacionfm.cl\/index.php?rest_route=\/wp\/v2\/posts"}],"about":[{"href":"https:\/\/radiorevelacionfm.cl\/index.php?rest_route=\/wp\/v2\/types\/post"}],"author":[{"embeddable":true,"href":"https:\/\/radiorevelacionfm.cl\/index.php?rest_route=\/wp\/v2\/users\/1"}],"replies":[{"embeddable":true,"href":"https:\/\/radiorevelacionfm.cl\/index.php?rest_route=%2Fwp%2Fv2%2Fcomments&post=12307"}],"version-history":[{"count":2,"href":"https:\/\/radiorevelacionfm.cl\/index.php?rest_route=\/wp\/v2\/posts\/12307\/revisions"}],"predecessor-version":[{"id":12310,"href":"https:\/\/radiorevelacionfm.cl\/index.php?rest_route=\/wp\/v2\/posts\/12307\/revisions\/12310"}],"wp:featuredmedia":[{"embeddable":true,"href":"https:\/\/radiorevelacionfm.cl\/index.php?rest_route=\/wp\/v2\/media\/12308"}],"wp:attachment":[{"href":"https:\/\/radiorevelacionfm.cl\/index.php?rest_route=%2Fwp%2Fv2%2Fmedia&parent=12307"}],"wp:term":[{"taxonomy":"category","embeddable":true,"href":"https:\/\/radiorevelacionfm.cl\/index.php?rest_route=%2Fwp%2Fv2%2Fcategories&post=12307"},{"taxonomy":"post_tag","embeddable":true,"href":"https:\/\/radiorevelacionfm.cl\/index.php?rest_route=%2Fwp%2Fv2%2Ftags&post=12307"}],"curies":[{"name":"wp","href":"https:\/\/api.w.org\/{rel}","templated":true}]}}