{"id":12302,"date":"2021-12-28T15:46:59","date_gmt":"2021-12-28T18:46:59","guid":{"rendered":"https:\/\/radiorevelacionfm.cl\/?p=12302"},"modified":"2021-12-28T15:46:59","modified_gmt":"2021-12-28T18:46:59","slug":"conferencia-internacional-de-corfo-analizara-avances-en-latinoamerica-en-hidrogeno-verde","status":"publish","type":"post","link":"https:\/\/radiorevelacionfm.cl\/?p=12302","title":{"rendered":"Conferencia Internacional de Corfo analizar\u00e1 avances en latinoam\u00e9rica en hidr\u00f3geno verde"},"content":{"rendered":"<div class=\"flex_column av_one_full  flex_column_div av-zero-column-padding first  avia-builder-el-0  el_before_av_one_full  avia-builder-el-first  \" style='border-radius:0px; '><div  class='avia-image-container  av-styling-    avia-builder-el-1  avia-builder-el-no-sibling  avia-align-center '  itemprop=\"image\" itemscope=\"itemscope\" itemtype=\"https:\/\/schema.org\/ImageObject\"  ><div class='avia-image-container-inner'><div class='avia-image-overlay-wrap'><img decoding=\"async\" class='wp-image-12303 avia-img-lazy-loading-not-12303 avia_image' src=\"https:\/\/radiorevelacionfm.cl\/wp-content\/uploads\/2021\/12\/211228-HV-2-2.jpeg\" alt='' title='211228 HV-2-2' height=\"600\" width=\"960\"  itemprop=\"thumbnailUrl\" srcset=\"https:\/\/radiorevelacionfm.cl\/wp-content\/uploads\/2021\/12\/211228-HV-2-2.jpeg 960w, https:\/\/radiorevelacionfm.cl\/wp-content\/uploads\/2021\/12\/211228-HV-2-2-300x188.jpeg 300w, https:\/\/radiorevelacionfm.cl\/wp-content\/uploads\/2021\/12\/211228-HV-2-2-768x480.jpeg 768w, https:\/\/radiorevelacionfm.cl\/wp-content\/uploads\/2021\/12\/211228-HV-2-2-705x441.jpeg 705w, https:\/\/radiorevelacionfm.cl\/wp-content\/uploads\/2021\/12\/211228-HV-2-2-600x375.jpeg 600w\" sizes=\"(max-width: 960px) 100vw, 960px\" \/><\/div><\/div><\/div><\/div><div class=\"flex_column av_one_full  flex_column_div av-zero-column-padding first  avia-builder-el-2  el_after_av_one_full  el_before_av_one_full  column-top-margin\" style='border-radius:0px; '><section class=\"av_textblock_section \"  itemscope=\"itemscope\" itemtype=\"https:\/\/schema.org\/BlogPosting\" itemprop=\"blogPost\" ><div class='avia_textblock  '   itemprop=\"text\" ><p style=\"text-align: center;\"><strong><span style=\"font-size: 18pt;\">Conferencia Internacional de Corfo analizar\u00e1 avances en latinoam\u00e9rica en hidr\u00f3geno verde\u00a0<\/span><\/strong><\/p>\n<div id=\"gtx-trans\" style=\"position: absolute; left: -50px; top: 4.31534px;\">\n<div class=\"gtx-trans-icon\"><\/div>\n<\/div>\n<\/div><\/section><\/div><div class=\"flex_column av_one_full  flex_column_div av-zero-column-padding first  avia-builder-el-4  el_after_av_one_full  el_before_av_hr  column-top-margin\" style='border-radius:0px; '><section class=\"av_textblock_section \"  itemscope=\"itemscope\" itemtype=\"https:\/\/schema.org\/BlogPosting\" itemprop=\"blogPost\" ><div class='avia_textblock  '   itemprop=\"text\" ><p style=\"text-align: justify;\">Con el anuncio de una serie de proyectos en el norte y en el extremo sur, Chile avanza en su meta de posicionarse como pa\u00eds l\u00edder en producci\u00f3n de hidr\u00f3geno verde a nivel mundial. Es por esto que el pr\u00f3ximo 19 de enero de 2022, Corfo realizar\u00e1 la cuarta versi\u00f3n del <a href=\"https:\/\/www.greenh2summitchile.cl\/\" target=\"_blank\" rel=\"noopener noreferrer\">Green Hydrogen Summit<\/a>, encuentro apoyado por la Cepal y el Programa de Energ\u00edas Renovables de la GIZ, y financiado por la Uni\u00f3n Europea a trav\u00e9s de su programa de acci\u00f3n clim\u00e1tica <a href=\"https:\/\/euroclimaplus.org\/\" target=\"_blank\" rel=\"noopener noreferrer\">Euroclima+<\/a>. El evento espera congregar de manera virtual a miles de personas en torno al desarrollo de iniciativas de hidr\u00f3geno verde en Chile y Latinoam\u00e9rica.<\/p>\n<p style=\"text-align: justify;\">\u00abChile, gracias a sus ventajas en generaci\u00f3n de energ\u00edas renovables, con la mayor radiaci\u00f3n solar del mundo y con un excelente recurso e\u00f3lico, es uno de los pa\u00edses que destaca por su potencial para producir y exportar hidr\u00f3geno verde a nivel mundial, lo que permitir\u00e1 reducir los costos como sucedi\u00f3 con la industria fotovoltaica. Este encuentro, ser\u00e1 una oportunidad \u00fanica para posicionar a Chile como pa\u00eds l\u00edder en el desarrollo de esta industria, la cual ser\u00e1 clave para avanzar hacia la reactivaci\u00f3n sostenible, generando empleos y mejorando la calidad de vida de miles de personas y comunidades en el pa\u00eds y el resto del mundo\u00bb, indic\u00f3 Pablo Terrazas, vicepresidente ejecutivo de Corfo.<\/p>\n<p style=\"text-align: justify;\">Seg\u00fan estimaciones del Ministerio de Energ\u00eda, Chile deber\u00eda alcanzar a lo menos 25 GW de producci\u00f3n de hidr\u00f3geno verde para el 2030. Esta nueva versi\u00f3n del Green Hydrogen Summit 2022 abordar\u00e1 tem\u00e1ticas tales como, la situaci\u00f3n de los mercados locales frente a la irrupci\u00f3n del hidr\u00f3geno verde, y los desaf\u00edos tecnol\u00f3gicos que tiene la implementaci\u00f3n de proyectos energ\u00e9ticos en los pa\u00edses. Adem\u00e1s, se realizar\u00e1n presentaciones desde Antofagasta y Magallanes, regiones definidas como excepcionales para el desarrollo de este energ\u00e9tico, desde donde se analizar\u00e1n las oportunidades del llamado \u00abcombustible del futuro\u00bb en industrias claves para Chile como la minera y la portuaria, siendo esta \u00faltima de gran relevancia debido a su rol en el almacenamiento y transporte de este nuevo energ\u00e9tico.<\/p>\n<p style=\"text-align: justify;\">Otra de las novedades del encuentro ser\u00e1 el panel dedicado al cambio estructural que vive Am\u00e9rica Latina en materia energ\u00e9tica, en el cual el hidr\u00f3geno verde tendr\u00e1 un rol primordial. \u00abEn esta conferencia internacional abordaremos en forma concreta las necesidades que tiene nuestra regi\u00f3n latinoamericana para permitir la adopci\u00f3n de nuevas tecnolog\u00edas de energ\u00eda como es el caso del hidr\u00f3geno verde\u00bb, indic\u00f3 Joseluis Samaniego, director de la Divisi\u00f3n de Desarrollo Sostenible y Asentamientos Humanos de la CEPAL.<\/p>\n<p style=\"text-align: justify;\">El Green Hydrogen Summit 2022 se realiza en el marco de la alianza Chile &#8211; Uni\u00f3n Europea, para promover la acci\u00f3n clim\u00e1tica, tanto en Chile como en Am\u00e9rica Latina y el Caribe, a trav\u00e9s de su programa EUROCLIMA+. La Uni\u00f3n Europea y sus Estados Miembros se encuentran trabajando para promover el desarrollo del Hidr\u00f3geno Verde en Chile, a trav\u00e9s de una colaboraci\u00f3n que permita atraer inversi\u00f3n para el desarrollo de proyectos, fortalecimiento de I+D, desarrollo de capital humano y la cooperaci\u00f3n comercial.<\/p>\n<p style=\"text-align: justify;\">Tambi\u00e9n tiene el apoyo de los Ministerio de Energ\u00eda, Medioambiente y Ciencias, de la <a href=\"https:\/\/h2chile.cl\/\" target=\"_blank\" rel=\"noopener noreferrer\">Asociaci\u00f3n Chilena de Hidr\u00f3geno -H2 Chile-<\/a> y Prochile. Los interesados en participar pueden revisar el programa completo en<a href=\"https:\/\/www.greenh2summitchile.cl\/\" target=\"_blank\" rel=\"noopener noreferrer\">https:\/\/www.greenh2summitchile.<\/a><a href=\"https:\/\/www.greenh2summitchile.cl\/\" target=\"_blank\" rel=\"noopener noreferrer\">cl<\/a><a href=\"https:\/\/www.greenh2summitchile.cl\/\" target=\"_blank\" rel=\"noopener noreferrer\">\/<\/a>\u00a0 y las inscripciones son gratuitas.<\/p>\n<\/div><\/section><\/div><div  style='height:50px' class='hr hr-invisible   avia-builder-el-6  el_after_av_one_full  el_before_av_social_share '><span class='hr-inner ' ><span class='hr-inner-style'><\/span><\/span><\/div><\/p>\n<div  class='av-social-sharing-box  avia-builder-el-7  el_after_av_hr  el_before_av_hr  '><div class='av-share-box'><h5 class='av-share-link-description av-no-toc '>Compartir esta noticia<\/h5><ul class='av-share-box-list noLightbox'><li class='av-share-link av-social-link-facebook' ><a target=\"_blank\" aria-label=\"Compartir en Facebook\" href='https:\/\/www.facebook.com\/sharer.php?u=https:\/\/radiorevelacionfm.cl\/?p=12302&#038;t=Conferencia%20Internacional%20de%20Corfo%20analizar%C3%A1%20avances%20en%20latinoam%C3%A9rica%20en%20hidr%C3%B3geno%20verde' aria-hidden='false' data-av_icon='\ue8f3' data-av_iconfont='entypo-fontello' title='' data-avia-related-tooltip='Compartir en Facebook' rel=\"noopener\"><span class='avia_hidden_link_text'>Compartir en Facebook<\/span><\/a><\/li><li class='av-share-link av-social-link-twitter' ><a target=\"_blank\" aria-label=\"Compartir en Twitter\" href='https:\/\/twitter.com\/share?text=Conferencia%20Internacional%20de%20Corfo%20analizar%C3%A1%20avances%20en%20latinoam%C3%A9rica%20en%20hidr%C3%B3geno%20verde&#038;url=https:\/\/radiorevelacionfm.cl\/?p=12302' aria-hidden='false' data-av_icon='\ue8f1' data-av_iconfont='entypo-fontello' title='' data-avia-related-tooltip='Compartir en Twitter' rel=\"noopener\"><span class='avia_hidden_link_text'>Compartir en Twitter<\/span><\/a><\/li><li class='av-share-link av-social-link-whatsapp' ><a target=\"_blank\" aria-label=\"Compartir en Whatsapp\" href='https:\/\/api.whatsapp.com\/send?text=https:\/\/radiorevelacionfm.cl\/?p=12302' aria-hidden='false' data-av_icon='\uf232' data-av_iconfont='entypo-fontello' title='' data-avia-related-tooltip='Compartir en Whatsapp' rel=\"noopener\"><span class='avia_hidden_link_text'>Compartir en Whatsapp<\/span><\/a><\/li><li class='av-share-link av-social-link-linkedin' ><a target=\"_blank\" aria-label=\"Compartir en LinkedIn\" href='https:\/\/linkedin.com\/shareArticle?mini=true&#038;title=Conferencia%20Internacional%20de%20Corfo%20analizar%C3%A1%20avances%20en%20latinoam%C3%A9rica%20en%20hidr%C3%B3geno%20verde&#038;url=https:\/\/radiorevelacionfm.cl\/?p=12302' aria-hidden='false' data-av_icon='\ue8fc' data-av_iconfont='entypo-fontello' title='' data-avia-related-tooltip='Compartir en LinkedIn' rel=\"noopener\"><span class='avia_hidden_link_text'>Compartir en LinkedIn<\/span><\/a><\/li><li class='av-share-link av-social-link-mail' ><a  aria-label=\"Compartir por correo\" href='mailto:?subject=Conferencia%20Internacional%20de%20Corfo%20analizar%C3%A1%20avances%20en%20latinoam%C3%A9rica%20en%20hidr%C3%B3geno%20verde&#038;body=https:\/\/radiorevelacionfm.cl\/?p=12302' aria-hidden='false' data-av_icon='\ue805' data-av_iconfont='entypo-fontello' title='' data-avia-related-tooltip='Compartir por correo'><span class='avia_hidden_link_text'>Compartir por correo<\/span><\/a><\/li><\/ul><\/div><\/div>\n<div  style='height:50px' class='hr hr-invisible   avia-builder-el-8  el_after_av_social_share  el_before_av_comments_list '><span class='hr-inner ' ><span class='hr-inner-style'><\/span><\/span><\/div>\n<div  class='av-buildercomment  av-blog-meta-html-info-disabled av-blog-meta-tag-disabled  '><\/div>\n","protected":false},"excerpt":{"rendered":"","protected":false},"author":1,"featured_media":12303,"comment_status":"open","ping_status":"open","sticky":false,"template":"","format":"standard","meta":{"footnotes":""},"categories":[39],"tags":[],"class_list":["post-12302","post","type-post","status-publish","format-standard","has-post-thumbnail","hentry","category-medio-ambiente"],"jetpack_featured_media_url":"https:\/\/radiorevelacionfm.cl\/wp-content\/uploads\/2021\/12\/211228-HV-2-2.jpeg","_links":{"self":[{"href":"https:\/\/radiorevelacionfm.cl\/index.php?rest_route=\/wp\/v2\/posts\/12302","targetHints":{"allow":["GET"]}}],"collection":[{"href":"https:\/\/radiorevelacionfm.cl\/index.php?rest_route=\/wp\/v2\/posts"}],"about":[{"href":"https:\/\/radiorevelacionfm.cl\/index.php?rest_route=\/wp\/v2\/types\/post"}],"author":[{"embeddable":true,"href":"https:\/\/radiorevelacionfm.cl\/index.php?rest_route=\/wp\/v2\/users\/1"}],"replies":[{"embeddable":true,"href":"https:\/\/radiorevelacionfm.cl\/index.php?rest_route=%2Fwp%2Fv2%2Fcomments&post=12302"}],"version-history":[{"count":2,"href":"https:\/\/radiorevelacionfm.cl\/index.php?rest_route=\/wp\/v2\/posts\/12302\/revisions"}],"predecessor-version":[{"id":12306,"href":"https:\/\/radiorevelacionfm.cl\/index.php?rest_route=\/wp\/v2\/posts\/12302\/revisions\/12306"}],"wp:featuredmedia":[{"embeddable":true,"href":"https:\/\/radiorevelacionfm.cl\/index.php?rest_route=\/wp\/v2\/media\/12303"}],"wp:attachment":[{"href":"https:\/\/radiorevelacionfm.cl\/index.php?rest_route=%2Fwp%2Fv2%2Fmedia&parent=12302"}],"wp:term":[{"taxonomy":"category","embeddable":true,"href":"https:\/\/radiorevelacionfm.cl\/index.php?rest_route=%2Fwp%2Fv2%2Fcategories&post=12302"},{"taxonomy":"post_tag","embeddable":true,"href":"https:\/\/radiorevelacionfm.cl\/index.php?rest_route=%2Fwp%2Fv2%2Ftags&post=12302"}],"curies":[{"name":"wp","href":"https:\/\/api.w.org\/{rel}","templated":true}]}}