{"id":12299,"date":"2021-12-28T15:17:10","date_gmt":"2021-12-28T18:17:10","guid":{"rendered":"https:\/\/radiorevelacionfm.cl\/?p=12299"},"modified":"2021-12-28T15:17:10","modified_gmt":"2021-12-28T18:17:10","slug":"mas-de-1-800-millones-destinara-el-gobierno-regional-para-organizaciones-sociales","status":"publish","type":"post","link":"https:\/\/radiorevelacionfm.cl\/?p=12299","title":{"rendered":"M\u00e1s de 1.800 millones destinar\u00e1 el Gobierno Regional para organizaciones sociales"},"content":{"rendered":"<div class=\"flex_column av_one_full  flex_column_div av-zero-column-padding first  avia-builder-el-0  el_before_av_one_full  avia-builder-el-first  \" style='border-radius:0px; '><div  class='avia-image-container  av-styling-    avia-builder-el-1  avia-builder-el-no-sibling  avia-align-center '  itemprop=\"image\" itemscope=\"itemscope\" itemtype=\"https:\/\/schema.org\/ImageObject\"  ><div class='avia-image-container-inner'><div class='avia-image-overlay-wrap'><img decoding=\"async\" class='wp-image-12300 avia-img-lazy-loading-not-12300 avia_image' src=\"https:\/\/radiorevelacionfm.cl\/wp-content\/uploads\/2021\/12\/Foto-2-2.jpeg\" alt='' title='Foto-2-2' height=\"600\" width=\"900\"  itemprop=\"thumbnailUrl\" srcset=\"https:\/\/radiorevelacionfm.cl\/wp-content\/uploads\/2021\/12\/Foto-2-2.jpeg 900w, https:\/\/radiorevelacionfm.cl\/wp-content\/uploads\/2021\/12\/Foto-2-2-300x200.jpeg 300w, https:\/\/radiorevelacionfm.cl\/wp-content\/uploads\/2021\/12\/Foto-2-2-768x512.jpeg 768w, https:\/\/radiorevelacionfm.cl\/wp-content\/uploads\/2021\/12\/Foto-2-2-705x470.jpeg 705w, https:\/\/radiorevelacionfm.cl\/wp-content\/uploads\/2021\/12\/Foto-2-2-600x400.jpeg 600w\" sizes=\"(max-width: 900px) 100vw, 900px\" \/><\/div><\/div><\/div><\/div><div class=\"flex_column av_one_full  flex_column_div av-zero-column-padding first  avia-builder-el-2  el_after_av_one_full  el_before_av_one_full  column-top-margin\" style='border-radius:0px; '><section class=\"av_textblock_section \"  itemscope=\"itemscope\" itemtype=\"https:\/\/schema.org\/BlogPosting\" itemprop=\"blogPost\" ><div class='avia_textblock  '   itemprop=\"text\" ><p style=\"text-align: center;\"><span style=\"font-size: 18pt;\"><b>M\u00e1s de 1.800 millones destinar\u00e1 el Gobierno Regional para organizaciones sociales<\/b><\/span><\/p>\n<div id=\"gtx-trans\" style=\"position: absolute; left: -50px; top: 4.31534px;\">\n<div class=\"gtx-trans-icon\"><\/div>\n<\/div>\n<\/div><\/section><\/div><div class=\"flex_column av_one_full  flex_column_div av-zero-column-padding first  avia-builder-el-4  el_after_av_one_full  el_before_av_hr  column-top-margin\" style='border-radius:0px; '><section class=\"av_textblock_section \"  itemscope=\"itemscope\" itemtype=\"https:\/\/schema.org\/BlogPosting\" itemprop=\"blogPost\" ><div class='avia_textblock  '   itemprop=\"text\" ><p style=\"text-align: justify;\">\u00abTenemos un tremendo desaf\u00edo como regi\u00f3n, ustedes saben lo importante que resulta el trabajo presupuestario para poder proyectar todo lo que se ven en materia de inversi\u00f3n, reiterar la disposici\u00f3n como administraci\u00f3n a sostener la conversaci\u00f3n, el di\u00e1logo permanente, creo que es la forma de trabajar de avanzar de manera conjunta\u00bb, afirmaba la m\u00e1xima autoridad regional luego de aprobarse la partida presupuestaria para el 2022, convirti\u00e9ndose la Regi\u00f3n de Ays\u00e9n en la primera en tener aprobado el Presupuesto 2022.<\/p>\n<p style=\"text-align: justify;\">Los \u00e9nfasis puestos por la actual administraci\u00f3n, est\u00e1n en el apoyo directo a las familias de la regi\u00f3n, a trav\u00e9s del impulso de las organizaciones sociales y las fuerzas vivas en el territorio.<\/p>\n<p style=\"text-align: justify;\">Esta disposici\u00f3n fue bien valorada por parte de los Consejeros Regionales, en particular, para el Consejero Gustavo Villarroel, presidente de la Comisi\u00f3n Social. \u00abEstamos contentos porque se est\u00e1 cumpliendo lo prometido en t\u00e9rminos de que vamos a disponer de una suma importante de recursos para el a\u00f1o 2022, pr\u00e1cticamente el 78 mil millones de pesos que, aunque si bien es cierto hay un arrastre importante de compromisos contra\u00eddos en materia de programas y proyectos particularmente, nos va a asegurar desarrollar un buen trabajo presupuestario durante el a\u00f1o 2022\u00bb, comenta el consejero.<\/p>\n<p style=\"text-align: justify;\">\u00abHay que recordar que hemos tenido dificultades este a\u00f1o particularmente por el tema de la pandemia, algunos proyectos quedaron detenidos en el camino porque las propias empresas que se adjudicaron esos proyectos no pudieron avanzar en virtud de la escasez de materiales. Eso ha significado alguna paralizaci\u00f3n de algunos proyectos como algunas postas rurales y otros pero que esperamos retomar pr\u00f3ximamente para seguir avanzando. Creo que estamos cumpliendo se est\u00e1 desarrollando un trabajo serio, responsable y tenemos que tambi\u00e9n transmitir esta confianza a la ciudadan\u00eda de que el Gobierno Regional y su Consejo Regional est\u00e1 realizando un buen trabajo en pos del desarrollo de la regi\u00f3n de Ays\u00e9n\u00bb, contin\u00faa Villarroel.<\/p>\n<p style=\"text-align: justify;\">Destacando que, de manera muy especial, la Gobernadora Regional ha puesto el acento en apoyar el mejoramiento de calidad de vida de nuestros habitantes. \u00abAll\u00ed hemos vuelto a poner \u00e9nfasis en lo social porque es unos de los temas sensibles para nuestra comunidad y para ellos van a estar dirigidos tambi\u00e9n varios proyectos y programas, incluso el aumento del 6 al 7% de la distribuci\u00f3n en lo que corresponde a los concursos en materia de deporte, social, cultura, seguridad y medio ambiente que se viene a poner a disposici\u00f3n de las organizaciones sociales\u00bb.<\/p>\n<p style=\"text-align: justify;\">Finalmente, la Gobernadora Regional destac\u00f3 el trabajo profesional de los Consejeros y Consejera, jefes de divisi\u00f3n y profesionales del Gobierno Regional para aunar esfuerzos por el desarrollo de la regi\u00f3n. \u00abAqu\u00ed el partido com\u00fan es el desarrollo de la regi\u00f3n de Ays\u00e9n as\u00ed que espero que podamos seguir trabajando por una mejor regi\u00f3n de todos y todas\u00bb.<\/p>\n<\/div><\/section><\/div><div  style='height:50px' class='hr hr-invisible   avia-builder-el-6  el_after_av_one_full  el_before_av_social_share '><span class='hr-inner ' ><span class='hr-inner-style'><\/span><\/span><\/div><\/p>\n<div  class='av-social-sharing-box  avia-builder-el-7  el_after_av_hr  el_before_av_hr  '><div class='av-share-box'><h5 class='av-share-link-description av-no-toc '>Compartir esta noticia<\/h5><ul class='av-share-box-list noLightbox'><li class='av-share-link av-social-link-facebook' ><a target=\"_blank\" aria-label=\"Compartir en Facebook\" href='https:\/\/www.facebook.com\/sharer.php?u=https:\/\/radiorevelacionfm.cl\/?p=12299&#038;t=M%C3%A1s%20de%201.800%20millones%20destinar%C3%A1%20el%20Gobierno%20Regional%20para%20organizaciones%20sociales' aria-hidden='false' data-av_icon='\ue8f3' data-av_iconfont='entypo-fontello' title='' data-avia-related-tooltip='Compartir en Facebook' rel=\"noopener\"><span class='avia_hidden_link_text'>Compartir en Facebook<\/span><\/a><\/li><li class='av-share-link av-social-link-twitter' ><a target=\"_blank\" aria-label=\"Compartir en Twitter\" href='https:\/\/twitter.com\/share?text=M%C3%A1s%20de%201.800%20millones%20destinar%C3%A1%20el%20Gobierno%20Regional%20para%20organizaciones%20sociales&#038;url=https:\/\/radiorevelacionfm.cl\/?p=12299' aria-hidden='false' data-av_icon='\ue8f1' data-av_iconfont='entypo-fontello' title='' data-avia-related-tooltip='Compartir en Twitter' rel=\"noopener\"><span class='avia_hidden_link_text'>Compartir en Twitter<\/span><\/a><\/li><li class='av-share-link av-social-link-whatsapp' ><a target=\"_blank\" aria-label=\"Compartir en Whatsapp\" href='https:\/\/api.whatsapp.com\/send?text=https:\/\/radiorevelacionfm.cl\/?p=12299' aria-hidden='false' data-av_icon='\uf232' data-av_iconfont='entypo-fontello' title='' data-avia-related-tooltip='Compartir en Whatsapp' rel=\"noopener\"><span class='avia_hidden_link_text'>Compartir en Whatsapp<\/span><\/a><\/li><li class='av-share-link av-social-link-linkedin' ><a target=\"_blank\" aria-label=\"Compartir en LinkedIn\" href='https:\/\/linkedin.com\/shareArticle?mini=true&#038;title=M%C3%A1s%20de%201.800%20millones%20destinar%C3%A1%20el%20Gobierno%20Regional%20para%20organizaciones%20sociales&#038;url=https:\/\/radiorevelacionfm.cl\/?p=12299' aria-hidden='false' data-av_icon='\ue8fc' data-av_iconfont='entypo-fontello' title='' data-avia-related-tooltip='Compartir en LinkedIn' rel=\"noopener\"><span class='avia_hidden_link_text'>Compartir en LinkedIn<\/span><\/a><\/li><li class='av-share-link av-social-link-mail' ><a  aria-label=\"Compartir por correo\" href='mailto:?subject=M%C3%A1s%20de%201.800%20millones%20destinar%C3%A1%20el%20Gobierno%20Regional%20para%20organizaciones%20sociales&#038;body=https:\/\/radiorevelacionfm.cl\/?p=12299' aria-hidden='false' data-av_icon='\ue805' data-av_iconfont='entypo-fontello' title='' data-avia-related-tooltip='Compartir por correo'><span class='avia_hidden_link_text'>Compartir por correo<\/span><\/a><\/li><\/ul><\/div><\/div>\n<div  style='height:50px' class='hr hr-invisible   avia-builder-el-8  el_after_av_social_share  el_before_av_comments_list '><span class='hr-inner ' ><span class='hr-inner-style'><\/span><\/span><\/div>\n<div  class='av-buildercomment  av-blog-meta-html-info-disabled av-blog-meta-tag-disabled  '><\/div>\n","protected":false},"excerpt":{"rendered":"","protected":false},"author":1,"featured_media":12300,"comment_status":"open","ping_status":"open","sticky":false,"template":"","format":"standard","meta":{"footnotes":""},"categories":[38],"tags":[],"class_list":["post-12299","post","type-post","status-publish","format-standard","has-post-thumbnail","hentry","category-regional"],"jetpack_featured_media_url":"https:\/\/radiorevelacionfm.cl\/wp-content\/uploads\/2021\/12\/Foto-2-2.jpeg","_links":{"self":[{"href":"https:\/\/radiorevelacionfm.cl\/index.php?rest_route=\/wp\/v2\/posts\/12299","targetHints":{"allow":["GET"]}}],"collection":[{"href":"https:\/\/radiorevelacionfm.cl\/index.php?rest_route=\/wp\/v2\/posts"}],"about":[{"href":"https:\/\/radiorevelacionfm.cl\/index.php?rest_route=\/wp\/v2\/types\/post"}],"author":[{"embeddable":true,"href":"https:\/\/radiorevelacionfm.cl\/index.php?rest_route=\/wp\/v2\/users\/1"}],"replies":[{"embeddable":true,"href":"https:\/\/radiorevelacionfm.cl\/index.php?rest_route=%2Fwp%2Fv2%2Fcomments&post=12299"}],"version-history":[{"count":2,"href":"https:\/\/radiorevelacionfm.cl\/index.php?rest_route=\/wp\/v2\/posts\/12299\/revisions"}],"predecessor-version":[{"id":12305,"href":"https:\/\/radiorevelacionfm.cl\/index.php?rest_route=\/wp\/v2\/posts\/12299\/revisions\/12305"}],"wp:featuredmedia":[{"embeddable":true,"href":"https:\/\/radiorevelacionfm.cl\/index.php?rest_route=\/wp\/v2\/media\/12300"}],"wp:attachment":[{"href":"https:\/\/radiorevelacionfm.cl\/index.php?rest_route=%2Fwp%2Fv2%2Fmedia&parent=12299"}],"wp:term":[{"taxonomy":"category","embeddable":true,"href":"https:\/\/radiorevelacionfm.cl\/index.php?rest_route=%2Fwp%2Fv2%2Fcategories&post=12299"},{"taxonomy":"post_tag","embeddable":true,"href":"https:\/\/radiorevelacionfm.cl\/index.php?rest_route=%2Fwp%2Fv2%2Ftags&post=12299"}],"curies":[{"name":"wp","href":"https:\/\/api.w.org\/{rel}","templated":true}]}}