{"id":12294,"date":"2021-12-28T13:37:04","date_gmt":"2021-12-28T16:37:04","guid":{"rendered":"https:\/\/radiorevelacionfm.cl\/?p=12294"},"modified":"2021-12-28T13:37:04","modified_gmt":"2021-12-28T16:37:04","slug":"sandoval-destaca-aprobacion-de-ley-que-mejora-condiciones-a-embarcaciones-pesqueras","status":"publish","type":"post","link":"https:\/\/radiorevelacionfm.cl\/?p=12294","title":{"rendered":"Sandoval destaca aprobaci\u00f3n de ley que mejora condiciones a embarcaciones pesqueras"},"content":{"rendered":"<div class=\"flex_column av_one_full  flex_column_div av-zero-column-padding first  avia-builder-el-0  el_before_av_one_full  avia-builder-el-first  \" style='border-radius:0px; '><div  class='avia-image-container  av-styling-    avia-builder-el-1  avia-builder-el-no-sibling  avia-align-center '  itemprop=\"image\" itemscope=\"itemscope\" itemtype=\"https:\/\/schema.org\/ImageObject\"  ><div class='avia-image-container-inner'><div class='avia-image-overlay-wrap'><img decoding=\"async\" class='wp-image-5969 avia-img-lazy-loading-not-5969 avia_image' src=\"https:\/\/radiorevelacionfm.cl\/wp-content\/uploads\/2021\/07\/Senador-David-Sandoval-1-1.jpg\" alt='' title='Senador David Sandoval (1) (1)' height=\"600\" width=\"900\"  itemprop=\"thumbnailUrl\" srcset=\"https:\/\/radiorevelacionfm.cl\/wp-content\/uploads\/2021\/07\/Senador-David-Sandoval-1-1.jpg 900w, https:\/\/radiorevelacionfm.cl\/wp-content\/uploads\/2021\/07\/Senador-David-Sandoval-1-1-300x200.jpg 300w, https:\/\/radiorevelacionfm.cl\/wp-content\/uploads\/2021\/07\/Senador-David-Sandoval-1-1-768x512.jpg 768w, https:\/\/radiorevelacionfm.cl\/wp-content\/uploads\/2021\/07\/Senador-David-Sandoval-1-1-705x470.jpg 705w, https:\/\/radiorevelacionfm.cl\/wp-content\/uploads\/2021\/07\/Senador-David-Sandoval-1-1-600x400.jpg 600w\" sizes=\"(max-width: 900px) 100vw, 900px\" \/><\/div><\/div><\/div><\/div><div class=\"flex_column av_one_full  flex_column_div av-zero-column-padding first  avia-builder-el-2  el_after_av_one_full  el_before_av_one_full  column-top-margin\" style='border-radius:0px; '><section class=\"av_textblock_section \"  itemscope=\"itemscope\" itemtype=\"https:\/\/schema.org\/BlogPosting\" itemprop=\"blogPost\" ><div class='avia_textblock  '   itemprop=\"text\" ><p style=\"text-align: center;\"><strong><span style=\"font-size: 18pt;\">Sandoval destaca aprobacio\u0301n de ley que mejora condiciones a embarcaciones pesqueras<\/span><\/strong><\/p>\n<div id=\"gtx-trans\" style=\"position: absolute; left: -50px; top: 4.31534px;\">\n<div class=\"gtx-trans-icon\"><\/div>\n<\/div>\n<\/div><\/section><\/div><div class=\"flex_column av_one_full  flex_column_div av-zero-column-padding first  avia-builder-el-4  el_after_av_one_full  el_before_av_hr  column-top-margin\" style='border-radius:0px; '><section class=\"av_textblock_section \"  itemscope=\"itemscope\" itemtype=\"https:\/\/schema.org\/BlogPosting\" itemprop=\"blogPost\" ><div class='avia_textblock  '   itemprop=\"text\" ><p style=\"text-align: justify;\">El senador David Sandoval destac\u00f3 la reciente aprobaci\u00f3n del proyecto de ley que modifica la Ley General de Pesca y Acuicultura, en materia de espacios de habitabilidad de embarcaciones pesqueras artesanales y embarcaciones menores prestadoras de servicios a la acuicultura.<\/p>\n<p style=\"text-align: justify;\">El parlamentario record\u00f3 que este tema, surgi\u00f3 en primera instancia, a trav\u00e9s de un primer proyecto de ley de su autor\u00eda, presentado en el a\u00f1o 2015 cuando ejerc\u00eda el cargo de diputado, donde posteriormente y despu\u00e9s de una larga tramitaci\u00f3n, se promulga la ley 21.287 (diciembre del 2020) conocida como \u201cLey de Habitabilidad\u201d. Luego de aquello, surge esta nueva iniciativa, la que viene a incorporar una serie de correcciones a dicha ley.<\/p>\n<p style=\"text-align: justify;\">\u201cEs un proyecto que se enmarca dentro de lo que significa la calidad de vida del mundo del trabajo de la pesca en general y en particular de la pesca artesanal\u201d, indic\u00f3.<\/p>\n<p style=\"text-align: justify;\">Sandoval explic\u00f3 que el objetivo es que estas naves \u201ctengan todas las condiciones para darle no solamente seguridad desde el punto de vista de navegaci\u00f3n, sino que tambi\u00e9n calidad de vida a quienes prestan estas labores\u201d, entendiendo por condiciones de habitabilidad los dormitorios, servicios de comedor, servicios higi\u00e9nico, entre otros.<\/p>\n<p style=\"text-align: justify;\">De esta manera, se ratific\u00f3 que\u00a0una embarcaci\u00f3n pesquera artesanal o embarcaci\u00f3n artesanal es aquella explotada por un armador artesanal e inscrita en el Registro Pesquero Artesanal, de una eslora m\u00e1xima no superior a 18 metros y 80 metros c\u00fabicos de capacidad de bodega, garantizando la seguridad y el que no haya aumento del esfuerzo pesquero.<\/p>\n<p style=\"text-align: justify;\">Adem\u00e1s, estas embarcaciones con espacios cerrados deber\u00e1n contar con \u00e1reas destinadas \u00fanica y exclusivamente a la habitabilidad y bienestar de la dotaci\u00f3n, es decir, cocina, comedor, camarotes, puente, ba\u00f1os y salas de descanso, que den garant\u00edas de seguridad y navegabilidad, conforme las condiciones que fije el reglamento.<\/p>\n<p style=\"text-align: justify;\">Con esto, el texto qued\u00f3 en condiciones de convertirse en ley, pues el informe ya fue ratificado por la C\u00e1mara.<\/p>\n<\/div><\/section><\/div><div  style='height:50px' class='hr hr-invisible   avia-builder-el-6  el_after_av_one_full  el_before_av_social_share '><span class='hr-inner ' ><span class='hr-inner-style'><\/span><\/span><\/div><\/p>\n<div  class='av-social-sharing-box  avia-builder-el-7  el_after_av_hr  el_before_av_hr  '><div class='av-share-box'><h5 class='av-share-link-description av-no-toc '>Compartir esta noticia<\/h5><ul class='av-share-box-list noLightbox'><li class='av-share-link av-social-link-facebook' ><a target=\"_blank\" aria-label=\"Compartir en Facebook\" href='https:\/\/www.facebook.com\/sharer.php?u=https:\/\/radiorevelacionfm.cl\/?p=12294&#038;t=Sandoval%20destaca%20aprobaci%C3%B3n%20de%20ley%20que%20mejora%20condiciones%20a%20embarcaciones%20pesqueras' aria-hidden='false' data-av_icon='\ue8f3' data-av_iconfont='entypo-fontello' title='' data-avia-related-tooltip='Compartir en Facebook' rel=\"noopener\"><span class='avia_hidden_link_text'>Compartir en Facebook<\/span><\/a><\/li><li class='av-share-link av-social-link-twitter' ><a target=\"_blank\" aria-label=\"Compartir en Twitter\" href='https:\/\/twitter.com\/share?text=Sandoval%20destaca%20aprobaci%C3%B3n%20de%20ley%20que%20mejora%20condiciones%20a%20embarcaciones%20pesqueras&#038;url=https:\/\/radiorevelacionfm.cl\/?p=12294' aria-hidden='false' data-av_icon='\ue8f1' data-av_iconfont='entypo-fontello' title='' data-avia-related-tooltip='Compartir en Twitter' rel=\"noopener\"><span class='avia_hidden_link_text'>Compartir en Twitter<\/span><\/a><\/li><li class='av-share-link av-social-link-whatsapp' ><a target=\"_blank\" aria-label=\"Compartir en Whatsapp\" href='https:\/\/api.whatsapp.com\/send?text=https:\/\/radiorevelacionfm.cl\/?p=12294' aria-hidden='false' data-av_icon='\uf232' data-av_iconfont='entypo-fontello' title='' data-avia-related-tooltip='Compartir en Whatsapp' rel=\"noopener\"><span class='avia_hidden_link_text'>Compartir en Whatsapp<\/span><\/a><\/li><li class='av-share-link av-social-link-linkedin' ><a target=\"_blank\" aria-label=\"Compartir en LinkedIn\" href='https:\/\/linkedin.com\/shareArticle?mini=true&#038;title=Sandoval%20destaca%20aprobaci%C3%B3n%20de%20ley%20que%20mejora%20condiciones%20a%20embarcaciones%20pesqueras&#038;url=https:\/\/radiorevelacionfm.cl\/?p=12294' aria-hidden='false' data-av_icon='\ue8fc' data-av_iconfont='entypo-fontello' title='' data-avia-related-tooltip='Compartir en LinkedIn' rel=\"noopener\"><span class='avia_hidden_link_text'>Compartir en LinkedIn<\/span><\/a><\/li><li class='av-share-link av-social-link-mail' ><a  aria-label=\"Compartir por correo\" href='mailto:?subject=Sandoval%20destaca%20aprobaci%C3%B3n%20de%20ley%20que%20mejora%20condiciones%20a%20embarcaciones%20pesqueras&#038;body=https:\/\/radiorevelacionfm.cl\/?p=12294' aria-hidden='false' data-av_icon='\ue805' data-av_iconfont='entypo-fontello' title='' data-avia-related-tooltip='Compartir por correo'><span class='avia_hidden_link_text'>Compartir por correo<\/span><\/a><\/li><\/ul><\/div><\/div>\n<div  style='height:50px' class='hr hr-invisible   avia-builder-el-8  el_after_av_social_share  el_before_av_comments_list '><span class='hr-inner ' ><span class='hr-inner-style'><\/span><\/span><\/div>\n<div  class='av-buildercomment  av-blog-meta-html-info-disabled av-blog-meta-tag-disabled  '><\/div>\n","protected":false},"excerpt":{"rendered":"","protected":false},"author":1,"featured_media":5969,"comment_status":"open","ping_status":"open","sticky":false,"template":"","format":"standard","meta":{"footnotes":""},"categories":[35],"tags":[],"class_list":["post-12294","post","type-post","status-publish","format-standard","has-post-thumbnail","hentry","category-politica"],"jetpack_featured_media_url":"https:\/\/radiorevelacionfm.cl\/wp-content\/uploads\/2021\/07\/Senador-David-Sandoval-1-1.jpg","_links":{"self":[{"href":"https:\/\/radiorevelacionfm.cl\/index.php?rest_route=\/wp\/v2\/posts\/12294","targetHints":{"allow":["GET"]}}],"collection":[{"href":"https:\/\/radiorevelacionfm.cl\/index.php?rest_route=\/wp\/v2\/posts"}],"about":[{"href":"https:\/\/radiorevelacionfm.cl\/index.php?rest_route=\/wp\/v2\/types\/post"}],"author":[{"embeddable":true,"href":"https:\/\/radiorevelacionfm.cl\/index.php?rest_route=\/wp\/v2\/users\/1"}],"replies":[{"embeddable":true,"href":"https:\/\/radiorevelacionfm.cl\/index.php?rest_route=%2Fwp%2Fv2%2Fcomments&post=12294"}],"version-history":[{"count":2,"href":"https:\/\/radiorevelacionfm.cl\/index.php?rest_route=\/wp\/v2\/posts\/12294\/revisions"}],"predecessor-version":[{"id":12298,"href":"https:\/\/radiorevelacionfm.cl\/index.php?rest_route=\/wp\/v2\/posts\/12294\/revisions\/12298"}],"wp:featuredmedia":[{"embeddable":true,"href":"https:\/\/radiorevelacionfm.cl\/index.php?rest_route=\/wp\/v2\/media\/5969"}],"wp:attachment":[{"href":"https:\/\/radiorevelacionfm.cl\/index.php?rest_route=%2Fwp%2Fv2%2Fmedia&parent=12294"}],"wp:term":[{"taxonomy":"category","embeddable":true,"href":"https:\/\/radiorevelacionfm.cl\/index.php?rest_route=%2Fwp%2Fv2%2Fcategories&post=12294"},{"taxonomy":"post_tag","embeddable":true,"href":"https:\/\/radiorevelacionfm.cl\/index.php?rest_route=%2Fwp%2Fv2%2Ftags&post=12294"}],"curies":[{"name":"wp","href":"https:\/\/api.w.org\/{rel}","templated":true}]}}