{"id":12290,"date":"2021-12-28T11:17:59","date_gmt":"2021-12-28T14:17:59","guid":{"rendered":"https:\/\/radiorevelacionfm.cl\/?p=12290"},"modified":"2021-12-28T11:17:59","modified_gmt":"2021-12-28T14:17:59","slug":"dirigentes-de-los-comites-el-nogal-y-llave-sonada-de-puerto-aysen-celebraron-la-entrega-de-subsidios-habitacionales","status":"publish","type":"post","link":"https:\/\/radiorevelacionfm.cl\/?p=12290","title":{"rendered":"Dirigentes de los comit\u00e9s El Nogal y Llave So\u00f1ada de Puerto Ays\u00e9n celebraron la entrega de subsidios habitacionales"},"content":{"rendered":"<div class=\"flex_column av_one_full  flex_column_div av-zero-column-padding first  avia-builder-el-0  el_before_av_one_full  avia-builder-el-first  \" style='border-radius:0px; '><div  class='avia-image-container  av-styling-    avia-builder-el-1  avia-builder-el-no-sibling  avia-align-center '  itemprop=\"image\" itemscope=\"itemscope\" itemtype=\"https:\/\/schema.org\/ImageObject\"  ><div class='avia-image-container-inner'><div class='avia-image-overlay-wrap'><img decoding=\"async\" class='wp-image-12291 avia-img-lazy-loading-not-12291 avia_image' src=\"https:\/\/radiorevelacionfm.cl\/wp-content\/uploads\/2021\/12\/FOTO-SUBSIDIOS-PTO-AYSEN-2-2.jpeg\" alt='' title='FOTO SUBSIDIOS PTO AYSEN-2-2' height=\"600\" width=\"1506\"  itemprop=\"thumbnailUrl\" srcset=\"https:\/\/radiorevelacionfm.cl\/wp-content\/uploads\/2021\/12\/FOTO-SUBSIDIOS-PTO-AYSEN-2-2.jpeg 1506w, https:\/\/radiorevelacionfm.cl\/wp-content\/uploads\/2021\/12\/FOTO-SUBSIDIOS-PTO-AYSEN-2-2-300x120.jpeg 300w, https:\/\/radiorevelacionfm.cl\/wp-content\/uploads\/2021\/12\/FOTO-SUBSIDIOS-PTO-AYSEN-2-2-1030x410.jpeg 1030w, https:\/\/radiorevelacionfm.cl\/wp-content\/uploads\/2021\/12\/FOTO-SUBSIDIOS-PTO-AYSEN-2-2-768x306.jpeg 768w, https:\/\/radiorevelacionfm.cl\/wp-content\/uploads\/2021\/12\/FOTO-SUBSIDIOS-PTO-AYSEN-2-2-1500x598.jpeg 1500w, https:\/\/radiorevelacionfm.cl\/wp-content\/uploads\/2021\/12\/FOTO-SUBSIDIOS-PTO-AYSEN-2-2-705x281.jpeg 705w, https:\/\/radiorevelacionfm.cl\/wp-content\/uploads\/2021\/12\/FOTO-SUBSIDIOS-PTO-AYSEN-2-2-600x239.jpeg 600w\" sizes=\"(max-width: 1506px) 100vw, 1506px\" \/><\/div><\/div><\/div><\/div><div class=\"flex_column av_one_full  flex_column_div av-zero-column-padding first  avia-builder-el-2  el_after_av_one_full  el_before_av_one_full  column-top-margin\" style='border-radius:0px; '><section class=\"av_textblock_section \"  itemscope=\"itemscope\" itemtype=\"https:\/\/schema.org\/BlogPosting\" itemprop=\"blogPost\" ><div class='avia_textblock  '   itemprop=\"text\" ><p style=\"text-align: center;\"><span style=\"font-size: 18pt;\"><strong>Dirigentes de los comit\u00e9s El Nogal y Llave So\u00f1ada de Puerto Ays\u00e9n celebraron la entrega de subsidios habitacionales<\/strong><\/span><\/p>\n<div id=\"gtx-trans\" style=\"position: absolute; left: -50px; top: 4.31534px;\">\n<div class=\"gtx-trans-icon\"><\/div>\n<\/div>\n<\/div><\/section><\/div><div class=\"flex_column av_one_full  flex_column_div av-zero-column-padding first  avia-builder-el-4  el_after_av_one_full  el_before_av_hr  column-top-margin\" style='border-radius:0px; '><section class=\"av_textblock_section \"  itemscope=\"itemscope\" itemtype=\"https:\/\/schema.org\/BlogPosting\" itemprop=\"blogPost\" ><div class='avia_textblock  '   itemprop=\"text\" ><p style=\"text-align: justify;\">Como un gran paso para concretar el sue\u00f1o de la casa propia calificaron las dirigentes de los comit\u00e9s de Puerto Ays\u00e9n El Nogal y Llave So\u00f1ada la entrega de los subsidios para sus socios, hecho que tambi\u00e9n fue resaltado por\u00a0el diputado Miguel \u00c1ngel Calisto, quien ha estado colaborando con estos comit\u00e9s desde el inicio de su periodo parlamentario.<\/p>\n<p style=\"text-align: justify;\">Seg\u00fan el diputado Calisto, \u201cestamos muy contentos tras la entrega de subsidios para los comit\u00e9s El Nogal y Llave so\u00f1ado, dos proyectos habitacionales que venimos apoyando desde el a\u00f1o 2017. Ahora, despu\u00e9s de la ceremonia, ya est\u00e1 mucho m\u00e1s consolidado con los m\u00e1s de cien subsidios entregados. Esto les va a permitir tener su proyecto, ya tienen el compromiso de la compraventa, por lo que esperamos que el inicio de obras sea durante el primer semestre del pr\u00f3ximo a\u00f1o\u201d.<\/p>\n<p style=\"text-align: justify;\">\u201cEsta es una buena noticia, que se suma al trabajo que hemos hecho anteriormente con los comit\u00e9s Ruka Mew, el Canelo y Uni\u00f3n Verdad Y Justicia, como tambi\u00e9n con el proyecto que abarca a los comit\u00e9s Calafate y Sue\u00f1o Patag\u00f3n, como tambi\u00e9n el comit\u00e9 Patagonia Alegre de Chacabuco, y varios otros proyectos habitacionales que vienen para el futuro\u201d, indic\u00f3.<\/p>\n<p style=\"text-align: justify;\">El legislador agreg\u00f3 que \u201cse ha logrado cortar una brecha respecto a las necesidades habitacionales, teniendo en cuenta que la vivienda es lo m\u00e1s importante para una familia, permite que los ni\u00f1os crezcan sin hacinamiento, con m\u00e1s espacio, mucho m\u00e1s felices, permite que tengan un mejor desarrollo. Todos los actores pol\u00edticos tenemos que trabajar para que todas las familias tengan su espacio y los ni\u00f1os se puedan desarrollar de manera \u00f3ptima\u201d.<\/p>\n<p style=\"text-align: justify;\">Por su parte, la presidenta del Comit\u00e9 Llave So\u00f1ada, Soledad Garc\u00eda, se\u00f1al\u00f3 que \u201cestamos muy contentos con nuestros socios. Ha sido un avance muy importante en estos casi cinco a\u00f1os que llevamos con el comit\u00e9 El Nogal. Tuvimos una ceremonia muy linda, muy emotiva, donde particip\u00f3 el diputado Calisto, quien se tom\u00f3 su tiempo y adelant\u00f3 su viaje para poder llegar a estar con nosotros\u201d.<\/p>\n<p style=\"text-align: justify;\">Finalmente, la dirigenta afirm\u00f3 que \u201cel diputado ha sido un apoyo muy fundamental, siempre ha estado ah\u00ed, constante cada vez que se le solicita ayuda, ha tenido una voluntad inmensa, junto a M\u00f3nica Navarrete. Estamos muy agradecidos, sin ellos no estar\u00edamos donde estamos. Hemos tenido algunos problemas con el terreno, pero lo hemos ido solucionando con Serviu\u201d.<\/p>\n<\/div><\/section><\/div><div  style='height:50px' class='hr hr-invisible   avia-builder-el-6  el_after_av_one_full  el_before_av_social_share '><span class='hr-inner ' ><span class='hr-inner-style'><\/span><\/span><\/div><\/p>\n<div  class='av-social-sharing-box  avia-builder-el-7  el_after_av_hr  el_before_av_hr  '><div class='av-share-box'><h5 class='av-share-link-description av-no-toc '>Compartir esta noticia<\/h5><ul class='av-share-box-list noLightbox'><li class='av-share-link av-social-link-facebook' ><a target=\"_blank\" aria-label=\"Compartir en Facebook\" href='https:\/\/www.facebook.com\/sharer.php?u=https:\/\/radiorevelacionfm.cl\/?p=12290&#038;t=Dirigentes%20de%20los%20comit%C3%A9s%20El%20Nogal%20y%20Llave%20So%C3%B1ada%20de%20Puerto%20Ays%C3%A9n%20celebraron%20la%20entrega%20de%20subsidios%20habitacionales' aria-hidden='false' data-av_icon='\ue8f3' data-av_iconfont='entypo-fontello' title='' data-avia-related-tooltip='Compartir en Facebook' rel=\"noopener\"><span class='avia_hidden_link_text'>Compartir en Facebook<\/span><\/a><\/li><li class='av-share-link av-social-link-twitter' ><a target=\"_blank\" aria-label=\"Compartir en Twitter\" href='https:\/\/twitter.com\/share?text=Dirigentes%20de%20los%20comit%C3%A9s%20El%20Nogal%20y%20Llave%20So%C3%B1ada%20de%20Puerto%20Ays%C3%A9n%20celebraron%20la%20entrega%20de%20subsidios%20habitacionales&#038;url=https:\/\/radiorevelacionfm.cl\/?p=12290' aria-hidden='false' data-av_icon='\ue8f1' data-av_iconfont='entypo-fontello' title='' data-avia-related-tooltip='Compartir en Twitter' rel=\"noopener\"><span class='avia_hidden_link_text'>Compartir en Twitter<\/span><\/a><\/li><li class='av-share-link av-social-link-whatsapp' ><a target=\"_blank\" aria-label=\"Compartir en Whatsapp\" href='https:\/\/api.whatsapp.com\/send?text=https:\/\/radiorevelacionfm.cl\/?p=12290' aria-hidden='false' data-av_icon='\uf232' data-av_iconfont='entypo-fontello' title='' data-avia-related-tooltip='Compartir en Whatsapp' rel=\"noopener\"><span class='avia_hidden_link_text'>Compartir en Whatsapp<\/span><\/a><\/li><li class='av-share-link av-social-link-linkedin' ><a target=\"_blank\" aria-label=\"Compartir en LinkedIn\" href='https:\/\/linkedin.com\/shareArticle?mini=true&#038;title=Dirigentes%20de%20los%20comit%C3%A9s%20El%20Nogal%20y%20Llave%20So%C3%B1ada%20de%20Puerto%20Ays%C3%A9n%20celebraron%20la%20entrega%20de%20subsidios%20habitacionales&#038;url=https:\/\/radiorevelacionfm.cl\/?p=12290' aria-hidden='false' data-av_icon='\ue8fc' data-av_iconfont='entypo-fontello' title='' data-avia-related-tooltip='Compartir en LinkedIn' rel=\"noopener\"><span class='avia_hidden_link_text'>Compartir en LinkedIn<\/span><\/a><\/li><li class='av-share-link av-social-link-mail' ><a  aria-label=\"Compartir por correo\" href='mailto:?subject=Dirigentes%20de%20los%20comit%C3%A9s%20El%20Nogal%20y%20Llave%20So%C3%B1ada%20de%20Puerto%20Ays%C3%A9n%20celebraron%20la%20entrega%20de%20subsidios%20habitacionales&#038;body=https:\/\/radiorevelacionfm.cl\/?p=12290' aria-hidden='false' data-av_icon='\ue805' data-av_iconfont='entypo-fontello' title='' data-avia-related-tooltip='Compartir por correo'><span class='avia_hidden_link_text'>Compartir por correo<\/span><\/a><\/li><\/ul><\/div><\/div>\n<div  style='height:50px' class='hr hr-invisible   avia-builder-el-8  el_after_av_social_share  el_before_av_comments_list '><span class='hr-inner ' ><span class='hr-inner-style'><\/span><\/span><\/div>\n<div  class='av-buildercomment  av-blog-meta-html-info-disabled av-blog-meta-tag-disabled  '><\/div>\n","protected":false},"excerpt":{"rendered":"","protected":false},"author":1,"featured_media":12291,"comment_status":"open","ping_status":"open","sticky":false,"template":"","format":"standard","meta":{"footnotes":""},"categories":[57],"tags":[],"class_list":["post-12290","post","type-post","status-publish","format-standard","has-post-thumbnail","hentry","category-vivienda"],"jetpack_featured_media_url":"https:\/\/radiorevelacionfm.cl\/wp-content\/uploads\/2021\/12\/FOTO-SUBSIDIOS-PTO-AYSEN-2-2.jpeg","_links":{"self":[{"href":"https:\/\/radiorevelacionfm.cl\/index.php?rest_route=\/wp\/v2\/posts\/12290","targetHints":{"allow":["GET"]}}],"collection":[{"href":"https:\/\/radiorevelacionfm.cl\/index.php?rest_route=\/wp\/v2\/posts"}],"about":[{"href":"https:\/\/radiorevelacionfm.cl\/index.php?rest_route=\/wp\/v2\/types\/post"}],"author":[{"embeddable":true,"href":"https:\/\/radiorevelacionfm.cl\/index.php?rest_route=\/wp\/v2\/users\/1"}],"replies":[{"embeddable":true,"href":"https:\/\/radiorevelacionfm.cl\/index.php?rest_route=%2Fwp%2Fv2%2Fcomments&post=12290"}],"version-history":[{"count":2,"href":"https:\/\/radiorevelacionfm.cl\/index.php?rest_route=\/wp\/v2\/posts\/12290\/revisions"}],"predecessor-version":[{"id":12293,"href":"https:\/\/radiorevelacionfm.cl\/index.php?rest_route=\/wp\/v2\/posts\/12290\/revisions\/12293"}],"wp:featuredmedia":[{"embeddable":true,"href":"https:\/\/radiorevelacionfm.cl\/index.php?rest_route=\/wp\/v2\/media\/12291"}],"wp:attachment":[{"href":"https:\/\/radiorevelacionfm.cl\/index.php?rest_route=%2Fwp%2Fv2%2Fmedia&parent=12290"}],"wp:term":[{"taxonomy":"category","embeddable":true,"href":"https:\/\/radiorevelacionfm.cl\/index.php?rest_route=%2Fwp%2Fv2%2Fcategories&post=12290"},{"taxonomy":"post_tag","embeddable":true,"href":"https:\/\/radiorevelacionfm.cl\/index.php?rest_route=%2Fwp%2Fv2%2Ftags&post=12290"}],"curies":[{"name":"wp","href":"https:\/\/api.w.org\/{rel}","templated":true}]}}