{"id":12287,"date":"2021-12-28T11:02:21","date_gmt":"2021-12-28T14:02:21","guid":{"rendered":"https:\/\/radiorevelacionfm.cl\/?p=12287"},"modified":"2021-12-28T11:02:21","modified_gmt":"2021-12-28T14:02:21","slug":"barcaza-la-tehuelche-sin-fecha-de-zarpe-una-vez-mas-se-retrasa-el-retorno-de-sus-operaciones","status":"publish","type":"post","link":"https:\/\/radiorevelacionfm.cl\/?p=12287","title":{"rendered":"Barcaza La Tehuelche sin fecha de zarpe una vez m\u00e1s se retrasa el retorno de sus operaciones"},"content":{"rendered":"<div class=\"flex_column av_one_full  flex_column_div av-zero-column-padding first  avia-builder-el-0  el_before_av_one_full  avia-builder-el-first  \" style='border-radius:0px; '><div  class='avia-image-container  av-styling-    avia-builder-el-1  avia-builder-el-no-sibling  avia-align-center '  itemprop=\"image\" itemscope=\"itemscope\" itemtype=\"https:\/\/schema.org\/ImageObject\"  ><div class='avia-image-container-inner'><div class='avia-image-overlay-wrap'><img decoding=\"async\" class='wp-image-9146 avia-img-lazy-loading-not-9146 avia_image' src=\"https:\/\/radiorevelacionfm.cl\/wp-content\/uploads\/2021\/09\/Tehuelche0-1-1.jpg\" alt='' title='Tehuelche0 (1) (1)' height=\"600\" width=\"902\"  itemprop=\"thumbnailUrl\" srcset=\"https:\/\/radiorevelacionfm.cl\/wp-content\/uploads\/2021\/09\/Tehuelche0-1-1.jpg 902w, https:\/\/radiorevelacionfm.cl\/wp-content\/uploads\/2021\/09\/Tehuelche0-1-1-300x200.jpg 300w, https:\/\/radiorevelacionfm.cl\/wp-content\/uploads\/2021\/09\/Tehuelche0-1-1-768x511.jpg 768w, https:\/\/radiorevelacionfm.cl\/wp-content\/uploads\/2021\/09\/Tehuelche0-1-1-705x469.jpg 705w, https:\/\/radiorevelacionfm.cl\/wp-content\/uploads\/2021\/09\/Tehuelche0-1-1-600x399.jpg 600w\" sizes=\"(max-width: 902px) 100vw, 902px\" \/><\/div><\/div><\/div><\/div><div class=\"flex_column av_one_full  flex_column_div av-zero-column-padding first  avia-builder-el-2  el_after_av_one_full  el_before_av_one_full  column-top-margin\" style='border-radius:0px; '><section class=\"av_textblock_section \"  itemscope=\"itemscope\" itemtype=\"https:\/\/schema.org\/BlogPosting\" itemprop=\"blogPost\" ><div class='avia_textblock  '   itemprop=\"text\" ><p style=\"text-align: center;\"><strong><span style=\"font-size: 18pt;\">Barcaza La Tehuelche sin fecha de zarpe una vez m\u00e1s se retrasa el retorno de sus operaciones<\/span><\/strong><\/p>\n<div id=\"gtx-trans\" style=\"position: absolute; left: -50px; top: 4.31534px;\">\n<div class=\"gtx-trans-icon\"><\/div>\n<\/div>\n<\/div><\/section><\/div><div class=\"flex_column av_one_full  flex_column_div av-zero-column-padding first  avia-builder-el-4  el_after_av_one_full  el_before_av_hr  column-top-margin\" style='border-radius:0px; '><section class=\"av_textblock_section \"  itemscope=\"itemscope\" itemtype=\"https:\/\/schema.org\/BlogPosting\" itemprop=\"blogPost\" ><div class='avia_textblock  '   itemprop=\"text\" ><p style=\"text-align: justify;\">Tras el fallido anuncio del Gobierno respecto a que la barcaza Tehuelche estar\u00eda el 15 de diciembre nuevamente en el agua, tras la carena respectiva que se viene realizando desde el 31 de julio pasado. Se hab\u00eda anunciado la nueva fecha, el d\u00eda 23 de diciembre.<\/p>\n<p style=\"text-align: justify;\">El Gobierno a trav\u00e9s de Facebook de la Delegaci\u00f3n Presidencial Provincial de General Carrera, public\u00f3 que, \u201cdurante el 23 y 24 de diciembre se realizaron las pruebas de navegabilidad de embarcaci\u00f3n La Tehuelche por parte de la Comisi\u00f3n Local de Inspecci\u00f3n de Naves (CLIN) de la Armada, levantando observaciones que impiden su zarpe\u201d.<\/p>\n<p style=\"text-align: justify;\">El comunicado emitido en las redes sociales, indica que \u201cel lunes 27 de diciembre la empresa Asmar retomar\u00e1 sus labores de reparaci\u00f3n para lograr, a la brevedad posible, subsanar todas las observaciones y conseguir la autorizaci\u00f3n de navegaci\u00f3n\u201d.<\/p>\n<p style=\"text-align: justify;\">Por tanto, en esta oportunidad el ejecutivo fue m\u00e1s cauteloso y no entrega fechas para saber cu\u00e1ndo volver\u00eda a navegar la mayor nave con la que cuentan los vecinos de la cuenca de Lago General Carrera, \u201cno podemos entregar con certeza una fecha de zarpe de barcaza La Tehuelche\u201d, se\u00f1alan.<\/p>\n<p style=\"text-align: justify;\">Ante este escenario la comunidad se ha manifestado preocupada e inquieta, por la llegada de familiares, los j\u00f3venes que est\u00e1n estudiando fuera de la regi\u00f3n y lo que significa el turismo para la zona. Como lo plantea el Concejal, Mario Figueroa Mayorga.<\/p>\n<p style=\"text-align: justify;\">\u201cSeguimos con esta incertidumbre de las barcazas, este Concejal siente un suerte de abandono de parte de las autoridades hacia el territorio, porque no nos han sabido dar en todo este tiempo una respuesta s\u00f3lida, una respuesta que acoja las sentidas demandas de la comunidad de Chile Chico. Continuamos aislados, en esta \u00faltima semana del a\u00f1o en que se producen los reencuentros familiares, los estudiantes que vienen desde afuera, que tienen todo el derecho a llegar a sus casas, se ven con esta problem\u00e1tica, de que, no tenemos cupo en la barcaza, por ejemplo\u201d.<\/p>\n<p style=\"text-align: justify;\">El Concejal de la comuna de Chile Chico, agrega que, \u201cya no tenemos Seremi de Obras P\u00fablicas, vamos a tener que oficiar al subrogante, del subrogante, porque ahora se suman vacaciones de fin de a\u00f1o. Yo espero como Concejal de la comuna que, las autoridades entrantes tomen de una vez por todas, la seriedad de este tema de la conectividad en su amplia expresi\u00f3n. Hemos tenido dos a\u00f1os de aislamiento permanente ac\u00e1 en Chile Chico, a esto se suma la conectividad digital, la conectividad terrestre, la conectividad lacustre y yo espero que las nuevas autoridades, porque las que se est\u00e1n retirando ya no nos responden ni siquiera los oficios, est\u00e9n a la altura y digan, aqu\u00ed el problema es el siguiente y hay que darle soluci\u00f3n\u201d, enfatiz\u00f3 Mario Figueroa.<\/p>\n<\/div><\/section><\/div><div  style='height:50px' class='hr hr-invisible   avia-builder-el-6  el_after_av_one_full  el_before_av_social_share '><span class='hr-inner ' ><span class='hr-inner-style'><\/span><\/span><\/div><\/p>\n<div  class='av-social-sharing-box  avia-builder-el-7  el_after_av_hr  el_before_av_hr  '><div class='av-share-box'><h5 class='av-share-link-description av-no-toc '>Compartir esta noticia<\/h5><ul class='av-share-box-list noLightbox'><li class='av-share-link av-social-link-facebook' ><a target=\"_blank\" aria-label=\"Compartir en Facebook\" href='https:\/\/www.facebook.com\/sharer.php?u=https:\/\/radiorevelacionfm.cl\/?p=12287&#038;t=Barcaza%20La%20Tehuelche%20sin%20fecha%20de%20zarpe%20una%20vez%20m%C3%A1s%20se%20retrasa%20el%20retorno%20de%20sus%20operaciones' aria-hidden='false' data-av_icon='\ue8f3' data-av_iconfont='entypo-fontello' title='' data-avia-related-tooltip='Compartir en Facebook' rel=\"noopener\"><span class='avia_hidden_link_text'>Compartir en Facebook<\/span><\/a><\/li><li class='av-share-link av-social-link-twitter' ><a target=\"_blank\" aria-label=\"Compartir en Twitter\" href='https:\/\/twitter.com\/share?text=Barcaza%20La%20Tehuelche%20sin%20fecha%20de%20zarpe%20una%20vez%20m%C3%A1s%20se%20retrasa%20el%20retorno%20de%20sus%20operaciones&#038;url=https:\/\/radiorevelacionfm.cl\/?p=12287' aria-hidden='false' data-av_icon='\ue8f1' data-av_iconfont='entypo-fontello' title='' data-avia-related-tooltip='Compartir en Twitter' rel=\"noopener\"><span class='avia_hidden_link_text'>Compartir en Twitter<\/span><\/a><\/li><li class='av-share-link av-social-link-whatsapp' ><a target=\"_blank\" aria-label=\"Compartir en Whatsapp\" href='https:\/\/api.whatsapp.com\/send?text=https:\/\/radiorevelacionfm.cl\/?p=12287' aria-hidden='false' data-av_icon='\uf232' data-av_iconfont='entypo-fontello' title='' data-avia-related-tooltip='Compartir en Whatsapp' rel=\"noopener\"><span class='avia_hidden_link_text'>Compartir en Whatsapp<\/span><\/a><\/li><li class='av-share-link av-social-link-linkedin' ><a target=\"_blank\" aria-label=\"Compartir en LinkedIn\" href='https:\/\/linkedin.com\/shareArticle?mini=true&#038;title=Barcaza%20La%20Tehuelche%20sin%20fecha%20de%20zarpe%20una%20vez%20m%C3%A1s%20se%20retrasa%20el%20retorno%20de%20sus%20operaciones&#038;url=https:\/\/radiorevelacionfm.cl\/?p=12287' aria-hidden='false' data-av_icon='\ue8fc' data-av_iconfont='entypo-fontello' title='' data-avia-related-tooltip='Compartir en LinkedIn' rel=\"noopener\"><span class='avia_hidden_link_text'>Compartir en LinkedIn<\/span><\/a><\/li><li class='av-share-link av-social-link-mail' ><a  aria-label=\"Compartir por correo\" href='mailto:?subject=Barcaza%20La%20Tehuelche%20sin%20fecha%20de%20zarpe%20una%20vez%20m%C3%A1s%20se%20retrasa%20el%20retorno%20de%20sus%20operaciones&#038;body=https:\/\/radiorevelacionfm.cl\/?p=12287' aria-hidden='false' data-av_icon='\ue805' data-av_iconfont='entypo-fontello' title='' data-avia-related-tooltip='Compartir por correo'><span class='avia_hidden_link_text'>Compartir por correo<\/span><\/a><\/li><\/ul><\/div><\/div>\n<div  style='height:50px' class='hr hr-invisible   avia-builder-el-8  el_after_av_social_share  el_before_av_comments_list '><span class='hr-inner ' ><span class='hr-inner-style'><\/span><\/span><\/div>\n<div  class='av-buildercomment  av-blog-meta-html-info-disabled av-blog-meta-tag-disabled  '><\/div>\n","protected":false},"excerpt":{"rendered":"","protected":false},"author":1,"featured_media":9146,"comment_status":"open","ping_status":"open","sticky":false,"template":"","format":"standard","meta":{"footnotes":""},"categories":[38],"tags":[],"class_list":["post-12287","post","type-post","status-publish","format-standard","has-post-thumbnail","hentry","category-regional"],"jetpack_featured_media_url":"https:\/\/radiorevelacionfm.cl\/wp-content\/uploads\/2021\/09\/Tehuelche0-1-1.jpg","_links":{"self":[{"href":"https:\/\/radiorevelacionfm.cl\/index.php?rest_route=\/wp\/v2\/posts\/12287","targetHints":{"allow":["GET"]}}],"collection":[{"href":"https:\/\/radiorevelacionfm.cl\/index.php?rest_route=\/wp\/v2\/posts"}],"about":[{"href":"https:\/\/radiorevelacionfm.cl\/index.php?rest_route=\/wp\/v2\/types\/post"}],"author":[{"embeddable":true,"href":"https:\/\/radiorevelacionfm.cl\/index.php?rest_route=\/wp\/v2\/users\/1"}],"replies":[{"embeddable":true,"href":"https:\/\/radiorevelacionfm.cl\/index.php?rest_route=%2Fwp%2Fv2%2Fcomments&post=12287"}],"version-history":[{"count":2,"href":"https:\/\/radiorevelacionfm.cl\/index.php?rest_route=\/wp\/v2\/posts\/12287\/revisions"}],"predecessor-version":[{"id":12289,"href":"https:\/\/radiorevelacionfm.cl\/index.php?rest_route=\/wp\/v2\/posts\/12287\/revisions\/12289"}],"wp:featuredmedia":[{"embeddable":true,"href":"https:\/\/radiorevelacionfm.cl\/index.php?rest_route=\/wp\/v2\/media\/9146"}],"wp:attachment":[{"href":"https:\/\/radiorevelacionfm.cl\/index.php?rest_route=%2Fwp%2Fv2%2Fmedia&parent=12287"}],"wp:term":[{"taxonomy":"category","embeddable":true,"href":"https:\/\/radiorevelacionfm.cl\/index.php?rest_route=%2Fwp%2Fv2%2Fcategories&post=12287"},{"taxonomy":"post_tag","embeddable":true,"href":"https:\/\/radiorevelacionfm.cl\/index.php?rest_route=%2Fwp%2Fv2%2Ftags&post=12287"}],"curies":[{"name":"wp","href":"https:\/\/api.w.org\/{rel}","templated":true}]}}