{"id":12283,"date":"2021-12-28T10:32:53","date_gmt":"2021-12-28T13:32:53","guid":{"rendered":"https:\/\/radiorevelacionfm.cl\/?p=12283"},"modified":"2021-12-28T10:32:53","modified_gmt":"2021-12-28T13:32:53","slug":"multan-a-empresa-de-aseo-por-acumulacion-de-basura-en-la-comuna-de-coyhaique","status":"publish","type":"post","link":"https:\/\/radiorevelacionfm.cl\/?p=12283","title":{"rendered":"Multan a empresa de aseo por acumulaci\u00f3n de basura en la comuna de Coyhaique"},"content":{"rendered":"<div class=\"flex_column av_one_full  flex_column_div av-zero-column-padding first  avia-builder-el-0  el_before_av_one_full  avia-builder-el-first  \" style='border-radius:0px; '><div  class='avia-image-container  av-styling-    avia-builder-el-1  avia-builder-el-no-sibling  avia-align-center '  itemprop=\"image\" itemscope=\"itemscope\" itemtype=\"https:\/\/schema.org\/ImageObject\"  ><div class='avia-image-container-inner'><div class='avia-image-overlay-wrap'><img decoding=\"async\" class='wp-image-12284 avia-img-lazy-loading-not-12284 avia_image' src=\"https:\/\/radiorevelacionfm.cl\/wp-content\/uploads\/2021\/12\/basura-2_optimized.jpg\" alt='' title='basura-2_optimized' height=\"600\" width=\"1066\"  itemprop=\"thumbnailUrl\" srcset=\"https:\/\/radiorevelacionfm.cl\/wp-content\/uploads\/2021\/12\/basura-2_optimized.jpg 1066w, https:\/\/radiorevelacionfm.cl\/wp-content\/uploads\/2021\/12\/basura-2_optimized-300x169.jpg 300w, https:\/\/radiorevelacionfm.cl\/wp-content\/uploads\/2021\/12\/basura-2_optimized-1030x580.jpg 1030w, https:\/\/radiorevelacionfm.cl\/wp-content\/uploads\/2021\/12\/basura-2_optimized-768x432.jpg 768w, https:\/\/radiorevelacionfm.cl\/wp-content\/uploads\/2021\/12\/basura-2_optimized-705x397.jpg 705w, https:\/\/radiorevelacionfm.cl\/wp-content\/uploads\/2021\/12\/basura-2_optimized-600x338.jpg 600w\" sizes=\"(max-width: 1066px) 100vw, 1066px\" \/><\/div><\/div><\/div><\/div><div class=\"flex_column av_one_full  flex_column_div av-zero-column-padding first  avia-builder-el-2  el_after_av_one_full  el_before_av_one_full  column-top-margin\" style='border-radius:0px; '><section class=\"av_textblock_section \"  itemscope=\"itemscope\" itemtype=\"https:\/\/schema.org\/BlogPosting\" itemprop=\"blogPost\" ><div class='avia_textblock  '   itemprop=\"text\" ><p style=\"text-align: center;\"><span style=\"font-size: 18pt;\"><strong>Multan a empresa de aseo por acumulaci\u00f3n de basura en la comuna de Coyhaique<\/strong><\/span><\/p>\n<div id=\"gtx-trans\" style=\"position: absolute; left: -50px; top: 4.31534px;\">\n<div class=\"gtx-trans-icon\"><\/div>\n<\/div>\n<\/div><\/section><\/div><div class=\"flex_column av_one_full  flex_column_div av-zero-column-padding first  avia-builder-el-4  el_after_av_one_full  el_before_av_hr  column-top-margin\" style='border-radius:0px; '><section class=\"av_textblock_section \"  itemscope=\"itemscope\" itemtype=\"https:\/\/schema.org\/BlogPosting\" itemprop=\"blogPost\" ><div class='avia_textblock  '   itemprop=\"text\" ><p style=\"text-align: justify;\">Hasta el sector alto de Coyhaique, Tucapel Jim\u00e9nez, llego el alcalde Carlos Gatica, en compa\u00f1\u00eda de camiones municipales y funcionarios, acci\u00f3n enmarcada dentro del plan de contingencia propuesto por la m\u00e1xima autoridad comunal, para abarcar los puntos m\u00e1s cr\u00edticos donde no se esta realizando la recolecci\u00f3n de basura como es debido.\u201cLa empresa que esta a cargo ha cometido irregularidades, por lo cual, nosotros la hemos multado por el mal funcionamiento del sistema, y adem\u00e1s estamos complementando con soluciones instant\u00e1neas, como poner a disposici\u00f3n a trabajadores y veh\u00edculos municipales y la realizaci\u00f3n de m\u00e1s jornadas de limpieza para la eliminaci\u00f3n de los microbasurales y as\u00ed tener una ciudad m\u00e1s limpia\u201d, manifest\u00f3 la autoridad.<\/p>\n<p style=\"text-align: justify;\">Adem\u00e1s, el alcalde se\u00f1al\u00f3 \u201ces de conocimiento p\u00fablico que esta problem\u00e1tica viene arrastr\u00e1ndose hace ya bastante tiempo, la empresa a cargo tiene la licitaci\u00f3n desde el a\u00f1o 2013, y cuando asumimos nuestra gesti\u00f3n la administraci\u00f3n pasada no hab\u00eda renovado contrato por lo que ampliamos trato directo para que no dejar a Coyhaique sin el servicio y a la deriva a nuestros vecinos y vecinas\u201d.<\/p>\n<p style=\"text-align: justify;\">Dados a los incumplimientos de la empresa, desde el municipio explicaron que ya se han aplicado dos multas a dicha entidad de recolecci\u00f3n, por el mal servicio que ha sido reportado por la comunidad, \u201cnosotros ya hemos hablado con la empresa y tambi\u00e9n se sancion\u00f3 y se mult\u00f3 debido al mal funcionamiento que al menos, en esta administraci\u00f3n hemos detectado (\u2026) esta empresa en los siete a\u00f1os de servicio nunca hab\u00eda recibido una multa por la administraci\u00f3n anterior y en nuestro caso ya se han aplicado dos\u201d, agreg\u00f3 Gatica.<\/p>\n<p style=\"text-align: justify;\">En esa misma l\u00ednea la autoridad expres\u00f3 que dentro de las acciones a desarrollar frente a esta problem\u00e1tica se presentar\u00e1 una nueva licitaci\u00f3n que tendr\u00e1 como prop\u00f3sito eliminar los contenedores basurales y fomentar la recolecci\u00f3n trasera en todo el radio urbano de la ciudad.<\/p>\n<p style=\"text-align: justify;\">\u201cComo nueva administraci\u00f3n trabajamos y generamos una nueva licitaci\u00f3n, la cual va a estar en el portal de mercado p\u00fablico los primeros d\u00edas de enero, aumentando su valor en un 40% para optar a mayor frecuencia de retiro de basura, cambiando el modelo de recolecci\u00f3n, es decir, ya no van a existir contenedores, sino que va a haber recolecci\u00f3n trasera en todo el radio urbano de Coyhaique, donde tambi\u00e9n tendremos otro servicio ocupado de nuestro sector rural\u201d, dijo el Edil.<\/p>\n<p style=\"text-align: justify;\">La autoridad hizo un llamado a toda la comunidad a clasificar sus desechos y los invit\u00f3 a mantener cada rinc\u00f3n de la ciudad limpia, llevando hasta 200 kilos m\u00e1ximo de su basura domiciliaria al relleno sanitario, iniciativa abordada junto con la empresa RESCO, servicio que fue restablecido por el panorama que se vive en la comuna.<\/p>\n<p style=\"text-align: justify;\">\u201cLlamamos a la conciencia de usted vecino y vecina de no botar cualquier residuo en estas tolvas debido a que el sistema esta muy malo y colapsado, nos hemos encontrado residuos que no son para estos contenedores. El sistema de recolecci\u00f3n municipal es un sistema de recolecci\u00f3n domiciliario, pero nos hemos encontrado escombros, restos de construcci\u00f3n, refrigeradores y otros residuos que no pertenecen al sistema domiciliario (\u2026) entonces aqu\u00ed es tener un poco de conciencia y de por favor disponer de los residuos correctos en los contenedores y los que son voluminoso llevarlos al relleno sanitario, por lo que la soluci\u00f3n de este problema est\u00e1 en la construcci\u00f3n conjunta, no nos vamos a quedar de brazos cruzados y vamos a disponer de camiones municipales para reforzar el sistema para tener el Coyhaique que merecemos\u201d, concluy\u00f3 Carlos Gatica, alcalde de Coyhaique.<\/p>\n<\/div><\/section><\/div><div  style='height:50px' class='hr hr-invisible   avia-builder-el-6  el_after_av_one_full  el_before_av_social_share '><span class='hr-inner ' ><span class='hr-inner-style'><\/span><\/span><\/div><\/p>\n<div  class='av-social-sharing-box  avia-builder-el-7  el_after_av_hr  el_before_av_hr  '><div class='av-share-box'><h5 class='av-share-link-description av-no-toc '>Compartir esta noticia<\/h5><ul class='av-share-box-list noLightbox'><li class='av-share-link av-social-link-facebook' ><a target=\"_blank\" aria-label=\"Compartir en Facebook\" href='https:\/\/www.facebook.com\/sharer.php?u=https:\/\/radiorevelacionfm.cl\/?p=12283&#038;t=Multan%20a%20empresa%20de%20aseo%20por%20acumulaci%C3%B3n%20de%20basura%20en%20la%20comuna%20de%20Coyhaique' aria-hidden='false' data-av_icon='\ue8f3' data-av_iconfont='entypo-fontello' title='' data-avia-related-tooltip='Compartir en Facebook' rel=\"noopener\"><span class='avia_hidden_link_text'>Compartir en Facebook<\/span><\/a><\/li><li class='av-share-link av-social-link-twitter' ><a target=\"_blank\" aria-label=\"Compartir en Twitter\" href='https:\/\/twitter.com\/share?text=Multan%20a%20empresa%20de%20aseo%20por%20acumulaci%C3%B3n%20de%20basura%20en%20la%20comuna%20de%20Coyhaique&#038;url=https:\/\/radiorevelacionfm.cl\/?p=12283' aria-hidden='false' data-av_icon='\ue8f1' data-av_iconfont='entypo-fontello' title='' data-avia-related-tooltip='Compartir en Twitter' rel=\"noopener\"><span class='avia_hidden_link_text'>Compartir en Twitter<\/span><\/a><\/li><li class='av-share-link av-social-link-whatsapp' ><a target=\"_blank\" aria-label=\"Compartir en Whatsapp\" href='https:\/\/api.whatsapp.com\/send?text=https:\/\/radiorevelacionfm.cl\/?p=12283' aria-hidden='false' data-av_icon='\uf232' data-av_iconfont='entypo-fontello' title='' data-avia-related-tooltip='Compartir en Whatsapp' rel=\"noopener\"><span class='avia_hidden_link_text'>Compartir en Whatsapp<\/span><\/a><\/li><li class='av-share-link av-social-link-linkedin' ><a target=\"_blank\" aria-label=\"Compartir en LinkedIn\" href='https:\/\/linkedin.com\/shareArticle?mini=true&#038;title=Multan%20a%20empresa%20de%20aseo%20por%20acumulaci%C3%B3n%20de%20basura%20en%20la%20comuna%20de%20Coyhaique&#038;url=https:\/\/radiorevelacionfm.cl\/?p=12283' aria-hidden='false' data-av_icon='\ue8fc' data-av_iconfont='entypo-fontello' title='' data-avia-related-tooltip='Compartir en LinkedIn' rel=\"noopener\"><span class='avia_hidden_link_text'>Compartir en LinkedIn<\/span><\/a><\/li><li class='av-share-link av-social-link-mail' ><a  aria-label=\"Compartir por correo\" href='mailto:?subject=Multan%20a%20empresa%20de%20aseo%20por%20acumulaci%C3%B3n%20de%20basura%20en%20la%20comuna%20de%20Coyhaique&#038;body=https:\/\/radiorevelacionfm.cl\/?p=12283' aria-hidden='false' data-av_icon='\ue805' data-av_iconfont='entypo-fontello' title='' data-avia-related-tooltip='Compartir por correo'><span class='avia_hidden_link_text'>Compartir por correo<\/span><\/a><\/li><\/ul><\/div><\/div>\n<div  style='height:50px' class='hr hr-invisible   avia-builder-el-8  el_after_av_social_share  el_before_av_comments_list '><span class='hr-inner ' ><span class='hr-inner-style'><\/span><\/span><\/div>\n<div  class='av-buildercomment  av-blog-meta-html-info-disabled av-blog-meta-tag-disabled  '><\/div>\n","protected":false},"excerpt":{"rendered":"","protected":false},"author":1,"featured_media":12284,"comment_status":"open","ping_status":"open","sticky":false,"template":"","format":"standard","meta":{"footnotes":""},"categories":[38],"tags":[],"class_list":["post-12283","post","type-post","status-publish","format-standard","has-post-thumbnail","hentry","category-regional"],"jetpack_featured_media_url":"https:\/\/radiorevelacionfm.cl\/wp-content\/uploads\/2021\/12\/basura-2_optimized.jpg","_links":{"self":[{"href":"https:\/\/radiorevelacionfm.cl\/index.php?rest_route=\/wp\/v2\/posts\/12283","targetHints":{"allow":["GET"]}}],"collection":[{"href":"https:\/\/radiorevelacionfm.cl\/index.php?rest_route=\/wp\/v2\/posts"}],"about":[{"href":"https:\/\/radiorevelacionfm.cl\/index.php?rest_route=\/wp\/v2\/types\/post"}],"author":[{"embeddable":true,"href":"https:\/\/radiorevelacionfm.cl\/index.php?rest_route=\/wp\/v2\/users\/1"}],"replies":[{"embeddable":true,"href":"https:\/\/radiorevelacionfm.cl\/index.php?rest_route=%2Fwp%2Fv2%2Fcomments&post=12283"}],"version-history":[{"count":2,"href":"https:\/\/radiorevelacionfm.cl\/index.php?rest_route=\/wp\/v2\/posts\/12283\/revisions"}],"predecessor-version":[{"id":12286,"href":"https:\/\/radiorevelacionfm.cl\/index.php?rest_route=\/wp\/v2\/posts\/12283\/revisions\/12286"}],"wp:featuredmedia":[{"embeddable":true,"href":"https:\/\/radiorevelacionfm.cl\/index.php?rest_route=\/wp\/v2\/media\/12284"}],"wp:attachment":[{"href":"https:\/\/radiorevelacionfm.cl\/index.php?rest_route=%2Fwp%2Fv2%2Fmedia&parent=12283"}],"wp:term":[{"taxonomy":"category","embeddable":true,"href":"https:\/\/radiorevelacionfm.cl\/index.php?rest_route=%2Fwp%2Fv2%2Fcategories&post=12283"},{"taxonomy":"post_tag","embeddable":true,"href":"https:\/\/radiorevelacionfm.cl\/index.php?rest_route=%2Fwp%2Fv2%2Ftags&post=12283"}],"curies":[{"name":"wp","href":"https:\/\/api.w.org\/{rel}","templated":true}]}}