{"id":12278,"date":"2021-12-28T10:05:32","date_gmt":"2021-12-28T13:05:32","guid":{"rendered":"https:\/\/radiorevelacionfm.cl\/?p=12278"},"modified":"2021-12-28T10:11:46","modified_gmt":"2021-12-28T13:11:46","slug":"area-marina-costero-protegida-de-multiples-usos-tortel-avanza-en-la-concrecion-de-su-plan-de-manejo","status":"publish","type":"post","link":"https:\/\/radiorevelacionfm.cl\/?p=12278","title":{"rendered":"\u00c1rea Marina Costero Protegida de M\u00faltiples Usos \u201cTortel\u201d avanza en la concreci\u00f3n de su plan de manejo"},"content":{"rendered":"<div class=\"flex_column av_one_full  flex_column_div av-zero-column-padding first  avia-builder-el-0  el_before_av_one_full  avia-builder-el-first  \" style='border-radius:0px; '><div  class='avia-image-container  av-styling-    avia-builder-el-1  avia-builder-el-no-sibling  avia-align-center '  itemprop=\"image\" itemscope=\"itemscope\" itemtype=\"https:\/\/schema.org\/ImageObject\"  ><div class='avia-image-container-inner'><div class='avia-image-overlay-wrap'><img decoding=\"async\" class='wp-image-12279 avia-img-lazy-loading-not-12279 avia_image' src=\"https:\/\/radiorevelacionfm.cl\/wp-content\/uploads\/2021\/12\/tortel3-2_optimized.jpg\" alt='' title='tortel3-2_optimized' height=\"600\" width=\"906\"  itemprop=\"thumbnailUrl\" srcset=\"https:\/\/radiorevelacionfm.cl\/wp-content\/uploads\/2021\/12\/tortel3-2_optimized.jpg 906w, https:\/\/radiorevelacionfm.cl\/wp-content\/uploads\/2021\/12\/tortel3-2_optimized-300x199.jpg 300w, https:\/\/radiorevelacionfm.cl\/wp-content\/uploads\/2021\/12\/tortel3-2_optimized-768x509.jpg 768w, https:\/\/radiorevelacionfm.cl\/wp-content\/uploads\/2021\/12\/tortel3-2_optimized-705x467.jpg 705w, https:\/\/radiorevelacionfm.cl\/wp-content\/uploads\/2021\/12\/tortel3-2_optimized-600x397.jpg 600w\" sizes=\"(max-width: 906px) 100vw, 906px\" \/><\/div><\/div><\/div><\/div>\n<div class=\"flex_column av_one_full  flex_column_div av-zero-column-padding first  avia-builder-el-2  el_after_av_one_full  el_before_av_one_full  column-top-margin\" style='border-radius:0px; '><section class=\"av_textblock_section \"  itemscope=\"itemscope\" itemtype=\"https:\/\/schema.org\/BlogPosting\" itemprop=\"blogPost\" ><div class='avia_textblock  '   itemprop=\"text\" ><p style=\"text-align: center;\"><strong><span style=\"font-size: 18pt;\">\u00c1rea Marina Costero Protegida de M\u00faltiples Usos \u201cTortel\u201d avanza en la concreci\u00f3n de su plan de manejo<\/span><\/strong><\/p>\n<div id=\"gtx-trans\" style=\"position: absolute; left: -50px; top: 4.31534px;\">\n<div class=\"gtx-trans-icon\"><\/div>\n<\/div>\n<\/div><\/section><\/div>\n<div class=\"flex_column av_one_full  flex_column_div av-zero-column-padding first  avia-builder-el-4  el_after_av_one_full  el_before_av_hr  column-top-margin\" style='border-radius:0px; '><section class=\"av_textblock_section \"  itemscope=\"itemscope\" itemtype=\"https:\/\/schema.org\/BlogPosting\" itemprop=\"blogPost\" ><div class='avia_textblock  '   itemprop=\"text\" ><p style=\"text-align: justify;\">En una visita al \u00c1rea Marina Costero Protegida de M\u00faltiples Usos AMCP-MU \u201cTortel\u201d, la Seremi del Medio Ambiente, M\u00f3nica Sald\u00edas, realiz\u00f3 un recorrido para destacar los objetos de conservaci\u00f3n de la zona que se encuentra en proceso de concretar la elaboraci\u00f3n de su plan de manejo, valorando en recorrido del patrimonio natural, cuyo paisaje en la zona de fiordos y canales interiores, es un objeto de protecci\u00f3n en s\u00ed mismo \u201cEstas \u00e1reas marinas son fundamentales ya que permiten el desarrollo econ\u00f3mico de la comunidad, pero de la mano de un desarrollo sustentable. Hoy visitamos el \u00e1rea para conocer su expansi\u00f3n, y objetos de conservaci\u00f3n que se encuentran en el plan de manejo que se ha estado trabajando en conjunto con actores relevantes de la comunidad y sobre el que seguimos trabajando para concretar este plan tan anhelado\u201d.<\/p>\n<p style=\"text-align: justify;\">La regi\u00f3n de Ays\u00e9n ya cuenta con la declaratoria de dos \u00e1reas marinas, Pitipalena \u2013A\u00f1ihue y Tortel, que corresponden a porciones de agua y fondo marino, rocas, playas y terrenos de playa fiscales, flora y fauna, recursos hist\u00f3ricos y culturales.\u200b Este tipo de \u00e1rea se usa a nivel mundial para conservar la biodiversidad, proteger las especies marinas en peligro, reducir los conflictos de uso, generar instancias de investigaci\u00f3n y educaci\u00f3n; y desarrollar actividades comerciales y recreativas.<\/p>\n<p style=\"text-align: justify;\">El \u00e1rea marina de Tortel se extiende por 6.700 kil\u00f3metros cuadrados, e incluye como objetos de conservaci\u00f3n mam\u00edferos marinos, aves marinas, peces, \u200bbiodiversidad Bent\u00f3nica, procesos biol\u00f3gicos, ecosistemas asociados a fiordos con y sin influencia glaciar y ecosistemas, entre los que destaca el paisaje natural.<\/p>\n<p style=\"text-align: justify;\">La encargada de la oficina de recursos naturales de la Seremi del Medio Ambiente, Carol Alvarado, reconoce la diferencia entre las \u00e1reas marinas, donde Pitipalena cuenta con una fauna muy visible y la riqueza de Tortel se encuentra en sus nutricias aguas que sirven de alimento esencial en la cadena tr\u00f3fica.<\/p>\n<p style=\"text-align: justify;\">\u201cAc\u00e1 tenemos ecosistemas asociados a la parte pel\u00e1gica, a la parte marina, y tambi\u00e9n el paisaje es parte del objeto de conservaci\u00f3n y los procesos biol\u00f3gicos, que son fundamentales en el desarrollo de la vida que uno debe conservar y monitorear\u201d, explic\u00f3 la profesional.<\/p>\n<p style=\"text-align: justify;\">Respecto del plan de manejo, la Seremi explic\u00f3 que tal como en Pitipalena-A\u00f1ihue, se est\u00e1 realizando a trav\u00e9s de un proceso participativo y comunitario que ha contado con el apoyo del Municipio de Tortel, las organizaciones y empresas tur\u00edsticas locales, la escuela de kayak y el apoyo de la ONG Oceana. El plan de manejo es concebido como la hoja de ruta para la gesti\u00f3n integrada del \u00e1rea, utilizando los instrumentos de conservaci\u00f3n disponibles en el ordenamiento jur\u00eddico.<\/p>\n<p style=\"text-align: justify;\">Al respecto la profesional de la oficina de Recursos Naturales destac\u00f3 la participaci\u00f3n de los servicios p\u00fablicos y de la comunidad local entre otros, a\u00fan en contexto de pandemia \u201cUno siempre quisiera mayor participaci\u00f3n, el plan no termina con su aprobaci\u00f3n, sino que contin\u00faa con la implementaci\u00f3n, as\u00ed que esperamos tener muchas m\u00e1s instancias\u00a0 en lo que se viene para el pr\u00f3ximo\u00a0 a\u00f1o\u201d.<\/p>\n<p style=\"text-align: justify;\">Por su parte, la empresaria tur\u00edstica local, encargada de guiar la navegaci\u00f3n, Mar\u00eda Paz Hargreaves destac\u00f3 que \u201cel componente comunitario es importante en el sentido de que nosotros somos los fiscalizadores tambi\u00e9n, entonces si nosotros queremos proteger esto, vamos a ser los responsables de que se mantenga as\u00ed, porque hay parques y reservas que est\u00e1n en lugares sumamente aislados\u00a0 y al final nosotros somos los ojos\u201d.<\/p>\n<p style=\"text-align: justify;\">El plan en construcci\u00f3n propondr\u00e1 las acciones para los tres ejes fundamentales: fiscalizaci\u00f3n efectiva, monitoreo de los objetos de conservaci\u00f3n con una mirada enfocada en el cambio clim\u00e1tico y la promoci\u00f3n de actividades productivas acordes al objetivo del \u00e1rea protegida, centrado en conservar los ecosistemas, especies y el patrimonio cultural presente en el amplio territorio desde una gobernanza participativa.<\/p>\n<\/div><\/section><\/div><div  style='height:50px' class='hr hr-invisible   avia-builder-el-6  el_after_av_one_full  el_before_av_social_share '><span class='hr-inner ' ><span class='hr-inner-style'><\/span><\/span><\/div><\/p>\n<div  class='av-social-sharing-box  avia-builder-el-7  el_after_av_hr  el_before_av_hr  '><div class='av-share-box'><h5 class='av-share-link-description av-no-toc '>Compartir esta noticia<\/h5><ul class='av-share-box-list noLightbox'><li class='av-share-link av-social-link-facebook' ><a target=\"_blank\" aria-label=\"Compartir en Facebook\" href='https:\/\/www.facebook.com\/sharer.php?u=https:\/\/radiorevelacionfm.cl\/?p=12278&#038;t=%C3%81rea%20Marina%20Costero%20Protegida%20de%20M%C3%BAltiples%20Usos%20%E2%80%9CTortel%E2%80%9D%20avanza%20en%20la%20concreci%C3%B3n%20de%20su%20plan%20de%20manejo' aria-hidden='false' data-av_icon='\ue8f3' data-av_iconfont='entypo-fontello' title='' data-avia-related-tooltip='Compartir en Facebook' rel=\"noopener\"><span class='avia_hidden_link_text'>Compartir en Facebook<\/span><\/a><\/li><li class='av-share-link av-social-link-twitter' ><a target=\"_blank\" aria-label=\"Compartir en Twitter\" href='https:\/\/twitter.com\/share?text=%C3%81rea%20Marina%20Costero%20Protegida%20de%20M%C3%BAltiples%20Usos%20%E2%80%9CTortel%E2%80%9D%20avanza%20en%20la%20concreci%C3%B3n%20de%20su%20plan%20de%20manejo&#038;url=https:\/\/radiorevelacionfm.cl\/?p=12278' aria-hidden='false' data-av_icon='\ue8f1' data-av_iconfont='entypo-fontello' title='' data-avia-related-tooltip='Compartir en Twitter' rel=\"noopener\"><span class='avia_hidden_link_text'>Compartir en Twitter<\/span><\/a><\/li><li class='av-share-link av-social-link-whatsapp' ><a target=\"_blank\" aria-label=\"Compartir en Whatsapp\" href='https:\/\/api.whatsapp.com\/send?text=https:\/\/radiorevelacionfm.cl\/?p=12278' aria-hidden='false' data-av_icon='\uf232' data-av_iconfont='entypo-fontello' title='' data-avia-related-tooltip='Compartir en Whatsapp' rel=\"noopener\"><span class='avia_hidden_link_text'>Compartir en Whatsapp<\/span><\/a><\/li><li class='av-share-link av-social-link-linkedin' ><a target=\"_blank\" aria-label=\"Compartir en LinkedIn\" href='https:\/\/linkedin.com\/shareArticle?mini=true&#038;title=%C3%81rea%20Marina%20Costero%20Protegida%20de%20M%C3%BAltiples%20Usos%20%E2%80%9CTortel%E2%80%9D%20avanza%20en%20la%20concreci%C3%B3n%20de%20su%20plan%20de%20manejo&#038;url=https:\/\/radiorevelacionfm.cl\/?p=12278' aria-hidden='false' data-av_icon='\ue8fc' data-av_iconfont='entypo-fontello' title='' data-avia-related-tooltip='Compartir en LinkedIn' rel=\"noopener\"><span class='avia_hidden_link_text'>Compartir en LinkedIn<\/span><\/a><\/li><li class='av-share-link av-social-link-mail' ><a  aria-label=\"Compartir por correo\" href='mailto:?subject=%C3%81rea%20Marina%20Costero%20Protegida%20de%20M%C3%BAltiples%20Usos%20%E2%80%9CTortel%E2%80%9D%20avanza%20en%20la%20concreci%C3%B3n%20de%20su%20plan%20de%20manejo&#038;body=https:\/\/radiorevelacionfm.cl\/?p=12278' aria-hidden='false' data-av_icon='\ue805' data-av_iconfont='entypo-fontello' title='' data-avia-related-tooltip='Compartir por correo'><span class='avia_hidden_link_text'>Compartir por correo<\/span><\/a><\/li><\/ul><\/div><\/div>\n<div  style='height:50px' class='hr hr-invisible   avia-builder-el-8  el_after_av_social_share  el_before_av_comments_list '><span class='hr-inner ' ><span class='hr-inner-style'><\/span><\/span><\/div>\n<div  class='av-buildercomment  av-blog-meta-html-info-disabled av-blog-meta-tag-disabled  '><\/div>\n","protected":false},"excerpt":{"rendered":"","protected":false},"author":1,"featured_media":12279,"comment_status":"open","ping_status":"open","sticky":false,"template":"","format":"standard","meta":{"footnotes":""},"categories":[39],"tags":[],"class_list":["post-12278","post","type-post","status-publish","format-standard","has-post-thumbnail","hentry","category-medio-ambiente"],"jetpack_featured_media_url":"https:\/\/radiorevelacionfm.cl\/wp-content\/uploads\/2021\/12\/tortel3-2_optimized.jpg","_links":{"self":[{"href":"https:\/\/radiorevelacionfm.cl\/index.php?rest_route=\/wp\/v2\/posts\/12278","targetHints":{"allow":["GET"]}}],"collection":[{"href":"https:\/\/radiorevelacionfm.cl\/index.php?rest_route=\/wp\/v2\/posts"}],"about":[{"href":"https:\/\/radiorevelacionfm.cl\/index.php?rest_route=\/wp\/v2\/types\/post"}],"author":[{"embeddable":true,"href":"https:\/\/radiorevelacionfm.cl\/index.php?rest_route=\/wp\/v2\/users\/1"}],"replies":[{"embeddable":true,"href":"https:\/\/radiorevelacionfm.cl\/index.php?rest_route=%2Fwp%2Fv2%2Fcomments&post=12278"}],"version-history":[{"count":3,"href":"https:\/\/radiorevelacionfm.cl\/index.php?rest_route=\/wp\/v2\/posts\/12278\/revisions"}],"predecessor-version":[{"id":12281,"href":"https:\/\/radiorevelacionfm.cl\/index.php?rest_route=\/wp\/v2\/posts\/12278\/revisions\/12281"}],"wp:featuredmedia":[{"embeddable":true,"href":"https:\/\/radiorevelacionfm.cl\/index.php?rest_route=\/wp\/v2\/media\/12279"}],"wp:attachment":[{"href":"https:\/\/radiorevelacionfm.cl\/index.php?rest_route=%2Fwp%2Fv2%2Fmedia&parent=12278"}],"wp:term":[{"taxonomy":"category","embeddable":true,"href":"https:\/\/radiorevelacionfm.cl\/index.php?rest_route=%2Fwp%2Fv2%2Fcategories&post=12278"},{"taxonomy":"post_tag","embeddable":true,"href":"https:\/\/radiorevelacionfm.cl\/index.php?rest_route=%2Fwp%2Fv2%2Ftags&post=12278"}],"curies":[{"name":"wp","href":"https:\/\/api.w.org\/{rel}","templated":true}]}}