{"id":12274,"date":"2021-12-27T19:40:04","date_gmt":"2021-12-27T22:40:04","guid":{"rendered":"https:\/\/radiorevelacionfm.cl\/?p=12274"},"modified":"2021-12-27T19:40:04","modified_gmt":"2021-12-27T22:40:04","slug":"carabineros-de-montana-y-frontera-integracion-soberania-y-resguardo-de-nuestro-territorio","status":"publish","type":"post","link":"https:\/\/radiorevelacionfm.cl\/?p=12274","title":{"rendered":"Carabineros de monta\u00f1a y frontera: integraci\u00f3n, soberan\u00eda y resguardo de nuestro territorio"},"content":{"rendered":"<div class=\"flex_column av_one_full  flex_column_div av-zero-column-padding first  avia-builder-el-0  el_before_av_one_full  avia-builder-el-first  \" style='border-radius:0px; '><div  class='avia-image-container  av-styling-    avia-builder-el-1  avia-builder-el-no-sibling  avia-align-center '  itemprop=\"image\" itemscope=\"itemscope\" itemtype=\"https:\/\/schema.org\/ImageObject\"  ><div class='avia-image-container-inner'><div class='avia-image-overlay-wrap'><img decoding=\"async\" class='wp-image-12275 avia-img-lazy-loading-not-12275 avia_image' src=\"https:\/\/radiorevelacionfm.cl\/wp-content\/uploads\/2021\/12\/20211006_131636-2_optimized.jpg\" alt='' title='20211006_131636-2_optimized' height=\"600\" width=\"1067\"  itemprop=\"thumbnailUrl\" srcset=\"https:\/\/radiorevelacionfm.cl\/wp-content\/uploads\/2021\/12\/20211006_131636-2_optimized.jpg 1067w, https:\/\/radiorevelacionfm.cl\/wp-content\/uploads\/2021\/12\/20211006_131636-2_optimized-300x169.jpg 300w, https:\/\/radiorevelacionfm.cl\/wp-content\/uploads\/2021\/12\/20211006_131636-2_optimized-1030x579.jpg 1030w, https:\/\/radiorevelacionfm.cl\/wp-content\/uploads\/2021\/12\/20211006_131636-2_optimized-768x432.jpg 768w, https:\/\/radiorevelacionfm.cl\/wp-content\/uploads\/2021\/12\/20211006_131636-2_optimized-705x396.jpg 705w, https:\/\/radiorevelacionfm.cl\/wp-content\/uploads\/2021\/12\/20211006_131636-2_optimized-600x337.jpg 600w\" sizes=\"(max-width: 1067px) 100vw, 1067px\" \/><\/div><\/div><\/div><\/div><div class=\"flex_column av_one_full  flex_column_div av-zero-column-padding first  avia-builder-el-2  el_after_av_one_full  el_before_av_one_full  column-top-margin\" style='border-radius:0px; '><section class=\"av_textblock_section \"  itemscope=\"itemscope\" itemtype=\"https:\/\/schema.org\/BlogPosting\" itemprop=\"blogPost\" ><div class='avia_textblock  '   itemprop=\"text\" ><p style=\"text-align: center;\"><span style=\"font-size: 18pt;\"><b>Carabineros de monta\u00f1a y frontera: integraci\u00f3n, soberan\u00eda y resguardo de nuestro territorio\u00a0<\/b><\/span><\/p>\n<div id=\"gtx-trans\" style=\"position: absolute; left: -50px; top: 4.31534px;\">\n<div class=\"gtx-trans-icon\"><\/div>\n<\/div>\n<\/div><\/section><\/div><div class=\"flex_column av_one_full  flex_column_div av-zero-column-padding first  avia-builder-el-4  el_after_av_one_full  el_before_av_hr  column-top-margin\" style='border-radius:0px; '><section class=\"av_textblock_section \"  itemscope=\"itemscope\" itemtype=\"https:\/\/schema.org\/BlogPosting\" itemprop=\"blogPost\" ><div class='avia_textblock  '   itemprop=\"text\" ><p class=\"v1MsoNormal\" style=\"text-align: justify;\">Mantener el orden y la seguridad p\u00fablica interior, sumado a ejercer la vigilancia policial en las fronteras de nuestro pa\u00eds, es la misi\u00f3n que consagra la Constituci\u00f3n Pol\u00edtica, sumado a la responsabilidad que le asigna a Carabineros de Chile la Ley Org\u00e1nica Constitucional N\u00b0 18.961.<\/p>\n<p class=\"v1MsoNormal\" style=\"text-align: justify;\">Con una extensi\u00f3n de 1.270 km de frontera, en la regi\u00f3n de Ays\u00e9n existen 133 hitos fronterizos, espacio que es resguardado por la Instituci\u00f3n manteniendo una presencia activa a trav\u00e9s de un despliegue operativo permanente de 15 cuarteles, los cuales realizan labores en 14 pasos habilitados.<\/p>\n<p class=\"v1MsoNormal\" style=\"text-align: justify;\">Para el Jefe de la XI Zona de Carabineros Ays\u00e9n, General Hugo Zenteno V\u00e1squez, en estas tierras australes y a lo largo del vasto territorio de la Patagonia chilena, los carabineros de frontera son sin\u00f3nimo de presencia, soberan\u00eda, chilenidad, solidaridad, auxilio y protecci\u00f3n, lo cual se traduce en seguridad, defensa y vigilancia del l\u00edmite pol\u00edtico internacional, sumado al desarrollo de tareas de integraci\u00f3n con las comunidades y con todos quienes hacen y resguardan la soberan\u00eda nacional en estos apartados rincones del territorio.<\/p>\n<p class=\"v1MsoNormal\" style=\"text-align: justify;\">\u00abA cientos de kil\u00f3metros de sus familias, en la soledad, el fuerte viento y el fr\u00edo cordillerano, los carabineros de la especialidad de frontera \u2013en muchos casos junto a sus caballos y lejos de sus familias- recorren estas zonas geogr\u00e1ficas, donde el ingreso ilegal de personas al pa\u00eds, contrabando, tr\u00e1ficos de drogas, infracci\u00f3n a la ley aduanera, trata de personas, abigeato, entre otros delitos, son las principales materias que concentran la labor de Carabineros de monta\u00f1a y frontera\u00bb, indic\u00f3 el Oficial General.<\/p>\n<p class=\"v1MsoNormal\" style=\"text-align: justify;\"><b>Trabajo en pandemia<\/b><\/p>\n<p class=\"v1MsoNormal\" style=\"text-align: justify;\">El 3 de marzo del a\u00f1o 2020, se registr\u00f3 el primer caso de Covid-19 en nuestro pa\u00eds y el 14 de ese mismo mes, fue detectada la presencia del virus en un turista extranjero tras la recalada de un nav\u00edo en la comuna de Tortel. Frente a lo anterior, Carabineros en coordinaci\u00f3n con la Intendencia de la \u00e9poca, cerr\u00f3 los pasos controlados por la Instituci\u00f3n, misma medida que posteriormente el 18 de marzo de igual mes, se aplic\u00f3 a nivel nacional, la cual contempl\u00f3 el cierre de fronteras para pasajeros, permitiendo solo el transporte de carga o mercanc\u00edas.<\/p>\n<p class=\"v1MsoNormal\" style=\"text-align: justify;\">El Jefe de la XI Zona de Carabineros Ays\u00e9n, General Hugo Zenteno V\u00e1squez, indic\u00f3 que Carabineros desde el primer\u00a0momento asumi\u00f3 un compromiso de colaboraci\u00f3n y apoyo a la autoridad sanitaria para contribuir al control de la pandemia, a trav\u00e9s de barreras sanitarias, controles, velar por el cumplimiento de medidas de bioseguridad, aforos, detenci\u00f3n de personas por fiestas clandestinas, escolta y traslado de vacunas, entre otras acciones.<\/p>\n<p class=\"v1MsoNormal\" style=\"text-align: justify;\"><b>Delitos aduaneros y elementos prohibidos\u00a0\u00a0<\/b><\/p>\n<p class=\"v1MsoNormal\" style=\"text-align: justify;\">Carabineros ha continuado el desarrollo de sus tareas en materia de fronteras, contribuyendo a velar por la seguridad y resguardo de este espacio con la finalidad de prevenir la ocurrencia de delitos asociados a este campo, incrementando los patrullajes y niveles de vigilancia a trav\u00e9s de una planificaci\u00f3n de servicios orientados a detectar y prevenir la comisi\u00f3n de delitos.<\/p>\n<p class=\"v1MsoNormal\" style=\"text-align: justify;\">Uno de los mayores procedimientos asociados a fronteras, se registr\u00f3 a comienzos del mes de octubre del presente a\u00f1o, luego que un patrullaje a cargo de personal de la Subcomisar\u00eda Balmaceda (F) con apoyo del Ret\u00e9n El Blanco, permiti\u00f3 la detenci\u00f3n de dos personas (un ciudadano chileno y un argentino) por infracci\u00f3n a la ley de control de armas y explosivos, quienes viajaban a trav\u00e9s de la ruta X-699 a bordo de un cami\u00f3n sin patente, el cual transportaba m\u00e1s de 700 cajas contenedoras de m\u00e1s de 100 mil elementos prohibidos -los cuales fueron internados a trav\u00e9s de un paso no habilitado en el sector Portezuelo- cargamento que fue avaluado en m\u00e1s de 130 millones de pesos.<\/p>\n<p class=\"v1MsoNormal\" style=\"text-align: justify;\">En otro hecho, Carabineros de la Tercera Comisar\u00eda de Chile Chico (F) tras acudir a fines del mes de julio a un domicilio en virtud de una denuncia por violencia intrafamiliar\u00a0\u00a0\u2013en un trabajo conjunto con Aduanas- incaut\u00f3 una carga de cigarrillos avaluados en alrededor de 8 millones de pesos adem\u00e1s de municiones y otros elementos para la comisi\u00f3n de delitos, tras lo cual fue detenido un sujeto por violaci\u00f3n, lesiones leves, amenazas, contrabando de cigarrillos y tenencia ilegal de municiones, siendo puesto a disposici\u00f3n de la Fiscal\u00eda por estos hechos.<\/p>\n<p class=\"v1MsoNormal\" style=\"text-align: justify;\">Asimismo, un trabajo coordinado entre Carabineros de la Tercera Comisar\u00eda de Chile Chico (F), Aduanas y la Autoridad Sanitaria, permiti\u00f3 a mediados del mes de febrero incautar una cantidad no menor de cigarrillos y medicamentos, los cuales hab\u00edan sido internados de manera ilegal al territorio, siendo destinados para la venta clandestina.<\/p>\n<p class=\"v1MsoNormal\" style=\"text-align: justify;\"><b>Emergencia forestal<\/b><\/p>\n<p class=\"v1MsoNormal\" style=\"text-align: justify;\">Otro de los hechos asociados a fronteras registrados este a\u00f1o dice relaci\u00f3n con un incendio forestal que consumi\u00f3 unas 1.500 hect\u00e1reas de arbustos y pastizales en el Parque Nacional Patagonia.<\/p>\n<p class=\"v1MsoNormal\" style=\"text-align: justify;\">La emergencia suscitada a comienzo del mes de julio y que comenz\u00f3 en un puesto de protecci\u00f3n de \u00f1and\u00faes, deriv\u00f3 en la evacuaci\u00f3n de dos personas desde el Parque y otros dos militares que cumplen funciones en un puesto ubicado en las inmediaciones, siendo llevados al Ret\u00e9n Entrada Baker (F) donde permanece el personal y sus familias, en tanto que las llamas llegaron a 3 kil\u00f3metros de este punto, cuyo control motiv\u00f3 un trabajo coordinado por parte de Carabineros, Conaf, Onemi, Bomberos y Ej\u00e9rcito.<\/p>\n<p class=\"v1MsoNormal\" style=\"text-align: justify;\"><b>Especie protegida<\/b><\/p>\n<p class=\"v1MsoNormal\" style=\"text-align: justify;\">El 1 de junio, Carabineros de la Tenencia Puerto Ingeniero Ib\u00e1\u00f1ez (F) detuvo a dos personas por caza de especie protegida, tras ser sorprendidos de manera flagrante a un costado de la ruta X-065 faenando de manera ilegal un guanaco, especie que se encuentra protegida, situaci\u00f3n que qued\u00f3 al descubierto tras un patrullaje de soberan\u00eda por el l\u00edmite pol\u00edtico internacional, siendo los antecedentes derivados a la Fiscal\u00eda.<\/p>\n<p class=\"v1MsoNormal\" style=\"text-align: justify;\">El General Hugo Zenteno V\u00e1squez, indic\u00f3 que tras la pandemia, el trabajo ha sido reforzado, incrementando los niveles de vigilancia con la finalidad de detectar pasos no habilitados, prevenir la internaci\u00f3n de drogas, delitos de contrabando, trata de personas y contribuir a hacer de Ays\u00e9n un territorio m\u00e1s seguro para vivir.<\/p>\n<p class=\"v1MsoNormal\" style=\"text-align: justify;\">\u00abAunque inmensa sea la soledad, m\u00e1s grande es el amor a mi patria\u00bb, reza el himno de la especialidad de alta monta\u00f1a, la cual est\u00e1 en el alma de los Carabineros de frontera que hacen patria y resguardan nuestra soberan\u00eda en lugares inh\u00f3spitos al servicio del pa\u00eds.<\/p>\n<\/div><\/section><\/div><div  style='height:50px' class='hr hr-invisible   avia-builder-el-6  el_after_av_one_full  el_before_av_social_share '><span class='hr-inner ' ><span class='hr-inner-style'><\/span><\/span><\/div><\/p>\n<div  class='av-social-sharing-box  avia-builder-el-7  el_after_av_hr  el_before_av_hr  '><div class='av-share-box'><h5 class='av-share-link-description av-no-toc '>Compartir esta noticia<\/h5><ul class='av-share-box-list noLightbox'><li class='av-share-link av-social-link-facebook' ><a target=\"_blank\" aria-label=\"Compartir en Facebook\" href='https:\/\/www.facebook.com\/sharer.php?u=https:\/\/radiorevelacionfm.cl\/?p=12274&#038;t=Carabineros%20de%20monta%C3%B1a%20y%20frontera%3A%20integraci%C3%B3n%2C%20soberan%C3%ADa%20y%20resguardo%20de%20nuestro%20territorio' aria-hidden='false' data-av_icon='\ue8f3' data-av_iconfont='entypo-fontello' title='' data-avia-related-tooltip='Compartir en Facebook' rel=\"noopener\"><span class='avia_hidden_link_text'>Compartir en Facebook<\/span><\/a><\/li><li class='av-share-link av-social-link-twitter' ><a target=\"_blank\" aria-label=\"Compartir en Twitter\" href='https:\/\/twitter.com\/share?text=Carabineros%20de%20monta%C3%B1a%20y%20frontera%3A%20integraci%C3%B3n%2C%20soberan%C3%ADa%20y%20resguardo%20de%20nuestro%20territorio&#038;url=https:\/\/radiorevelacionfm.cl\/?p=12274' aria-hidden='false' data-av_icon='\ue8f1' data-av_iconfont='entypo-fontello' title='' data-avia-related-tooltip='Compartir en Twitter' rel=\"noopener\"><span class='avia_hidden_link_text'>Compartir en Twitter<\/span><\/a><\/li><li class='av-share-link av-social-link-whatsapp' ><a target=\"_blank\" aria-label=\"Compartir en Whatsapp\" href='https:\/\/api.whatsapp.com\/send?text=https:\/\/radiorevelacionfm.cl\/?p=12274' aria-hidden='false' data-av_icon='\uf232' data-av_iconfont='entypo-fontello' title='' data-avia-related-tooltip='Compartir en Whatsapp' rel=\"noopener\"><span class='avia_hidden_link_text'>Compartir en Whatsapp<\/span><\/a><\/li><li class='av-share-link av-social-link-linkedin' ><a target=\"_blank\" aria-label=\"Compartir en LinkedIn\" href='https:\/\/linkedin.com\/shareArticle?mini=true&#038;title=Carabineros%20de%20monta%C3%B1a%20y%20frontera%3A%20integraci%C3%B3n%2C%20soberan%C3%ADa%20y%20resguardo%20de%20nuestro%20territorio&#038;url=https:\/\/radiorevelacionfm.cl\/?p=12274' aria-hidden='false' data-av_icon='\ue8fc' data-av_iconfont='entypo-fontello' title='' data-avia-related-tooltip='Compartir en LinkedIn' rel=\"noopener\"><span class='avia_hidden_link_text'>Compartir en LinkedIn<\/span><\/a><\/li><li class='av-share-link av-social-link-mail' ><a  aria-label=\"Compartir por correo\" href='mailto:?subject=Carabineros%20de%20monta%C3%B1a%20y%20frontera%3A%20integraci%C3%B3n%2C%20soberan%C3%ADa%20y%20resguardo%20de%20nuestro%20territorio&#038;body=https:\/\/radiorevelacionfm.cl\/?p=12274' aria-hidden='false' data-av_icon='\ue805' data-av_iconfont='entypo-fontello' title='' data-avia-related-tooltip='Compartir por correo'><span class='avia_hidden_link_text'>Compartir por correo<\/span><\/a><\/li><\/ul><\/div><\/div>\n<div  style='height:50px' class='hr hr-invisible   avia-builder-el-8  el_after_av_social_share  el_before_av_comments_list '><span class='hr-inner ' ><span class='hr-inner-style'><\/span><\/span><\/div>\n<div  class='av-buildercomment  av-blog-meta-html-info-disabled av-blog-meta-tag-disabled  '><\/div>\n","protected":false},"excerpt":{"rendered":"","protected":false},"author":1,"featured_media":12275,"comment_status":"open","ping_status":"open","sticky":false,"template":"","format":"standard","meta":{"footnotes":""},"categories":[36],"tags":[],"class_list":["post-12274","post","type-post","status-publish","format-standard","has-post-thumbnail","hentry","category-policial"],"jetpack_featured_media_url":"https:\/\/radiorevelacionfm.cl\/wp-content\/uploads\/2021\/12\/20211006_131636-2_optimized.jpg","_links":{"self":[{"href":"https:\/\/radiorevelacionfm.cl\/index.php?rest_route=\/wp\/v2\/posts\/12274","targetHints":{"allow":["GET"]}}],"collection":[{"href":"https:\/\/radiorevelacionfm.cl\/index.php?rest_route=\/wp\/v2\/posts"}],"about":[{"href":"https:\/\/radiorevelacionfm.cl\/index.php?rest_route=\/wp\/v2\/types\/post"}],"author":[{"embeddable":true,"href":"https:\/\/radiorevelacionfm.cl\/index.php?rest_route=\/wp\/v2\/users\/1"}],"replies":[{"embeddable":true,"href":"https:\/\/radiorevelacionfm.cl\/index.php?rest_route=%2Fwp%2Fv2%2Fcomments&post=12274"}],"version-history":[{"count":2,"href":"https:\/\/radiorevelacionfm.cl\/index.php?rest_route=\/wp\/v2\/posts\/12274\/revisions"}],"predecessor-version":[{"id":12277,"href":"https:\/\/radiorevelacionfm.cl\/index.php?rest_route=\/wp\/v2\/posts\/12274\/revisions\/12277"}],"wp:featuredmedia":[{"embeddable":true,"href":"https:\/\/radiorevelacionfm.cl\/index.php?rest_route=\/wp\/v2\/media\/12275"}],"wp:attachment":[{"href":"https:\/\/radiorevelacionfm.cl\/index.php?rest_route=%2Fwp%2Fv2%2Fmedia&parent=12274"}],"wp:term":[{"taxonomy":"category","embeddable":true,"href":"https:\/\/radiorevelacionfm.cl\/index.php?rest_route=%2Fwp%2Fv2%2Fcategories&post=12274"},{"taxonomy":"post_tag","embeddable":true,"href":"https:\/\/radiorevelacionfm.cl\/index.php?rest_route=%2Fwp%2Fv2%2Ftags&post=12274"}],"curies":[{"name":"wp","href":"https:\/\/api.w.org\/{rel}","templated":true}]}}