{"id":12270,"date":"2021-12-27T18:42:16","date_gmt":"2021-12-27T21:42:16","guid":{"rendered":"https:\/\/radiorevelacionfm.cl\/?p=12270"},"modified":"2021-12-27T18:42:16","modified_gmt":"2021-12-27T21:42:16","slug":"estatuto-de-la-patagonia-la-propuesta-de-la-junta-de-vecinos-de-puerto-guadal-a-la-convencion-constitucional","status":"publish","type":"post","link":"https:\/\/radiorevelacionfm.cl\/?p=12270","title":{"rendered":"Estatuto de la Patagonia: La propuesta de la Junta de Vecinos de Puerto Guadal a la Convenci\u00f3n Constitucional"},"content":{"rendered":"<div class=\"flex_column av_one_full  flex_column_div av-zero-column-padding first  avia-builder-el-0  el_before_av_one_full  avia-builder-el-first  \" style='border-radius:0px; '><div  class='avia-image-container  av-styling-    avia-builder-el-1  avia-builder-el-no-sibling  avia-align-center '  itemprop=\"image\" itemscope=\"itemscope\" itemtype=\"https:\/\/schema.org\/ImageObject\"  ><div class='avia-image-container-inner'><div class='avia-image-overlay-wrap'><img decoding=\"async\" class='wp-image-12271 avia-img-lazy-loading-not-12271 avia_image' src=\"https:\/\/radiorevelacionfm.cl\/wp-content\/uploads\/2021\/12\/JJVV-Guadal-en-Convencion-3-2-2.jpeg\" alt='' title='JJVV Guadal en Convenci\u00f3n 3-2-2' height=\"600\" width=\"1384\"  itemprop=\"thumbnailUrl\" srcset=\"https:\/\/radiorevelacionfm.cl\/wp-content\/uploads\/2021\/12\/JJVV-Guadal-en-Convencion-3-2-2.jpeg 1384w, https:\/\/radiorevelacionfm.cl\/wp-content\/uploads\/2021\/12\/JJVV-Guadal-en-Convencion-3-2-2-300x130.jpeg 300w, https:\/\/radiorevelacionfm.cl\/wp-content\/uploads\/2021\/12\/JJVV-Guadal-en-Convencion-3-2-2-1030x447.jpeg 1030w, https:\/\/radiorevelacionfm.cl\/wp-content\/uploads\/2021\/12\/JJVV-Guadal-en-Convencion-3-2-2-768x333.jpeg 768w, https:\/\/radiorevelacionfm.cl\/wp-content\/uploads\/2021\/12\/JJVV-Guadal-en-Convencion-3-2-2-705x306.jpeg 705w, https:\/\/radiorevelacionfm.cl\/wp-content\/uploads\/2021\/12\/JJVV-Guadal-en-Convencion-3-2-2-600x260.jpeg 600w\" sizes=\"(max-width: 1384px) 100vw, 1384px\" \/><\/div><\/div><\/div><\/div><div class=\"flex_column av_one_full  flex_column_div av-zero-column-padding first  avia-builder-el-2  el_after_av_one_full  el_before_av_one_full  column-top-margin\" style='border-radius:0px; '><section class=\"av_textblock_section \"  itemscope=\"itemscope\" itemtype=\"https:\/\/schema.org\/BlogPosting\" itemprop=\"blogPost\" ><div class='avia_textblock  '   itemprop=\"text\" ><p style=\"text-align: center;\"><span style=\"font-size: 18pt;\"><b><span lang=\"ES\">Estatuto de la Patagonia: La propuesta de la Junta de Vecinos de Puerto Guadal a la Convenci<\/span><\/b><b><span lang=\"X-NONE\">\u00f3n Constitucional<\/span><\/b><\/span><\/p>\n<div id=\"gtx-trans\" style=\"position: absolute; left: -50px; top: 4.31534px;\">\n<div class=\"gtx-trans-icon\"><\/div>\n<\/div>\n<\/div><\/section><\/div><div class=\"flex_column av_one_full  flex_column_div av-zero-column-padding first  avia-builder-el-4  el_after_av_one_full  el_before_av_hr  column-top-margin\" style='border-radius:0px; '><section class=\"av_textblock_section \"  itemscope=\"itemscope\" itemtype=\"https:\/\/schema.org\/BlogPosting\" itemprop=\"blogPost\" ><div class='avia_textblock  '   itemprop=\"text\" ><div id=\"message-htmlpart1\" class=\"message-htmlpart\">\n<div class=\"rcmBody\">\n<div dir=\"ltr\">\n<p class=\"v1MsoNormal\" style=\"text-align: justify;\"><span lang=\"ES\">Como una forma de aportar la mirada territorial a la discusi<\/span><span lang=\"X-NONE\">\u00f3n constituyente, el 22 de diciembre la Junta de Vecinos N8 de Puerto Guadal expuso una serie de propuestas ante la Comisi\u00f3n de Forma de Estado, Ordenamiento, Autonom\u00eda, Descentralizaci\u00f3n, Equidad, Justicia Territorial, Gobiernos Locales y Organizaci\u00f3n Fiscal de la Convenci\u00f3n Constitucional.\u00a0<span class=\"v1gmail-Apple-converted-space\">\u00a0<\/span>Los convencionales sesionaron ese d\u00eda en Puerto Ingeniero Ib\u00e1\u00f1ez, hasta donde concurrieron la presidenta de la organizaci\u00f3n local Miriam Chible Contreras, junto a los vecinos Felipe Christensen Arteaga, Diana Opazo Leiva y Patricio Segura Ortiz.<\/span><\/p>\n<p class=\"v1MsoNormal\" style=\"text-align: justify;\"><span lang=\"ES\">En la oportunidad, desde la agrupaci<\/span><span lang=\"X-NONE\">\u00f3n<span class=\"v1gmail-Apple-converted-space\">\u00a0<\/span><\/span><span lang=\"ES\">recordaron que Ays<\/span><span lang=\"X-NONE\">\u00e9n fue tambi\u00e9n uno de los territorios impulsores<\/span><span lang=\"ES\">d<\/span><span lang=\"X-NONE\">el estallido social y del proceso constituyente, a trav\u00e9s de las movilizaciones por Patagonia sin Represas y el Movimiento<span class=\"v1gmail-Apple-converted-space\">\u00a0<\/span>\u00abAys\u00e9n, tu problema es mi problema\u00bb.\u00a0<span class=\"v1gmail-Apple-converted-space\">\u00a0<\/span>Tambi\u00e9n, cuando en 29 de junio de 2014 en Coyhaique, en el marco de la sesi\u00f3n regional de la Comisi\u00f3n Asesora Presidencial para la Descentralizaci\u00f3n, la asamblea constituyente fue la principal medida prioriozada en la regi\u00f3n.<\/span><\/p>\n<p class=\"v1MsoNormal\" style=\"text-align: justify;\"><span lang=\"ES\">Asimismo, relataron las diversas iniciativas que en Puerto Guadal se han impulsado como una forma de avanzar hacia una comunidad sustentable.\u00a0<span class=\"v1gmail-Apple-converted-space\">\u00a0<\/span>Entre ellas la distintas versiones de la Eco Feria Fest; los webinars sobre energ<\/span><span lang=\"X-NONE\">\u00eda, residuos, medicina natural, alimentaci\u00f3n sustentable; la limpieza y recuperaci\u00f3n del humedal local; la bioconstrucci\u00f3n comunitaria; el debate y ejecuci\u00f3n de proyectos sobre horticultura regenerativa; entre otras acciones.<\/span><\/p>\n<p class=\"v1MsoNormal\" style=\"text-align: justify;\"><span lang=\"X-NONE\">En este sentido, plantearon la necesidad de establecer un Estatuto de la Patagonia y de elevar el rango de ordenanzas comunales y reglamentos regionales, para que cada regi\u00f3n, provincia y comuna puedan tener normas que les permitan tomar decisiones colectivas de fondo.\u00a0<span class=\"v1gmail-Apple-converted-space\">\u00a0<\/span>Asimismo, avanzar en democracia directa y participativa con plebiscitos, iniciativa popular de reglamentos y ordenanzas, refer\u00e9ndum revocatorios, etc.<\/span><\/p>\n<p class=\"v1MsoNormal\" style=\"text-align: justify;\"><span lang=\"ES\">En t<\/span><span lang=\"X-NONE\">\u00e9rminos de probidad, establecer la<span class=\"v1gmail-Apple-converted-space\">\u00a0<\/span><\/span><span lang=\"ES\">rotaci<\/span><span lang=\"X-NONE\">\u00f3n de los<span class=\"v1gmail-Apple-converted-space\">\u00a0<\/span><\/span><span lang=\"ES\">administradores de justicia como jueces, fiscales, defensores y polic\u00edas, para evitar as<\/span><span lang=\"X-NONE\">\u00ed la<span class=\"v1gmail-Apple-converted-space\">\u00a0<\/span><\/span><span lang=\"ES\">concentraci<\/span><span lang=\"X-NONE\">\u00f3n de poder por la permanencia por largos per\u00edodos en las \u00e1reas bajo su jurisdicci\u00f3n<\/span><span lang=\"ES\">.\u00a0<span class=\"v1gmail-Apple-converted-space\">\u00a0<\/span>Tambi<\/span><span lang=\"X-NONE\">\u00e9n propusieron m\u00e1s espacio para incidencia ciudadana, desconcentrando el poder que hoy tienen alcaldes, dando mayor preeminencia a los consejos ciudadanos (no solo sectoriales sino etarios y de otro tipo).<\/span><\/p>\n<p class=\"v1MsoNormal\" style=\"text-align: justify;\"><span lang=\"X-NONE\">\u00abEstamos muy contentos porque la junta de vecinos cambi\u00f3 su directiva y han entrado socios nuevos, no s\u00f3lo la gente que ha vivido en el territorio, que es muy importante, sino tambi\u00e9n la gente que se viene a vivir ac\u00e1 con ganas de hacer cosas, de relacionarse, de aprender de la cultura y de ser un aporte tambi\u00e9n al territorio\u00bb relat\u00f3 a las y los convencionales Miriam Chible.<\/span><\/p>\n<p class=\"v1MsoNormal\" style=\"text-align: justify;\"><span lang=\"X-NONE\">\u00abDesde hace un tiempo se viene planteando un Estatuto de la Patagonia, para la provincia de Palena, y las regiones de Ays\u00e9n y Magallanes. La Constituci\u00f3n actual en su art\u00edculo 216 bis ya establece que Isla de Pascua y Juan Fern\u00e1ndez son territorios especiales y tienen estatutos especiales para ellos.\u00a0<span class=\"v1gmail-Apple-converted-space\">\u00a0<\/span>\u00bfPor qu\u00e9 no podr\u00eda ser lo mismo para Ays\u00e9n, el Wallmapu, y no tener leyes homog\u00e9neas para todos?\u00a0<span class=\"v1gmail-Apple-converted-space\">\u00a0<\/span>Eso se ha planteado desde hace un tiempo\u00bb indic\u00f3 Patricio Segura.<\/span><\/p>\n<p class=\"v1MsoNormal\" style=\"text-align: justify;\"><span lang=\"X-NONE\">Sobre democracia directa, se\u00f1al\u00f3 el vecino que se requiere elevar el rango de las ordenanzas municipales y los reglamentos regionales \u00abque no sean pisoteados por la ley, que tengan un est\u00e1ndar mayor.\u00a0<span class=\"v1gmail-Apple-converted-space\">\u00a0<\/span>A trav\u00e9s de plebiscitos vinculantes, por ejemplo.\u00a0<span class=\"v1gmail-Apple-converted-space\">\u00a0<\/span>\u00a0Los alcaldes lo dijeron reci\u00e9n, donde la gente pueda optar por formas normativas a nivel regional, provincial comunal, si es la divisi\u00f3n pol\u00edtico administrativa que salga luego del plebiscito constitucional\u00bb.<span class=\"v1gmail-Apple-converted-space\">\u00a0<\/span><\/span><\/p>\n<p class=\"v1MsoNormal\" style=\"text-align: justify;\"><b><span lang=\"ES\">Cambios estructurales<\/span><\/b><\/p>\n<p class=\"v1MsoNormal\" style=\"text-align: justify;\"><span lang=\"ES\">Sobre otras materias, de nivel pa<\/span><span lang=\"X-NONE\">\u00eds, los dirigentes plantearon la necesidad de que una<span class=\"v1gmail-Apple-converted-space\">\u00a0<\/span><\/span><span lang=\"ES\">asamblea constituyente participativa sea, adem<\/span><span lang=\"X-NONE\">\u00e1s de los procesos legislativos y plebiscitarios,<\/span><span lang=\"X-NONE\"><span class=\"v1gmail-Apple-converted-space\">\u00a0<\/span><\/span><span lang=\"ES\">parte de los mecanismos para el cambio constitucional.\u00a0<span class=\"v1gmail-Apple-converted-space\">\u00a0<\/span>Tambi<\/span><span lang=\"X-NONE\">\u00e9n, la conformaci\u00f3n de un<span class=\"v1gmail-Apple-converted-space\">\u00a0<\/span><\/span><span lang=\"ES\">estado pluricultural, plurinacional y regional descentralizado, con parlamento regional con esca\u00f1os garantizados para representantes ind\u00edgenas.\u00a0<span class=\"v1gmail-Apple-converted-space\">\u00a0<\/span><\/span><\/p>\n<p class=\"v1MsoNormal\" style=\"text-align: justify;\"><span lang=\"ES\">Avanzar a su vez en autoridades regionales del poder Ejecutivo y Judicial elegidas popularmente, y la posibilidad de conformaci<\/span><span lang=\"X-NONE\">\u00f3n de<span class=\"v1gmail-Apple-converted-space\">\u00a0<\/span><\/span><span lang=\"ES\">partidos pol\u00edticos eminentemente regionales, y no como actualmente ocurre donde s<\/span><span lang=\"X-NONE\">\u00f3lo se pueden constituirse cuando tienen presencia<span class=\"v1gmail-Apple-converted-space\">\u00a0<\/span>\u00a0en tres regiones continuas o en ocho discontinuas.<\/span><\/p>\n<p class=\"v1MsoNormal\" style=\"text-align: justify;\"><span lang=\"X-NONE\">Pusieron en discusi\u00f3n tambi\u00e9n la idea de una reconfiguraci\u00f3n del pago impuestos de las actividades productivas, como una especie de Ley de Rentas Regionalizadas, pero que no se entienda esto como pagar por el extractivismo o depredar los ecosistemas.\u00a0<span class=\"v1gmail-Apple-converted-space\">\u00a0<\/span><\/span><\/p>\n<p class=\"v1MsoNormal\" style=\"text-align: justify;\"><span lang=\"X-NONE\">\u00abY una nueva configuraci\u00f3n pol\u00edtico-administrativa del pa\u00eds, incorporando el elemento ecosist\u00e9mico.\u00a0<span class=\"v1gmail-Apple-converted-space\">\u00a0<\/span>Las cuencas son un mecanismo que debe considerarse en las definiciones territoriales.\u00a0<span class=\"v1gmail-Apple-converted-space\">\u00a0<\/span>No seguir administrando el territorio de espaldas a los r\u00edos, de espaldas a los bosques, de espaldas a las monta\u00f1as, de espaldas a la naturaleza, que es la plataforma de vida que permite la existencia nuestra y de las futuras generaciones\u00bb puntualiz\u00f3 Patricio Segura.<\/span><\/p>\n<\/div>\n<\/div>\n<\/div>\n<\/div><\/section><\/div><div  style='height:50px' class='hr hr-invisible   avia-builder-el-6  el_after_av_one_full  el_before_av_social_share '><span class='hr-inner ' ><span class='hr-inner-style'><\/span><\/span><\/div><\/p>\n<div  class='av-social-sharing-box  avia-builder-el-7  el_after_av_hr  el_before_av_hr  '><div class='av-share-box'><h5 class='av-share-link-description av-no-toc '>Compartir esta noticia<\/h5><ul class='av-share-box-list noLightbox'><li class='av-share-link av-social-link-facebook' ><a target=\"_blank\" aria-label=\"Compartir en Facebook\" href='https:\/\/www.facebook.com\/sharer.php?u=https:\/\/radiorevelacionfm.cl\/?p=12270&#038;t=Estatuto%20de%20la%20Patagonia%3A%20La%20propuesta%20de%20la%20Junta%20de%20Vecinos%20de%20Puerto%20Guadal%20a%20la%20Convenci%C3%B3n%20Constitucional' aria-hidden='false' data-av_icon='\ue8f3' data-av_iconfont='entypo-fontello' title='' data-avia-related-tooltip='Compartir en Facebook' rel=\"noopener\"><span class='avia_hidden_link_text'>Compartir en Facebook<\/span><\/a><\/li><li class='av-share-link av-social-link-twitter' ><a target=\"_blank\" aria-label=\"Compartir en Twitter\" href='https:\/\/twitter.com\/share?text=Estatuto%20de%20la%20Patagonia%3A%20La%20propuesta%20de%20la%20Junta%20de%20Vecinos%20de%20Puerto%20Guadal%20a%20la%20Convenci%C3%B3n%20Constitucional&#038;url=https:\/\/radiorevelacionfm.cl\/?p=12270' aria-hidden='false' data-av_icon='\ue8f1' data-av_iconfont='entypo-fontello' title='' data-avia-related-tooltip='Compartir en Twitter' rel=\"noopener\"><span class='avia_hidden_link_text'>Compartir en Twitter<\/span><\/a><\/li><li class='av-share-link av-social-link-whatsapp' ><a target=\"_blank\" aria-label=\"Compartir en Whatsapp\" href='https:\/\/api.whatsapp.com\/send?text=https:\/\/radiorevelacionfm.cl\/?p=12270' aria-hidden='false' data-av_icon='\uf232' data-av_iconfont='entypo-fontello' title='' data-avia-related-tooltip='Compartir en Whatsapp' rel=\"noopener\"><span class='avia_hidden_link_text'>Compartir en Whatsapp<\/span><\/a><\/li><li class='av-share-link av-social-link-linkedin' ><a target=\"_blank\" aria-label=\"Compartir en LinkedIn\" href='https:\/\/linkedin.com\/shareArticle?mini=true&#038;title=Estatuto%20de%20la%20Patagonia%3A%20La%20propuesta%20de%20la%20Junta%20de%20Vecinos%20de%20Puerto%20Guadal%20a%20la%20Convenci%C3%B3n%20Constitucional&#038;url=https:\/\/radiorevelacionfm.cl\/?p=12270' aria-hidden='false' data-av_icon='\ue8fc' data-av_iconfont='entypo-fontello' title='' data-avia-related-tooltip='Compartir en LinkedIn' rel=\"noopener\"><span class='avia_hidden_link_text'>Compartir en LinkedIn<\/span><\/a><\/li><li class='av-share-link av-social-link-mail' ><a  aria-label=\"Compartir por correo\" href='mailto:?subject=Estatuto%20de%20la%20Patagonia%3A%20La%20propuesta%20de%20la%20Junta%20de%20Vecinos%20de%20Puerto%20Guadal%20a%20la%20Convenci%C3%B3n%20Constitucional&#038;body=https:\/\/radiorevelacionfm.cl\/?p=12270' aria-hidden='false' data-av_icon='\ue805' data-av_iconfont='entypo-fontello' title='' data-avia-related-tooltip='Compartir por correo'><span class='avia_hidden_link_text'>Compartir por correo<\/span><\/a><\/li><\/ul><\/div><\/div>\n<div  style='height:50px' class='hr hr-invisible   avia-builder-el-8  el_after_av_social_share  el_before_av_comments_list '><span class='hr-inner ' ><span class='hr-inner-style'><\/span><\/span><\/div>\n<div  class='av-buildercomment  av-blog-meta-html-info-disabled av-blog-meta-tag-disabled  '><\/div>\n","protected":false},"excerpt":{"rendered":"","protected":false},"author":1,"featured_media":12271,"comment_status":"open","ping_status":"open","sticky":false,"template":"","format":"standard","meta":{"footnotes":""},"categories":[38],"tags":[],"class_list":["post-12270","post","type-post","status-publish","format-standard","has-post-thumbnail","hentry","category-regional"],"jetpack_featured_media_url":"https:\/\/radiorevelacionfm.cl\/wp-content\/uploads\/2021\/12\/JJVV-Guadal-en-Convencion-3-2-2.jpeg","_links":{"self":[{"href":"https:\/\/radiorevelacionfm.cl\/index.php?rest_route=\/wp\/v2\/posts\/12270","targetHints":{"allow":["GET"]}}],"collection":[{"href":"https:\/\/radiorevelacionfm.cl\/index.php?rest_route=\/wp\/v2\/posts"}],"about":[{"href":"https:\/\/radiorevelacionfm.cl\/index.php?rest_route=\/wp\/v2\/types\/post"}],"author":[{"embeddable":true,"href":"https:\/\/radiorevelacionfm.cl\/index.php?rest_route=\/wp\/v2\/users\/1"}],"replies":[{"embeddable":true,"href":"https:\/\/radiorevelacionfm.cl\/index.php?rest_route=%2Fwp%2Fv2%2Fcomments&post=12270"}],"version-history":[{"count":2,"href":"https:\/\/radiorevelacionfm.cl\/index.php?rest_route=\/wp\/v2\/posts\/12270\/revisions"}],"predecessor-version":[{"id":12273,"href":"https:\/\/radiorevelacionfm.cl\/index.php?rest_route=\/wp\/v2\/posts\/12270\/revisions\/12273"}],"wp:featuredmedia":[{"embeddable":true,"href":"https:\/\/radiorevelacionfm.cl\/index.php?rest_route=\/wp\/v2\/media\/12271"}],"wp:attachment":[{"href":"https:\/\/radiorevelacionfm.cl\/index.php?rest_route=%2Fwp%2Fv2%2Fmedia&parent=12270"}],"wp:term":[{"taxonomy":"category","embeddable":true,"href":"https:\/\/radiorevelacionfm.cl\/index.php?rest_route=%2Fwp%2Fv2%2Fcategories&post=12270"},{"taxonomy":"post_tag","embeddable":true,"href":"https:\/\/radiorevelacionfm.cl\/index.php?rest_route=%2Fwp%2Fv2%2Ftags&post=12270"}],"curies":[{"name":"wp","href":"https:\/\/api.w.org\/{rel}","templated":true}]}}