{"id":12266,"date":"2021-12-27T14:42:41","date_gmt":"2021-12-27T17:42:41","guid":{"rendered":"https:\/\/radiorevelacionfm.cl\/?p=12266"},"modified":"2021-12-27T14:42:41","modified_gmt":"2021-12-27T17:42:41","slug":"mujeres-de-rio-ibanez-ganadoras-del-fondo-equidad-de-genero-de-sernameg-se-reunen-con-redlac","status":"publish","type":"post","link":"https:\/\/radiorevelacionfm.cl\/?p=12266","title":{"rendered":"Mujeres de R\u00edo Iba\u00f1ez ganadoras\u00a0del Fondo Equidad de G\u00e9nero de SernamEG se re\u00fanen con REDLAC"},"content":{"rendered":"<div class=\"flex_column av_one_full  flex_column_div av-zero-column-padding first  avia-builder-el-0  el_before_av_one_full  avia-builder-el-first  \" style='border-radius:0px; '><div  class='avia-image-container  av-styling-    avia-builder-el-1  avia-builder-el-no-sibling  avia-align-center '  itemprop=\"image\" itemscope=\"itemscope\" itemtype=\"https:\/\/schema.org\/ImageObject\"  ><div class='avia-image-container-inner'><div class='avia-image-overlay-wrap'><img decoding=\"async\" class='wp-image-12267 avia-img-lazy-loading-not-12267 avia_image' src=\"https:\/\/radiorevelacionfm.cl\/wp-content\/uploads\/2021\/12\/image-11-2.jpg\" alt='' title='image-11-2' height=\"600\" width=\"1050\"  itemprop=\"thumbnailUrl\" srcset=\"https:\/\/radiorevelacionfm.cl\/wp-content\/uploads\/2021\/12\/image-11-2.jpg 1050w, https:\/\/radiorevelacionfm.cl\/wp-content\/uploads\/2021\/12\/image-11-2-300x171.jpg 300w, https:\/\/radiorevelacionfm.cl\/wp-content\/uploads\/2021\/12\/image-11-2-1030x589.jpg 1030w, https:\/\/radiorevelacionfm.cl\/wp-content\/uploads\/2021\/12\/image-11-2-768x439.jpg 768w, https:\/\/radiorevelacionfm.cl\/wp-content\/uploads\/2021\/12\/image-11-2-705x403.jpg 705w, https:\/\/radiorevelacionfm.cl\/wp-content\/uploads\/2021\/12\/image-11-2-600x343.jpg 600w\" sizes=\"(max-width: 1050px) 100vw, 1050px\" \/><\/div><\/div><\/div><\/div><div class=\"flex_column av_one_full  flex_column_div av-zero-column-padding first  avia-builder-el-2  el_after_av_one_full  el_before_av_one_full  column-top-margin\" style='border-radius:0px; '><section class=\"av_textblock_section \"  itemscope=\"itemscope\" itemtype=\"https:\/\/schema.org\/BlogPosting\" itemprop=\"blogPost\" ><div class='avia_textblock  '   itemprop=\"text\" ><p style=\"text-align: center;\"><strong><span style=\"font-size: 18pt;\">Mujeres de R\u00edo Iba\u00f1ez ganadoras\u00a0del Fondo Equidad de G\u00e9nero de SernamEG se re\u00fanen con REDLAC<\/span><\/strong><\/p>\n<div id=\"gtx-trans\" style=\"position: absolute; left: -50px; top: 4.31534px;\">\n<div class=\"gtx-trans-icon\"><\/div>\n<\/div>\n<\/div><\/section><\/div><div class=\"flex_column av_one_full  flex_column_div av-zero-column-padding first  avia-builder-el-4  el_after_av_one_full  el_before_av_hr  column-top-margin\" style='border-radius:0px; '><section class=\"av_textblock_section \"  itemscope=\"itemscope\" itemtype=\"https:\/\/schema.org\/BlogPosting\" itemprop=\"blogPost\" ><div class='avia_textblock  '   itemprop=\"text\" ><p style=\"text-align: justify;\">Tras la realizaci\u00f3n de 28 sesiones finaliz\u00f3 el proyecto ganador del Fondo Equidad de G\u00e9nero 2021 del SernamEG denominado \u201cTalleres Formativos: Redes Sociales para la Mujer Rural\u201d. 12 personas de la comuna de R\u00edo Ib\u00e1\u00f1ez pudieron desarrollar sus habilidades orientadas al manejo de celulares, espec\u00edficamente, el uso de las redes sociales y aplicaciones necesarias para alcanzar y\/o mantener su autonom\u00eda econ\u00f3mica y desarrollo personal.<\/p>\n<p style=\"text-align: justify;\">La \u00faltima sesi\u00f3n consisti\u00f3 en un espacio de conversaci\u00f3n y de intercambio de experiencias, lo que fue destacado por la Directora Regional de SernamEG, Elizabeth Guti\u00e9rrez Eggers. \u201cFue muy grato conocer de la voz de las propias participantes el impacto que signific\u00f3 en sus vidas el adquirir nuevas habilidades en materia tecnol\u00f3gica, lo que sin duda les ayudar\u00e1 en su diario vivir. Adem\u00e1s, hace sentido con el objetivo del Fondo Equidad de G\u00e9nero que busca fortalecer la participaci\u00f3n, asociatividad y liderazgo de las mujeres. Esperamos que el pr\u00f3ximo a\u00f1o haya postulaciones de todas las comunas de la regi\u00f3n de Ays\u00e9n, ya que el proyecto ganador de la comuna de R\u00edo Ib\u00e1\u00f1ez demuestra que siempre se pueden levantar iniciativas de gran valor\u201d.<\/p>\n<p style=\"text-align: justify;\">En la ocasi\u00f3n, estuvo presente la Secretaria Ejecutiva de la Red de Mujeres Rurales de Am\u00e9rica latina y el Caribe, REDLAC, Luz Haro Guanga, la que mencion\u00f3 que \u201ccomo organizaci\u00f3n siempre respaldamos este tipo de procesos formativos porque es parte de lo que hacemos, somos mujeres rurales que estamos luchando contra todas estas desigualdades; sobre todo, en esta pandemia que ha sido tan compleja para las mujeres rurales por lo que este aprendizaje en tecnolog\u00edas de informaci\u00f3n y comunicaci\u00f3n es una excelente iniciativa\u201d.<\/p>\n<p style=\"text-align: justify;\">PROCESO DE ACOMPA\u00d1AMIENTO<\/p>\n<p style=\"text-align: justify;\">Otro de los apoyos desde el \u00e1mbito t\u00e9cnico y metodol\u00f3gico al proyecto \u201cTalleres Formativos: Redes Sociales para la Mujer Rural\u201d fue el de la Acad\u00e9mica de la Universidad Cat\u00f3lica de Temuco, Dina Guarda Cer\u00f3n. \u201cCreo que esta iniciativa es pionera porque trabajar en contexto rural es complejo de realizar por la conectividad y de c\u00f3mo son los procesos de aprendizaje que en estos casos son distintos. No s\u00f3lo son talleres, sino que existe un acompa\u00f1amiento donde traducir lo que significa incorporar la tecnolog\u00eda en la vida cotidiana requiere un esfuerzo en conectar con el sentir de las mujeres\u201d, destac\u00f3.<\/p>\n<p style=\"text-align: justify;\">Por su parte, la ganadora del proyecto Fondo Equidad de G\u00e9nero 2021, Marcela Gonz\u00e1lez Vel\u00e1squez, se refiri\u00f3 al mismo tema precisando que \u201cal comenzar el proceso formativo nos dimos cuenta de que las mujeres ten\u00edan distintos niveles de conocimiento sobre el uso del celular y sobre las aplicaciones m\u00f3viles, luego de transcurrir un poco m\u00e1s de tres meses podemos decir que todas han tenido aprendizajes significativos seg\u00fan sus necesidades, ya que todas no ten\u00edan inter\u00e9s en las mismas aplicaciones. Algunas les interesaban las videollamadas y otras comenzaron a hacer el pago de sus servicios b\u00e1sicos a trav\u00e9s de una aplicaci\u00f3n m\u00f3vil en su celular; se dieron distintos aprendizajes que para cada una de ellas fue importante\u201d.<\/p>\n<p style=\"text-align: justify;\">Justamente una de las participantes del \u201cTalleres Formativos: Redes Sociales para la Mujer Rural\u201d fue Delicia Vidal Alon, quien durante el encuentro final dijo: \u201cfue grato apoyar a mis compa\u00f1eras, me di cuenta que algunas de ellas reci\u00e9n estaban comenzando, porque no sab\u00edan utilizar el WhatsApp que es tan importante o hacer una videollamada. Inclusive hab\u00eda mujeres que ten\u00edan familia en otros lados y no se pod\u00edan ver hasta ahora por lo que eso me llena de alegr\u00eda. Si bien yo estaba un poco m\u00e1s adelantada, estas experiencias demuestran la importancia de unirnos como mujeres\u201d. En tanto, Mercedes Villagran Antrillao, manifest\u00f3 durante su intervenci\u00f3n que \u201clas mujeres tenemos que salir adelante, porque antes siempre \u00e9ramos de la casa solamente pero hoy d\u00eda con todo esto damos gracias ya que podemos hacer de todo, ahora estamos empoderadas\u201d.<\/p>\n<p style=\"text-align: justify;\">La Municipalidad de R\u00edo Ib\u00e1\u00f1ez fue otra de las entidades colaboradoras del proyecto \u201cRedes Sociales para la Mujer Rural &#8211; Talleres Formativos Comuna de R\u00edo Ib\u00e1\u00f1ez\u201d financiado por el Fondo de la Equidad de G\u00e9nero, que se implement\u00f3 en conjunto con la Subsecretar\u00eda del Ministerio de la Mujer y Equidad de G\u00e9nero.<\/p>\n<\/div><\/section><\/div><div  style='height:50px' class='hr hr-invisible   avia-builder-el-6  el_after_av_one_full  el_before_av_social_share '><span class='hr-inner ' ><span class='hr-inner-style'><\/span><\/span><\/div><\/p>\n<div  class='av-social-sharing-box  avia-builder-el-7  el_after_av_hr  el_before_av_hr  '><div class='av-share-box'><h5 class='av-share-link-description av-no-toc '>Compartir esta noticia<\/h5><ul class='av-share-box-list noLightbox'><li class='av-share-link av-social-link-facebook' ><a target=\"_blank\" aria-label=\"Compartir en Facebook\" href='https:\/\/www.facebook.com\/sharer.php?u=https:\/\/radiorevelacionfm.cl\/?p=12266&#038;t=Mujeres%20de%20R%C3%ADo%20Iba%C3%B1ez%20ganadoras%C2%A0del%20Fondo%20Equidad%20de%20G%C3%A9nero%20de%20SernamEG%20se%20re%C3%BAnen%20con%20REDLAC' aria-hidden='false' data-av_icon='\ue8f3' data-av_iconfont='entypo-fontello' title='' data-avia-related-tooltip='Compartir en Facebook' rel=\"noopener\"><span class='avia_hidden_link_text'>Compartir en Facebook<\/span><\/a><\/li><li class='av-share-link av-social-link-twitter' ><a target=\"_blank\" aria-label=\"Compartir en Twitter\" href='https:\/\/twitter.com\/share?text=Mujeres%20de%20R%C3%ADo%20Iba%C3%B1ez%20ganadoras%C2%A0del%20Fondo%20Equidad%20de%20G%C3%A9nero%20de%20SernamEG%20se%20re%C3%BAnen%20con%20REDLAC&#038;url=https:\/\/radiorevelacionfm.cl\/?p=12266' aria-hidden='false' data-av_icon='\ue8f1' data-av_iconfont='entypo-fontello' title='' data-avia-related-tooltip='Compartir en Twitter' rel=\"noopener\"><span class='avia_hidden_link_text'>Compartir en Twitter<\/span><\/a><\/li><li class='av-share-link av-social-link-whatsapp' ><a target=\"_blank\" aria-label=\"Compartir en Whatsapp\" href='https:\/\/api.whatsapp.com\/send?text=https:\/\/radiorevelacionfm.cl\/?p=12266' aria-hidden='false' data-av_icon='\uf232' data-av_iconfont='entypo-fontello' title='' data-avia-related-tooltip='Compartir en Whatsapp' rel=\"noopener\"><span class='avia_hidden_link_text'>Compartir en Whatsapp<\/span><\/a><\/li><li class='av-share-link av-social-link-linkedin' ><a target=\"_blank\" aria-label=\"Compartir en LinkedIn\" href='https:\/\/linkedin.com\/shareArticle?mini=true&#038;title=Mujeres%20de%20R%C3%ADo%20Iba%C3%B1ez%20ganadoras%C2%A0del%20Fondo%20Equidad%20de%20G%C3%A9nero%20de%20SernamEG%20se%20re%C3%BAnen%20con%20REDLAC&#038;url=https:\/\/radiorevelacionfm.cl\/?p=12266' aria-hidden='false' data-av_icon='\ue8fc' data-av_iconfont='entypo-fontello' title='' data-avia-related-tooltip='Compartir en LinkedIn' rel=\"noopener\"><span class='avia_hidden_link_text'>Compartir en LinkedIn<\/span><\/a><\/li><li class='av-share-link av-social-link-mail' ><a  aria-label=\"Compartir por correo\" href='mailto:?subject=Mujeres%20de%20R%C3%ADo%20Iba%C3%B1ez%20ganadoras%C2%A0del%20Fondo%20Equidad%20de%20G%C3%A9nero%20de%20SernamEG%20se%20re%C3%BAnen%20con%20REDLAC&#038;body=https:\/\/radiorevelacionfm.cl\/?p=12266' aria-hidden='false' data-av_icon='\ue805' data-av_iconfont='entypo-fontello' title='' data-avia-related-tooltip='Compartir por correo'><span class='avia_hidden_link_text'>Compartir por correo<\/span><\/a><\/li><\/ul><\/div><\/div>\n<div  style='height:50px' class='hr hr-invisible   avia-builder-el-8  el_after_av_social_share  el_before_av_comments_list '><span class='hr-inner ' ><span class='hr-inner-style'><\/span><\/span><\/div>\n<div  class='av-buildercomment  av-blog-meta-html-info-disabled av-blog-meta-tag-disabled  '><\/div>\n","protected":false},"excerpt":{"rendered":"","protected":false},"author":1,"featured_media":12267,"comment_status":"open","ping_status":"open","sticky":false,"template":"","format":"standard","meta":{"footnotes":""},"categories":[38],"tags":[],"class_list":["post-12266","post","type-post","status-publish","format-standard","has-post-thumbnail","hentry","category-regional"],"jetpack_featured_media_url":"https:\/\/radiorevelacionfm.cl\/wp-content\/uploads\/2021\/12\/image-11-2.jpg","_links":{"self":[{"href":"https:\/\/radiorevelacionfm.cl\/index.php?rest_route=\/wp\/v2\/posts\/12266","targetHints":{"allow":["GET"]}}],"collection":[{"href":"https:\/\/radiorevelacionfm.cl\/index.php?rest_route=\/wp\/v2\/posts"}],"about":[{"href":"https:\/\/radiorevelacionfm.cl\/index.php?rest_route=\/wp\/v2\/types\/post"}],"author":[{"embeddable":true,"href":"https:\/\/radiorevelacionfm.cl\/index.php?rest_route=\/wp\/v2\/users\/1"}],"replies":[{"embeddable":true,"href":"https:\/\/radiorevelacionfm.cl\/index.php?rest_route=%2Fwp%2Fv2%2Fcomments&post=12266"}],"version-history":[{"count":2,"href":"https:\/\/radiorevelacionfm.cl\/index.php?rest_route=\/wp\/v2\/posts\/12266\/revisions"}],"predecessor-version":[{"id":12269,"href":"https:\/\/radiorevelacionfm.cl\/index.php?rest_route=\/wp\/v2\/posts\/12266\/revisions\/12269"}],"wp:featuredmedia":[{"embeddable":true,"href":"https:\/\/radiorevelacionfm.cl\/index.php?rest_route=\/wp\/v2\/media\/12267"}],"wp:attachment":[{"href":"https:\/\/radiorevelacionfm.cl\/index.php?rest_route=%2Fwp%2Fv2%2Fmedia&parent=12266"}],"wp:term":[{"taxonomy":"category","embeddable":true,"href":"https:\/\/radiorevelacionfm.cl\/index.php?rest_route=%2Fwp%2Fv2%2Fcategories&post=12266"},{"taxonomy":"post_tag","embeddable":true,"href":"https:\/\/radiorevelacionfm.cl\/index.php?rest_route=%2Fwp%2Fv2%2Ftags&post=12266"}],"curies":[{"name":"wp","href":"https:\/\/api.w.org\/{rel}","templated":true}]}}