{"id":12258,"date":"2021-12-27T10:09:25","date_gmt":"2021-12-27T13:09:25","guid":{"rendered":"https:\/\/radiorevelacionfm.cl\/?p=12258"},"modified":"2021-12-27T10:09:25","modified_gmt":"2021-12-27T13:09:25","slug":"convencionales-constituyentes-abordan-inquietudes-comunitarias-desde-villa-manihuales-para-la-elaboracion-de-la-nueva-carta-magna","status":"publish","type":"post","link":"https:\/\/radiorevelacionfm.cl\/?p=12258","title":{"rendered":"Convencionales constituyentes abordan inquietudes comunitarias desde Villa Ma\u00f1ihuales para la elaboraci\u00f3n de la nueva Carta Magna"},"content":{"rendered":"<div class=\"flex_column av_one_full  flex_column_div av-zero-column-padding first  avia-builder-el-0  el_before_av_one_full  avia-builder-el-first  \" style='border-radius:0px; '><div  class='avia-image-container  av-styling-    avia-builder-el-1  avia-builder-el-no-sibling  avia-align-center '  itemprop=\"image\" itemscope=\"itemscope\" itemtype=\"https:\/\/schema.org\/ImageObject\"  ><div class='avia-image-container-inner'><div class='avia-image-overlay-wrap'><img decoding=\"async\" class='wp-image-12259 avia-img-lazy-loading-not-12259 avia_image' src=\"https:\/\/radiorevelacionfm.cl\/wp-content\/uploads\/2021\/12\/cc-vm-descentralizacion2-2_optimized.jpeg\" alt='' title='cc-vm-descentralizacion2-2_optimized' height=\"600\" width=\"800\"  itemprop=\"thumbnailUrl\" srcset=\"https:\/\/radiorevelacionfm.cl\/wp-content\/uploads\/2021\/12\/cc-vm-descentralizacion2-2_optimized.jpeg 800w, https:\/\/radiorevelacionfm.cl\/wp-content\/uploads\/2021\/12\/cc-vm-descentralizacion2-2_optimized-300x225.jpeg 300w, https:\/\/radiorevelacionfm.cl\/wp-content\/uploads\/2021\/12\/cc-vm-descentralizacion2-2_optimized-768x576.jpeg 768w, https:\/\/radiorevelacionfm.cl\/wp-content\/uploads\/2021\/12\/cc-vm-descentralizacion2-2_optimized-705x529.jpeg 705w, https:\/\/radiorevelacionfm.cl\/wp-content\/uploads\/2021\/12\/cc-vm-descentralizacion2-2_optimized-600x450.jpeg 600w\" sizes=\"(max-width: 800px) 100vw, 800px\" \/><\/div><\/div><\/div><\/div><div class=\"flex_column av_one_full  flex_column_div av-zero-column-padding first  avia-builder-el-2  el_after_av_one_full  el_before_av_one_full  column-top-margin\" style='border-radius:0px; '><section class=\"av_textblock_section \"  itemscope=\"itemscope\" itemtype=\"https:\/\/schema.org\/BlogPosting\" itemprop=\"blogPost\" ><div class='avia_textblock  '   itemprop=\"text\" ><p style=\"text-align: center;\"><strong><span style=\"font-size: 18pt;\">Convencionales constituyentes abordan inquietudes comunitarias desde Villa Ma\u00f1ihuales para la elaboraci\u00f3n de la nueva Carta Magna<\/span><\/strong><\/p>\n<div id=\"gtx-trans\" style=\"position: absolute; left: -50px; top: 4.31534px;\">\n<div class=\"gtx-trans-icon\"><\/div>\n<\/div>\n<\/div><\/section><\/div><div class=\"flex_column av_one_full  flex_column_div av-zero-column-padding first  avia-builder-el-4  el_after_av_one_full  el_before_av_hr  column-top-margin\" style='border-radius:0px; '><section class=\"av_textblock_section \"  itemscope=\"itemscope\" itemtype=\"https:\/\/schema.org\/BlogPosting\" itemprop=\"blogPost\" ><div class='avia_textblock  '   itemprop=\"text\" ><p style=\"text-align: justify;\">Un hecho in\u00e9dito e hist\u00f3rico ocurri\u00f3 en la localidad de Villa Ma\u00f1ihuales. Esto debido a la invitaci\u00f3n formulada por el alcalde, Julio Uribe Alvarado, a los convencionales constituyentes para que puedan abordar los desaf\u00edos de la Comisi\u00f3n de Formas de Estado, Ordenamiento, Autonom\u00eda, Descentralizaci\u00f3n, Equidad, Justicia Territorial, Gobiernos Locales y Organizaci\u00f3n Fiscal; con los habitantes de esta importante zona. En el encuentro los vecinos y vecinas pudieron expresar de cara a los convencionales las distintas adecuaciones que debiera considerar el texto final para representar a las zonas extremas como la Patagonia-Ays\u00e9n.<\/p>\n<p style=\"text-align: justify;\">En este sentido, la primera autoridad comunal, Julio Uribe Alvarado destac\u00f3 el trabajo que se encuentra realizando la Convenci\u00f3n por escuchar a la gente \u201clas personas est\u00e1n muy empoderadas y por lo tanto, se llevan una buena tarea y lo importante es que se vio una mirada en conjunto, similar, todos los constituyentes est\u00e1n mirando la descentralizaci\u00f3n de nuestro pa\u00eds y eso para nosotros es lo m\u00e1s importante. El poder nosotros manejar nuestros recursos, dar ideas o decir c\u00f3mo queremos nuestra Regi\u00f3n, as\u00ed es que me voy contento esperando que esto se siga repitiendo y estos espacios son fundamentales para que la nueva constituci\u00f3n salga de la mejor forma\u201d.<\/p>\n<p style=\"text-align: justify;\">Por su parte, Jeniffer Mella Escobar, Convencional Constituyente por el distrito cinco en la regi\u00f3n de Coquimbo y coordinadora de la Comisi\u00f3n, recalc\u00f3 lo positivo del encuentro que congreg\u00f3 al uno porciento de la localidad aysenina, enfatizando las problem\u00e1ticas expuestas en la comunidad que dieron inicio al proceso constitucional. \u201cLa Constituci\u00f3n no puede ser escrita en Santiago por santiaguinos y eso es para nosotros es un mandato \u00e9tico, esto no es simbolismo, estamos recogiendo lo que estamos escribiendo para la nueva constituci\u00f3n en los territorios\u201d.<\/p>\n<p style=\"text-align: justify;\">En tanto, la Convencional Constituyente por la regi\u00f3n de Ays\u00e9n, Yarela G\u00f3mez S\u00e1nchez, explic\u00f3 que tras una ardua labor se pudo concretar el cierre de la macrozona sur establecida en la Convenci\u00f3n desde Ays\u00e9n. Situaci\u00f3n que explic\u00f3 no es \u201cazarosa\u201d, ya que existe a su juicio \u201cun \u00edmpetu mayoritario en la comisi\u00f3n para avanzar en la descentralizaci\u00f3n, no tan solo nacional, sino que regional\u201d. Con ello, explic\u00f3 que durante el encuentro la comunidad pudo expresar los distintos problemas particulares que se presentan en el territorio y que forman parte de la identidad regional.<\/p>\n<p style=\"text-align: justify;\">Finalmente, Manuel Curinao, vecino de Villa Ma\u00f1ihuales manifest\u00f3 su agradecimiento con el alcalde Uribe por conseguir que la Convenci\u00f3n llegara hasta este punto de la regi\u00f3n, considerando la importancia que reviste la nueva constituci\u00f3n que regir\u00e1 en el pa\u00eds. \u201cNo represento a ninguna organizaci\u00f3n, pero s\u00ed conozco a mi gente, conozco mi territorio y en realidad uno siente mucha pena de que las cosas avancen tan poco y por eso estoy aqu\u00ed, he formulado una presentaci\u00f3n desde mi conocimiento como ex autoridad, vecino y campesino ahora\u201d sentenci\u00f3 el otrora tres veces concejal por Ays\u00e9n.<\/p>\n<\/div><\/section><\/div><div  style='height:50px' class='hr hr-invisible   avia-builder-el-6  el_after_av_one_full  el_before_av_social_share '><span class='hr-inner ' ><span class='hr-inner-style'><\/span><\/span><\/div><\/p>\n<div  class='av-social-sharing-box  avia-builder-el-7  el_after_av_hr  el_before_av_hr  '><div class='av-share-box'><h5 class='av-share-link-description av-no-toc '>Compartir esta noticia<\/h5><ul class='av-share-box-list noLightbox'><li class='av-share-link av-social-link-facebook' ><a target=\"_blank\" aria-label=\"Compartir en Facebook\" href='https:\/\/www.facebook.com\/sharer.php?u=https:\/\/radiorevelacionfm.cl\/?p=12258&#038;t=Convencionales%20constituyentes%20abordan%20inquietudes%20comunitarias%20desde%20Villa%20Ma%C3%B1ihuales%20para%20la%20elaboraci%C3%B3n%20de%20la%20nueva%20Carta%20Magna' aria-hidden='false' data-av_icon='\ue8f3' data-av_iconfont='entypo-fontello' title='' data-avia-related-tooltip='Compartir en Facebook' rel=\"noopener\"><span class='avia_hidden_link_text'>Compartir en Facebook<\/span><\/a><\/li><li class='av-share-link av-social-link-twitter' ><a target=\"_blank\" aria-label=\"Compartir en Twitter\" href='https:\/\/twitter.com\/share?text=Convencionales%20constituyentes%20abordan%20inquietudes%20comunitarias%20desde%20Villa%20Ma%C3%B1ihuales%20para%20la%20elaboraci%C3%B3n%20de%20la%20nueva%20Carta%20Magna&#038;url=https:\/\/radiorevelacionfm.cl\/?p=12258' aria-hidden='false' data-av_icon='\ue8f1' data-av_iconfont='entypo-fontello' title='' data-avia-related-tooltip='Compartir en Twitter' rel=\"noopener\"><span class='avia_hidden_link_text'>Compartir en Twitter<\/span><\/a><\/li><li class='av-share-link av-social-link-whatsapp' ><a target=\"_blank\" aria-label=\"Compartir en Whatsapp\" href='https:\/\/api.whatsapp.com\/send?text=https:\/\/radiorevelacionfm.cl\/?p=12258' aria-hidden='false' data-av_icon='\uf232' data-av_iconfont='entypo-fontello' title='' data-avia-related-tooltip='Compartir en Whatsapp' rel=\"noopener\"><span class='avia_hidden_link_text'>Compartir en Whatsapp<\/span><\/a><\/li><li class='av-share-link av-social-link-linkedin' ><a target=\"_blank\" aria-label=\"Compartir en LinkedIn\" href='https:\/\/linkedin.com\/shareArticle?mini=true&#038;title=Convencionales%20constituyentes%20abordan%20inquietudes%20comunitarias%20desde%20Villa%20Ma%C3%B1ihuales%20para%20la%20elaboraci%C3%B3n%20de%20la%20nueva%20Carta%20Magna&#038;url=https:\/\/radiorevelacionfm.cl\/?p=12258' aria-hidden='false' data-av_icon='\ue8fc' data-av_iconfont='entypo-fontello' title='' data-avia-related-tooltip='Compartir en LinkedIn' rel=\"noopener\"><span class='avia_hidden_link_text'>Compartir en LinkedIn<\/span><\/a><\/li><li class='av-share-link av-social-link-mail' ><a  aria-label=\"Compartir por correo\" href='mailto:?subject=Convencionales%20constituyentes%20abordan%20inquietudes%20comunitarias%20desde%20Villa%20Ma%C3%B1ihuales%20para%20la%20elaboraci%C3%B3n%20de%20la%20nueva%20Carta%20Magna&#038;body=https:\/\/radiorevelacionfm.cl\/?p=12258' aria-hidden='false' data-av_icon='\ue805' data-av_iconfont='entypo-fontello' title='' data-avia-related-tooltip='Compartir por correo'><span class='avia_hidden_link_text'>Compartir por correo<\/span><\/a><\/li><\/ul><\/div><\/div>\n<div  style='height:50px' class='hr hr-invisible   avia-builder-el-8  el_after_av_social_share  el_before_av_comments_list '><span class='hr-inner ' ><span class='hr-inner-style'><\/span><\/span><\/div>\n<div  class='av-buildercomment  av-blog-meta-html-info-disabled av-blog-meta-tag-disabled  '><\/div>\n","protected":false},"excerpt":{"rendered":"","protected":false},"author":1,"featured_media":12259,"comment_status":"open","ping_status":"open","sticky":false,"template":"","format":"standard","meta":{"footnotes":""},"categories":[38],"tags":[],"class_list":["post-12258","post","type-post","status-publish","format-standard","has-post-thumbnail","hentry","category-regional"],"jetpack_featured_media_url":"https:\/\/radiorevelacionfm.cl\/wp-content\/uploads\/2021\/12\/cc-vm-descentralizacion2-2_optimized.jpeg","_links":{"self":[{"href":"https:\/\/radiorevelacionfm.cl\/index.php?rest_route=\/wp\/v2\/posts\/12258","targetHints":{"allow":["GET"]}}],"collection":[{"href":"https:\/\/radiorevelacionfm.cl\/index.php?rest_route=\/wp\/v2\/posts"}],"about":[{"href":"https:\/\/radiorevelacionfm.cl\/index.php?rest_route=\/wp\/v2\/types\/post"}],"author":[{"embeddable":true,"href":"https:\/\/radiorevelacionfm.cl\/index.php?rest_route=\/wp\/v2\/users\/1"}],"replies":[{"embeddable":true,"href":"https:\/\/radiorevelacionfm.cl\/index.php?rest_route=%2Fwp%2Fv2%2Fcomments&post=12258"}],"version-history":[{"count":2,"href":"https:\/\/radiorevelacionfm.cl\/index.php?rest_route=\/wp\/v2\/posts\/12258\/revisions"}],"predecessor-version":[{"id":12261,"href":"https:\/\/radiorevelacionfm.cl\/index.php?rest_route=\/wp\/v2\/posts\/12258\/revisions\/12261"}],"wp:featuredmedia":[{"embeddable":true,"href":"https:\/\/radiorevelacionfm.cl\/index.php?rest_route=\/wp\/v2\/media\/12259"}],"wp:attachment":[{"href":"https:\/\/radiorevelacionfm.cl\/index.php?rest_route=%2Fwp%2Fv2%2Fmedia&parent=12258"}],"wp:term":[{"taxonomy":"category","embeddable":true,"href":"https:\/\/radiorevelacionfm.cl\/index.php?rest_route=%2Fwp%2Fv2%2Fcategories&post=12258"},{"taxonomy":"post_tag","embeddable":true,"href":"https:\/\/radiorevelacionfm.cl\/index.php?rest_route=%2Fwp%2Fv2%2Ftags&post=12258"}],"curies":[{"name":"wp","href":"https:\/\/api.w.org\/{rel}","templated":true}]}}