{"id":12254,"date":"2021-12-27T09:51:34","date_gmt":"2021-12-27T12:51:34","guid":{"rendered":"https:\/\/radiorevelacionfm.cl\/?p=12254"},"modified":"2021-12-27T09:51:34","modified_gmt":"2021-12-27T12:51:34","slug":"joven-jinete-muere-producto-de-un-ataque-con-arma-blanca-en-chile-chico","status":"publish","type":"post","link":"https:\/\/radiorevelacionfm.cl\/?p=12254","title":{"rendered":"Joven jinete muere producto de un ataque con arma blanca en Chile Chico"},"content":{"rendered":"<div class=\"flex_column av_one_full  flex_column_div av-zero-column-padding first  avia-builder-el-0  el_before_av_one_full  avia-builder-el-first  \" style='border-radius:0px; '><div  class='avia-image-container  av-styling-    avia-builder-el-1  avia-builder-el-no-sibling  avia-align-center '  itemprop=\"image\" itemscope=\"itemscope\" itemtype=\"https:\/\/schema.org\/ImageObject\"  ><div class='avia-image-container-inner'><div class='avia-image-overlay-wrap'><img decoding=\"async\" class='wp-image-12255 avia-img-lazy-loading-not-12255 avia_image' src=\"https:\/\/radiorevelacionfm.cl\/wp-content\/uploads\/2021\/12\/CARABINEROS-CHCH1-2-2.jpg\" alt='' title='CARABINEROS-CHCH1-2-2' height=\"600\" width=\"900\"  itemprop=\"thumbnailUrl\" srcset=\"https:\/\/radiorevelacionfm.cl\/wp-content\/uploads\/2021\/12\/CARABINEROS-CHCH1-2-2.jpg 900w, https:\/\/radiorevelacionfm.cl\/wp-content\/uploads\/2021\/12\/CARABINEROS-CHCH1-2-2-300x200.jpg 300w, https:\/\/radiorevelacionfm.cl\/wp-content\/uploads\/2021\/12\/CARABINEROS-CHCH1-2-2-768x512.jpg 768w, https:\/\/radiorevelacionfm.cl\/wp-content\/uploads\/2021\/12\/CARABINEROS-CHCH1-2-2-705x470.jpg 705w, https:\/\/radiorevelacionfm.cl\/wp-content\/uploads\/2021\/12\/CARABINEROS-CHCH1-2-2-600x400.jpg 600w\" sizes=\"(max-width: 900px) 100vw, 900px\" \/><\/div><\/div><\/div><\/div><div class=\"flex_column av_one_full  flex_column_div av-zero-column-padding first  avia-builder-el-2  el_after_av_one_full  el_before_av_one_full  column-top-margin\" style='border-radius:0px; '><section class=\"av_textblock_section \"  itemscope=\"itemscope\" itemtype=\"https:\/\/schema.org\/BlogPosting\" itemprop=\"blogPost\" ><div class='avia_textblock  '   itemprop=\"text\" ><p style=\"text-align: center;\"><span style=\"font-size: 18pt;\"><strong>Joven jinete muere producto de un ataque con arma blanca en Chile Chico<\/strong><\/span><\/p>\n<div id=\"gtx-trans\" style=\"position: absolute; left: -50px; top: 4.31534px;\">\n<div class=\"gtx-trans-icon\"><\/div>\n<\/div>\n<\/div><\/section><\/div><div class=\"flex_column av_one_full  flex_column_div av-zero-column-padding first  avia-builder-el-4  el_after_av_one_full  el_before_av_hr  column-top-margin\" style='border-radius:0px; '><section class=\"av_textblock_section \"  itemscope=\"itemscope\" itemtype=\"https:\/\/schema.org\/BlogPosting\" itemprop=\"blogPost\" ><div class='avia_textblock  '   itemprop=\"text\" ><p style=\"text-align: justify;\">En un hecho que se encuentra en investigaci\u00f3n por parte del Ministerio Publico, un joven jinete de la ciudad de Chile Chico, identificado con las iniciales C.E., falleci\u00f3 producto de un ataque con arma blanca, al parecer a ra\u00edz de una discusi\u00f3n.<\/p>\n<p style=\"text-align: justify;\">\u201cCon fecha 26 de diciembre, aproximadamente a las 03:35 de la madrugada, Carabineros recibe un llamado telef\u00f3nico solicitando se acerquen a un domicilio porque hab\u00eda una persona herida. En ese lugar, se entrevistan con quien result\u00f3 ser el imputado, el cual le refiri\u00f3 que momentos antes, producto de una amenaza por parte de la v\u00edctima que habr\u00eda realizado a un hijastro de esta persona, concurri\u00f3 hasta ese domicilio en donde hab\u00eda estado compartiendo bebidas alcoh\u00f3licas con \u00e9l y con un cuchillo le propin\u00f3 una pu\u00f1alada, para luego retirarse del lugar, llamando inmediatamente a Carabineros para denunciarse, entregarse y solicitar la incautaci\u00f3n del cuchillo con el que hab\u00eda realizado la acci\u00f3n\u201d, detall\u00f3 una vez finalizada la audiencia de control de detenci\u00f3n el fiscal de Chile Chico, \u00c1lvaro Sanhueza.<\/p>\n<p style=\"text-align: justify;\">El persecutor a\u00f1adi\u00f3 que, \u201cpersonal de Carabineros minutos m\u00e1s tarde recibe un llamado del hospital, donde se da cuenta del ingreso de una persona de sexo masculino que result\u00f3 ser la v\u00edctima, la cual ingres\u00f3 sin signos vitales y con una herida penetrante abdominal eviscerada. Cuando personal de Carabineros concurre al hospital minutos m\u00e1s tarde se entrevistan con un testigo, quien sindica directamente al imputado como el autor del hecho, raz\u00f3n por la cual, cerca de las cuatro de la madrugada personal de Carabineros realiza la detenci\u00f3n del imputado que se encontraba en el control de identidad\u201d.<\/p>\n<p style=\"text-align: justify;\">El d\u00eda martes de esta semana se realizar\u00e1 la formalizaci\u00f3n del imputado, luego de ajustarse a derecho la detenci\u00f3n del mismo, se\u00f1al\u00f3 el fiscal \u00c1lvaro Sanhueza. \u201cSe realiz\u00f3 la audiencia a partir de las 18 horas en el Juzgado de Garant\u00eda y Familia de Chile Chico, se declar\u00f3 ajustada a derecho la detenci\u00f3n, se decret\u00f3 audiencia de formalizaci\u00f3n para este imputado para el d\u00eda martes a las 14:30 horas, d\u00e1ndose orden de ingreso en el detenci\u00f3n preventivo de Chile Chico\u201d, inform\u00f3 el persecutor.<\/p>\n<\/div><\/section><\/div><div  style='height:50px' class='hr hr-invisible   avia-builder-el-6  el_after_av_one_full  el_before_av_social_share '><span class='hr-inner ' ><span class='hr-inner-style'><\/span><\/span><\/div><\/p>\n<div  class='av-social-sharing-box  avia-builder-el-7  el_after_av_hr  el_before_av_hr  '><div class='av-share-box'><h5 class='av-share-link-description av-no-toc '>Compartir esta noticia<\/h5><ul class='av-share-box-list noLightbox'><li class='av-share-link av-social-link-facebook' ><a target=\"_blank\" aria-label=\"Compartir en Facebook\" href='https:\/\/www.facebook.com\/sharer.php?u=https:\/\/radiorevelacionfm.cl\/?p=12254&#038;t=Joven%20jinete%20muere%20producto%20de%20un%20ataque%20con%20arma%20blanca%20en%20Chile%20Chico' aria-hidden='false' data-av_icon='\ue8f3' data-av_iconfont='entypo-fontello' title='' data-avia-related-tooltip='Compartir en Facebook' rel=\"noopener\"><span class='avia_hidden_link_text'>Compartir en Facebook<\/span><\/a><\/li><li class='av-share-link av-social-link-twitter' ><a target=\"_blank\" aria-label=\"Compartir en Twitter\" href='https:\/\/twitter.com\/share?text=Joven%20jinete%20muere%20producto%20de%20un%20ataque%20con%20arma%20blanca%20en%20Chile%20Chico&#038;url=https:\/\/radiorevelacionfm.cl\/?p=12254' aria-hidden='false' data-av_icon='\ue8f1' data-av_iconfont='entypo-fontello' title='' data-avia-related-tooltip='Compartir en Twitter' rel=\"noopener\"><span class='avia_hidden_link_text'>Compartir en Twitter<\/span><\/a><\/li><li class='av-share-link av-social-link-whatsapp' ><a target=\"_blank\" aria-label=\"Compartir en Whatsapp\" href='https:\/\/api.whatsapp.com\/send?text=https:\/\/radiorevelacionfm.cl\/?p=12254' aria-hidden='false' data-av_icon='\uf232' data-av_iconfont='entypo-fontello' title='' data-avia-related-tooltip='Compartir en Whatsapp' rel=\"noopener\"><span class='avia_hidden_link_text'>Compartir en Whatsapp<\/span><\/a><\/li><li class='av-share-link av-social-link-linkedin' ><a target=\"_blank\" aria-label=\"Compartir en LinkedIn\" href='https:\/\/linkedin.com\/shareArticle?mini=true&#038;title=Joven%20jinete%20muere%20producto%20de%20un%20ataque%20con%20arma%20blanca%20en%20Chile%20Chico&#038;url=https:\/\/radiorevelacionfm.cl\/?p=12254' aria-hidden='false' data-av_icon='\ue8fc' data-av_iconfont='entypo-fontello' title='' data-avia-related-tooltip='Compartir en LinkedIn' rel=\"noopener\"><span class='avia_hidden_link_text'>Compartir en LinkedIn<\/span><\/a><\/li><li class='av-share-link av-social-link-mail' ><a  aria-label=\"Compartir por correo\" href='mailto:?subject=Joven%20jinete%20muere%20producto%20de%20un%20ataque%20con%20arma%20blanca%20en%20Chile%20Chico&#038;body=https:\/\/radiorevelacionfm.cl\/?p=12254' aria-hidden='false' data-av_icon='\ue805' data-av_iconfont='entypo-fontello' title='' data-avia-related-tooltip='Compartir por correo'><span class='avia_hidden_link_text'>Compartir por correo<\/span><\/a><\/li><\/ul><\/div><\/div>\n<div  style='height:50px' class='hr hr-invisible   avia-builder-el-8  el_after_av_social_share  el_before_av_comments_list '><span class='hr-inner ' ><span class='hr-inner-style'><\/span><\/span><\/div>\n<div  class='av-buildercomment  av-blog-meta-html-info-disabled av-blog-meta-tag-disabled  '><\/div>\n","protected":false},"excerpt":{"rendered":"","protected":false},"author":1,"featured_media":12255,"comment_status":"open","ping_status":"open","sticky":false,"template":"","format":"standard","meta":{"footnotes":""},"categories":[36],"tags":[],"class_list":["post-12254","post","type-post","status-publish","format-standard","has-post-thumbnail","hentry","category-policial"],"jetpack_featured_media_url":"https:\/\/radiorevelacionfm.cl\/wp-content\/uploads\/2021\/12\/CARABINEROS-CHCH1-2-2.jpg","_links":{"self":[{"href":"https:\/\/radiorevelacionfm.cl\/index.php?rest_route=\/wp\/v2\/posts\/12254","targetHints":{"allow":["GET"]}}],"collection":[{"href":"https:\/\/radiorevelacionfm.cl\/index.php?rest_route=\/wp\/v2\/posts"}],"about":[{"href":"https:\/\/radiorevelacionfm.cl\/index.php?rest_route=\/wp\/v2\/types\/post"}],"author":[{"embeddable":true,"href":"https:\/\/radiorevelacionfm.cl\/index.php?rest_route=\/wp\/v2\/users\/1"}],"replies":[{"embeddable":true,"href":"https:\/\/radiorevelacionfm.cl\/index.php?rest_route=%2Fwp%2Fv2%2Fcomments&post=12254"}],"version-history":[{"count":2,"href":"https:\/\/radiorevelacionfm.cl\/index.php?rest_route=\/wp\/v2\/posts\/12254\/revisions"}],"predecessor-version":[{"id":12257,"href":"https:\/\/radiorevelacionfm.cl\/index.php?rest_route=\/wp\/v2\/posts\/12254\/revisions\/12257"}],"wp:featuredmedia":[{"embeddable":true,"href":"https:\/\/radiorevelacionfm.cl\/index.php?rest_route=\/wp\/v2\/media\/12255"}],"wp:attachment":[{"href":"https:\/\/radiorevelacionfm.cl\/index.php?rest_route=%2Fwp%2Fv2%2Fmedia&parent=12254"}],"wp:term":[{"taxonomy":"category","embeddable":true,"href":"https:\/\/radiorevelacionfm.cl\/index.php?rest_route=%2Fwp%2Fv2%2Fcategories&post=12254"},{"taxonomy":"post_tag","embeddable":true,"href":"https:\/\/radiorevelacionfm.cl\/index.php?rest_route=%2Fwp%2Fv2%2Ftags&post=12254"}],"curies":[{"name":"wp","href":"https:\/\/api.w.org\/{rel}","templated":true}]}}