{"id":12250,"date":"2021-12-26T18:34:00","date_gmt":"2021-12-26T21:34:00","guid":{"rendered":"https:\/\/radiorevelacionfm.cl\/?p=12250"},"modified":"2021-12-26T18:34:00","modified_gmt":"2021-12-26T21:34:00","slug":"trabajo-entre-municipio-y-organizaciones-permitio-celebrar-navidad-en-la-comuna-de-lago-verde","status":"publish","type":"post","link":"https:\/\/radiorevelacionfm.cl\/?p=12250","title":{"rendered":"Trabajo entre municipio y organizaciones permiti\u00f3 celebrar Navidad en la comuna de Lago Verde"},"content":{"rendered":"<div class=\"flex_column av_one_full  flex_column_div av-zero-column-padding first  avia-builder-el-0  el_before_av_one_full  avia-builder-el-first  \" style='border-radius:0px; '><div  class='avia-image-container  av-styling-    avia-builder-el-1  avia-builder-el-no-sibling  avia-align-center '  itemprop=\"image\" itemscope=\"itemscope\" itemtype=\"https:\/\/schema.org\/ImageObject\"  ><div class='avia-image-container-inner'><div class='avia-image-overlay-wrap'><img decoding=\"async\" class='wp-image-12251 avia-img-lazy-loading-not-12251 avia_image' src=\"https:\/\/radiorevelacionfm.cl\/wp-content\/uploads\/2021\/12\/NAVIDAD-LV-5-2-2.jpeg\" alt='' title='NAVIDAD LV 5-2-2' height=\"600\" width=\"1331\"  itemprop=\"thumbnailUrl\" srcset=\"https:\/\/radiorevelacionfm.cl\/wp-content\/uploads\/2021\/12\/NAVIDAD-LV-5-2-2.jpeg 1331w, https:\/\/radiorevelacionfm.cl\/wp-content\/uploads\/2021\/12\/NAVIDAD-LV-5-2-2-300x135.jpeg 300w, https:\/\/radiorevelacionfm.cl\/wp-content\/uploads\/2021\/12\/NAVIDAD-LV-5-2-2-1030x464.jpeg 1030w, https:\/\/radiorevelacionfm.cl\/wp-content\/uploads\/2021\/12\/NAVIDAD-LV-5-2-2-768x346.jpeg 768w, https:\/\/radiorevelacionfm.cl\/wp-content\/uploads\/2021\/12\/NAVIDAD-LV-5-2-2-705x318.jpeg 705w, https:\/\/radiorevelacionfm.cl\/wp-content\/uploads\/2021\/12\/NAVIDAD-LV-5-2-2-600x270.jpeg 600w\" sizes=\"(max-width: 1331px) 100vw, 1331px\" \/><\/div><\/div><\/div><\/div><div class=\"flex_column av_one_full  flex_column_div av-zero-column-padding first  avia-builder-el-2  el_after_av_one_full  el_before_av_one_full  column-top-margin\" style='border-radius:0px; '><section class=\"av_textblock_section \"  itemscope=\"itemscope\" itemtype=\"https:\/\/schema.org\/BlogPosting\" itemprop=\"blogPost\" ><div class='avia_textblock  '   itemprop=\"text\" ><p style=\"text-align: center;\"><span style=\"font-size: 18pt;\"><strong>Trabajo entre municipio y organizaciones permiti\u00f3 celebrar Navidad en la comuna de Lago Verde<\/strong><\/span><\/p>\n<div id=\"gtx-trans\" style=\"position: absolute; left: -50px; top: 4.31534px;\">\n<div class=\"gtx-trans-icon\"><\/div>\n<\/div>\n<\/div><\/section><\/div><div class=\"flex_column av_one_full  flex_column_div av-zero-column-padding first  avia-builder-el-4  el_after_av_one_full  el_before_av_hr  column-top-margin\" style='border-radius:0px; '><section class=\"av_textblock_section \"  itemscope=\"itemscope\" itemtype=\"https:\/\/schema.org\/BlogPosting\" itemprop=\"blogPost\" ><div class='avia_textblock  '   itemprop=\"text\" ><p style=\"text-align: justify;\">Alegr\u00eda y emoci\u00f3n fue lo que m\u00e1s expresaron los ni\u00f1os de la comuna de Lago Verde, tras el desarrollo de actividades navide\u00f1as que fueron coordinadas entre la Municipalidad y las organizaciones de Villa Amengual, Villa La Tapera y Lago Verde. Lo que fue relevado por el Alcalde, Nelson Opazo L\u00f3pez.<\/p>\n<p style=\"text-align: justify;\">\u201cDestacar, agradecer el trabajo coordinado de nuestro equipo municipal junto a las organizaciones que nos colaboraron y acompa\u00f1aron en estas bonitas actividades para nuestros ni\u00f1os de la comuna. Partiendo por Lago Verde, en este caso relevar el apoyo permanente y el compromiso con su comunidad de parte de la Brigada de Bomberos y sus integrantes que se incorporan permanentemente en diferentes actividades y en esta ocasi\u00f3n no fue distinto. En el caso de Villa Amengual, se suma una organizaci\u00f3n de j\u00f3venes muy importante en nuestra comunidad, que est\u00e1 con bastante iniciativa de participar y en este caso agradecemos que existan las voluntades de poder desarrollar actividades en conjunto con nuestro municipio por parte de la Agrupaci\u00f3n Entre R\u00edos y Monta\u00f1as de Villa Amengual\u201d.<\/p>\n<p style=\"text-align: justify;\">En Tapera son varias las organizaciones sociales que participan de las diversas iniciativas de la Municipalidad, tal como ocurri\u00f3 en el festejo de navidad, agreg\u00f3 el Alcalde Opazo.<\/p>\n<p style=\"text-align: justify;\">\u201cEn Tapera no pod\u00eda ser distinto, se sum\u00f3 a esta bonita actividad la Junta de Vecinos, el Club de Huasos de Villa La Tapera, como siempre con un rol absolutamente protag\u00f3nico en el quehacer de la comunidad, los locales comerciales que tambi\u00e9n estuvieron colaborando, aportando a que sea una actividad navide\u00f1a para nuestros ni\u00f1os y que sea lo mejor posible. As\u00ed es que, en conjunto con nuestros equipos municipales se hace un barrido completo en relaci\u00f3n a las actividades de esta naturaleza en la comuna, que hacen que nos sintamos muy agradecidos y deseemos de todo coraz\u00f3n a nuestra comunidad, a nuestras familias de la comuna, de todas las localidades, los mejores parabienes\u201d.<\/p>\n<p style=\"text-align: justify;\">Cynthia Bulher, presidenta de la Agrupaci\u00f3n Juvenil \u201cEntre R\u00edos y Monta\u00f1as\u201d, destac\u00f3 la iniciativa realizada en conjunto a la Municipalidad de Lago Verde, en bien de una jornada para los ni\u00f1os.<\/p>\n<p style=\"text-align: justify;\">\u201cYo estoy s\u00faper contenta, encuentro que sali\u00f3 todo s\u00faper bien, estamos agradecidos de los chiquillos que est\u00e1n s\u00faper motivados e interesados en participar y hacer estas actividades. Este a\u00f1o lo hicimos muy r\u00e1pido, porque ya el a\u00f1o pasado recibimos harto apoyo de la gente, lo que nos dio el tiempo para trabajar m\u00e1s f\u00e1cilmente, cont\u00e1bamos ya con los renos, luces, nos apoyaron igual con pilas por ah\u00ed, uno que otro aporte de la gente, ayud\u00f3 a que saliera muy bien. Y adem\u00e1s trabajar en conjunto esta vez a la Municipalidad, entregar los regalos, hizo mucho m\u00e1s contentos a los ni\u00f1os, entonces, este a\u00f1o est\u00e1bamos s\u00faper emocionados de haber podido realizar la actividad en conjunto, porque as\u00ed sale una actividad m\u00e1s bonita y hacemos todo en uno\u201d.<\/p>\n<p style=\"text-align: justify;\">Una de las mam\u00e1s participantes en la actividad navide\u00f1a, quien lleg\u00f3 a la comuna desde La Junta, destac\u00f3 la bonita jornada que se desarroll\u00f3 en esta navidad. \u201cEs una actividad s\u00faper bonita para los ni\u00f1os, se ve la felicidad en sus caras, este es un pueblo muy bonito, yo soy de La Junta me vine a vivir ac\u00e1 y espero que estemos durante harto tiempo. Es una localidad muy tranquila, muy hermosa, muy linda, todo muy limpio y la actividad maravillosa\u201d.<\/p>\n<p style=\"text-align: justify;\">Uno de los peque\u00f1os que fue parte de la jornada de navidad, disfrut\u00f3 del baile, los concursos y por supuesto de los regalos. \u201cTengo 8 a\u00f1os, me encant\u00f3 la actividad donde pudimos bailar, nos dieron caramelos, bailamos, para que pasemos bien la navidad. As\u00ed es que, le env\u00edo un saludo a todo el mundo\u201d.<\/p>\n<p style=\"text-align: justify;\">Desde la Municipalidad de Lago Verde junto a las organizaciones sociales de la comuna, esperan que cada ni\u00f1o y sus familias hayan disfrutado de las iniciativas programadas para dar realce a una fecha tan importante y cargada de alegr\u00eda como es la Navidad.<\/p>\n<\/div><\/section><\/div><div  style='height:50px' class='hr hr-invisible   avia-builder-el-6  el_after_av_one_full  el_before_av_social_share '><span class='hr-inner ' ><span class='hr-inner-style'><\/span><\/span><\/div><\/p>\n<div  class='av-social-sharing-box  avia-builder-el-7  el_after_av_hr  el_before_av_hr  '><div class='av-share-box'><h5 class='av-share-link-description av-no-toc '>Compartir esta noticia<\/h5><ul class='av-share-box-list noLightbox'><li class='av-share-link av-social-link-facebook' ><a target=\"_blank\" aria-label=\"Compartir en Facebook\" href='https:\/\/www.facebook.com\/sharer.php?u=https:\/\/radiorevelacionfm.cl\/?p=12250&#038;t=Trabajo%20entre%20municipio%20y%20organizaciones%20permiti%C3%B3%20celebrar%20Navidad%20en%20la%20comuna%20de%20Lago%20Verde' aria-hidden='false' data-av_icon='\ue8f3' data-av_iconfont='entypo-fontello' title='' data-avia-related-tooltip='Compartir en Facebook' rel=\"noopener\"><span class='avia_hidden_link_text'>Compartir en Facebook<\/span><\/a><\/li><li class='av-share-link av-social-link-twitter' ><a target=\"_blank\" aria-label=\"Compartir en Twitter\" href='https:\/\/twitter.com\/share?text=Trabajo%20entre%20municipio%20y%20organizaciones%20permiti%C3%B3%20celebrar%20Navidad%20en%20la%20comuna%20de%20Lago%20Verde&#038;url=https:\/\/radiorevelacionfm.cl\/?p=12250' aria-hidden='false' data-av_icon='\ue8f1' data-av_iconfont='entypo-fontello' title='' data-avia-related-tooltip='Compartir en Twitter' rel=\"noopener\"><span class='avia_hidden_link_text'>Compartir en Twitter<\/span><\/a><\/li><li class='av-share-link av-social-link-whatsapp' ><a target=\"_blank\" aria-label=\"Compartir en Whatsapp\" href='https:\/\/api.whatsapp.com\/send?text=https:\/\/radiorevelacionfm.cl\/?p=12250' aria-hidden='false' data-av_icon='\uf232' data-av_iconfont='entypo-fontello' title='' data-avia-related-tooltip='Compartir en Whatsapp' rel=\"noopener\"><span class='avia_hidden_link_text'>Compartir en Whatsapp<\/span><\/a><\/li><li class='av-share-link av-social-link-linkedin' ><a target=\"_blank\" aria-label=\"Compartir en LinkedIn\" href='https:\/\/linkedin.com\/shareArticle?mini=true&#038;title=Trabajo%20entre%20municipio%20y%20organizaciones%20permiti%C3%B3%20celebrar%20Navidad%20en%20la%20comuna%20de%20Lago%20Verde&#038;url=https:\/\/radiorevelacionfm.cl\/?p=12250' aria-hidden='false' data-av_icon='\ue8fc' data-av_iconfont='entypo-fontello' title='' data-avia-related-tooltip='Compartir en LinkedIn' rel=\"noopener\"><span class='avia_hidden_link_text'>Compartir en LinkedIn<\/span><\/a><\/li><li class='av-share-link av-social-link-mail' ><a  aria-label=\"Compartir por correo\" href='mailto:?subject=Trabajo%20entre%20municipio%20y%20organizaciones%20permiti%C3%B3%20celebrar%20Navidad%20en%20la%20comuna%20de%20Lago%20Verde&#038;body=https:\/\/radiorevelacionfm.cl\/?p=12250' aria-hidden='false' data-av_icon='\ue805' data-av_iconfont='entypo-fontello' title='' data-avia-related-tooltip='Compartir por correo'><span class='avia_hidden_link_text'>Compartir por correo<\/span><\/a><\/li><\/ul><\/div><\/div>\n<div  style='height:50px' class='hr hr-invisible   avia-builder-el-8  el_after_av_social_share  el_before_av_comments_list '><span class='hr-inner ' ><span class='hr-inner-style'><\/span><\/span><\/div>\n<div  class='av-buildercomment  av-blog-meta-html-info-disabled av-blog-meta-tag-disabled  '><\/div>\n","protected":false},"excerpt":{"rendered":"","protected":false},"author":1,"featured_media":12251,"comment_status":"open","ping_status":"open","sticky":false,"template":"","format":"standard","meta":{"footnotes":""},"categories":[38],"tags":[],"class_list":["post-12250","post","type-post","status-publish","format-standard","has-post-thumbnail","hentry","category-regional"],"jetpack_featured_media_url":"https:\/\/radiorevelacionfm.cl\/wp-content\/uploads\/2021\/12\/NAVIDAD-LV-5-2-2.jpeg","_links":{"self":[{"href":"https:\/\/radiorevelacionfm.cl\/index.php?rest_route=\/wp\/v2\/posts\/12250","targetHints":{"allow":["GET"]}}],"collection":[{"href":"https:\/\/radiorevelacionfm.cl\/index.php?rest_route=\/wp\/v2\/posts"}],"about":[{"href":"https:\/\/radiorevelacionfm.cl\/index.php?rest_route=\/wp\/v2\/types\/post"}],"author":[{"embeddable":true,"href":"https:\/\/radiorevelacionfm.cl\/index.php?rest_route=\/wp\/v2\/users\/1"}],"replies":[{"embeddable":true,"href":"https:\/\/radiorevelacionfm.cl\/index.php?rest_route=%2Fwp%2Fv2%2Fcomments&post=12250"}],"version-history":[{"count":2,"href":"https:\/\/radiorevelacionfm.cl\/index.php?rest_route=\/wp\/v2\/posts\/12250\/revisions"}],"predecessor-version":[{"id":12253,"href":"https:\/\/radiorevelacionfm.cl\/index.php?rest_route=\/wp\/v2\/posts\/12250\/revisions\/12253"}],"wp:featuredmedia":[{"embeddable":true,"href":"https:\/\/radiorevelacionfm.cl\/index.php?rest_route=\/wp\/v2\/media\/12251"}],"wp:attachment":[{"href":"https:\/\/radiorevelacionfm.cl\/index.php?rest_route=%2Fwp%2Fv2%2Fmedia&parent=12250"}],"wp:term":[{"taxonomy":"category","embeddable":true,"href":"https:\/\/radiorevelacionfm.cl\/index.php?rest_route=%2Fwp%2Fv2%2Fcategories&post=12250"},{"taxonomy":"post_tag","embeddable":true,"href":"https:\/\/radiorevelacionfm.cl\/index.php?rest_route=%2Fwp%2Fv2%2Ftags&post=12250"}],"curies":[{"name":"wp","href":"https:\/\/api.w.org\/{rel}","templated":true}]}}