{"id":12230,"date":"2021-12-24T12:10:32","date_gmt":"2021-12-24T15:10:32","guid":{"rendered":"https:\/\/radiorevelacionfm.cl\/?p=12230"},"modified":"2021-12-24T12:10:32","modified_gmt":"2021-12-24T15:10:32","slug":"salud-refuerza-recomendaciones-por-covid-19-en-festividades-de-fin-de-ano","status":"publish","type":"post","link":"https:\/\/radiorevelacionfm.cl\/?p=12230","title":{"rendered":"Salud refuerza recomendaciones por COVID-19 en festividades de fin de a\u00f1o"},"content":{"rendered":"<div class=\"flex_column av_one_full  flex_column_div av-zero-column-padding first  avia-builder-el-0  el_before_av_one_full  avia-builder-el-first  \" style='border-radius:0px; '><div  class='avia-image-container  av-styling-    avia-builder-el-1  avia-builder-el-no-sibling  avia-align-center '  itemprop=\"image\" itemscope=\"itemscope\" itemtype=\"https:\/\/schema.org\/ImageObject\"  ><div class='avia-image-container-inner'><div class='avia-image-overlay-wrap'><img decoding=\"async\" class='wp-image-12231 avia-img-lazy-loading-not-12231 avia_image' src=\"https:\/\/radiorevelacionfm.cl\/wp-content\/uploads\/2021\/12\/cuadrillas-entrega-info-2-2.jpg\" alt='' title='cuadrillas - entrega info-2-2' height=\"600\" width=\"925\"  itemprop=\"thumbnailUrl\" srcset=\"https:\/\/radiorevelacionfm.cl\/wp-content\/uploads\/2021\/12\/cuadrillas-entrega-info-2-2.jpg 925w, https:\/\/radiorevelacionfm.cl\/wp-content\/uploads\/2021\/12\/cuadrillas-entrega-info-2-2-300x195.jpg 300w, https:\/\/radiorevelacionfm.cl\/wp-content\/uploads\/2021\/12\/cuadrillas-entrega-info-2-2-768x498.jpg 768w, https:\/\/radiorevelacionfm.cl\/wp-content\/uploads\/2021\/12\/cuadrillas-entrega-info-2-2-705x457.jpg 705w, https:\/\/radiorevelacionfm.cl\/wp-content\/uploads\/2021\/12\/cuadrillas-entrega-info-2-2-600x389.jpg 600w\" sizes=\"(max-width: 925px) 100vw, 925px\" \/><\/div><\/div><\/div><\/div><div class=\"flex_column av_one_full  flex_column_div av-zero-column-padding first  avia-builder-el-2  el_after_av_one_full  el_before_av_one_full  column-top-margin\" style='border-radius:0px; '><section class=\"av_textblock_section \"  itemscope=\"itemscope\" itemtype=\"https:\/\/schema.org\/BlogPosting\" itemprop=\"blogPost\" ><div class='avia_textblock  '   itemprop=\"text\" ><p style=\"text-align: center;\"><span style=\"font-size: 18pt;\"><strong>Salud refuerza recomendaciones por COVID-19 en festividades de fin de a\u00f1o<\/strong><\/span><\/p>\n<div id=\"gtx-trans\" style=\"position: absolute; left: -50px; top: 4.31534px;\">\n<div class=\"gtx-trans-icon\"><\/div>\n<\/div>\n<\/div><\/section><\/div><div class=\"flex_column av_one_full  flex_column_div av-zero-column-padding first  avia-builder-el-4  el_after_av_one_full  el_before_av_hr  column-top-margin\" style='border-radius:0px; '><section class=\"av_textblock_section \"  itemscope=\"itemscope\" itemtype=\"https:\/\/schema.org\/BlogPosting\" itemprop=\"blogPost\" ><div class='avia_textblock  '   itemprop=\"text\" ><p style=\"text-align: justify;\">Con el prop\u00f3sito de potenciar las medidas de resguardo sanitario durante las pr\u00f3ximas festividades, el Ministerio de Salud se encuentra impulsando el Plan \u201cNo invites al Covid-19 en estas fiestas de Fin de A\u00f1o. Para cuidarte, invita a qui\u00e9n se cuida\u201d; iniciativa donde se espera generar conciencia acerca de la responsabilidad del autocuidado al interior de cada grupo familiar para celebrar las fiestas de fin de a\u00f1o de manera segura.<\/p>\n<p style=\"text-align: justify;\">Fue en este contexto, donde las Cuadrillas Sanitarias de la Seremi de Salud, han estado recorriendo distintos puntos del comercio y espacios p\u00fablicos para entregar recomendaciones sanitarias como la importancia del uso correcto de la mascarilla, el lavado frecuente de manos y evitar los puntos de aglomeraci\u00f3n de personas; adem\u00e1s de no compartir cubiertos ni platos en las comidas, no consumir alimentos de recipientes comunes y testearse oportunamente a trav\u00e9s de un PCR si se contempla reunirse con familiares o amigos en estas festividades.<\/p>\n<p style=\"text-align: justify;\">Recomendaciones que fueron reforzadas por la Seremi de Salud (s), Gloria Beecher.\u00a0 \u201cEn estas festividades queremos seguir reforzando junto a la comunidad el mensaje, No Invites al COVID a tu Casa, invita a gente que realmente se cuide. Los casos van a la baja y queremos seguir manteniendo esta tendencia, es por eso que el correcto lavado de manos, el distanciamiento f\u00edsico y el uso constante de mascarilla, nos ha permitido llevar a la baja los casos en la regi\u00f3n\u201d.<\/p>\n<p style=\"text-align: justify;\">Durante la entrega de material preventivo sobre el COVID-19, Alexis Alarc\u00f3n, transe\u00fante de la ciudad, valor\u00f3 el desarrollo de esta campa\u00f1a de salud.\u00a0 \u201cCon lo que estamos pasando hoy a nivel pa\u00eds, es muy bueno porque ahora se vienen las fiestas y hay que cuidarse como familia.\u201d<\/p>\n<p style=\"text-align: justify;\">Por \u00faltimo, cabe se\u00f1alar que durante este fin de semana se mantendr\u00e1n los operativos de b\u00fasqueda activa de casos por COVID-19 en la ciudad de Coyhaique, donde equipos de salud estar\u00e1n realizando ex\u00e1menes PCR este s\u00e1bado 25 en la sede del Colegio M\u00e9dico, ubicada en calle Montt N\u00ba69 (09:30 a 12:30hrs.); y en la sede FENATS de calle Baquedano N\u00ba848 (10:00 a 13:00hrs.).<\/p>\n<\/div><\/section><\/div><div  style='height:50px' class='hr hr-invisible   avia-builder-el-6  el_after_av_one_full  el_before_av_social_share '><span class='hr-inner ' ><span class='hr-inner-style'><\/span><\/span><\/div><\/p>\n<div  class='av-social-sharing-box  avia-builder-el-7  el_after_av_hr  el_before_av_hr  '><div class='av-share-box'><h5 class='av-share-link-description av-no-toc '>Compartir esta noticia<\/h5><ul class='av-share-box-list noLightbox'><li class='av-share-link av-social-link-facebook' ><a target=\"_blank\" aria-label=\"Compartir en Facebook\" href='https:\/\/www.facebook.com\/sharer.php?u=https:\/\/radiorevelacionfm.cl\/?p=12230&#038;t=Salud%20refuerza%20recomendaciones%20por%20COVID-19%20en%20festividades%20de%20fin%20de%20a%C3%B1o' aria-hidden='false' data-av_icon='\ue8f3' data-av_iconfont='entypo-fontello' title='' data-avia-related-tooltip='Compartir en Facebook' rel=\"noopener\"><span class='avia_hidden_link_text'>Compartir en Facebook<\/span><\/a><\/li><li class='av-share-link av-social-link-twitter' ><a target=\"_blank\" aria-label=\"Compartir en Twitter\" href='https:\/\/twitter.com\/share?text=Salud%20refuerza%20recomendaciones%20por%20COVID-19%20en%20festividades%20de%20fin%20de%20a%C3%B1o&#038;url=https:\/\/radiorevelacionfm.cl\/?p=12230' aria-hidden='false' data-av_icon='\ue8f1' data-av_iconfont='entypo-fontello' title='' data-avia-related-tooltip='Compartir en Twitter' rel=\"noopener\"><span class='avia_hidden_link_text'>Compartir en Twitter<\/span><\/a><\/li><li class='av-share-link av-social-link-whatsapp' ><a target=\"_blank\" aria-label=\"Compartir en Whatsapp\" href='https:\/\/api.whatsapp.com\/send?text=https:\/\/radiorevelacionfm.cl\/?p=12230' aria-hidden='false' data-av_icon='\uf232' data-av_iconfont='entypo-fontello' title='' data-avia-related-tooltip='Compartir en Whatsapp' rel=\"noopener\"><span class='avia_hidden_link_text'>Compartir en Whatsapp<\/span><\/a><\/li><li class='av-share-link av-social-link-linkedin' ><a target=\"_blank\" aria-label=\"Compartir en LinkedIn\" href='https:\/\/linkedin.com\/shareArticle?mini=true&#038;title=Salud%20refuerza%20recomendaciones%20por%20COVID-19%20en%20festividades%20de%20fin%20de%20a%C3%B1o&#038;url=https:\/\/radiorevelacionfm.cl\/?p=12230' aria-hidden='false' data-av_icon='\ue8fc' data-av_iconfont='entypo-fontello' title='' data-avia-related-tooltip='Compartir en LinkedIn' rel=\"noopener\"><span class='avia_hidden_link_text'>Compartir en LinkedIn<\/span><\/a><\/li><li class='av-share-link av-social-link-mail' ><a  aria-label=\"Compartir por correo\" href='mailto:?subject=Salud%20refuerza%20recomendaciones%20por%20COVID-19%20en%20festividades%20de%20fin%20de%20a%C3%B1o&#038;body=https:\/\/radiorevelacionfm.cl\/?p=12230' aria-hidden='false' data-av_icon='\ue805' data-av_iconfont='entypo-fontello' title='' data-avia-related-tooltip='Compartir por correo'><span class='avia_hidden_link_text'>Compartir por correo<\/span><\/a><\/li><\/ul><\/div><\/div>\n<div  style='height:50px' class='hr hr-invisible   avia-builder-el-8  el_after_av_social_share  el_before_av_comments_list '><span class='hr-inner ' ><span class='hr-inner-style'><\/span><\/span><\/div>\n<div  class='av-buildercomment  av-blog-meta-html-info-disabled av-blog-meta-tag-disabled  '><\/div>\n","protected":false},"excerpt":{"rendered":"","protected":false},"author":1,"featured_media":12231,"comment_status":"open","ping_status":"open","sticky":false,"template":"","format":"standard","meta":{"footnotes":""},"categories":[46],"tags":[],"class_list":["post-12230","post","type-post","status-publish","format-standard","has-post-thumbnail","hentry","category-salud"],"jetpack_featured_media_url":"https:\/\/radiorevelacionfm.cl\/wp-content\/uploads\/2021\/12\/cuadrillas-entrega-info-2-2.jpg","_links":{"self":[{"href":"https:\/\/radiorevelacionfm.cl\/index.php?rest_route=\/wp\/v2\/posts\/12230","targetHints":{"allow":["GET"]}}],"collection":[{"href":"https:\/\/radiorevelacionfm.cl\/index.php?rest_route=\/wp\/v2\/posts"}],"about":[{"href":"https:\/\/radiorevelacionfm.cl\/index.php?rest_route=\/wp\/v2\/types\/post"}],"author":[{"embeddable":true,"href":"https:\/\/radiorevelacionfm.cl\/index.php?rest_route=\/wp\/v2\/users\/1"}],"replies":[{"embeddable":true,"href":"https:\/\/radiorevelacionfm.cl\/index.php?rest_route=%2Fwp%2Fv2%2Fcomments&post=12230"}],"version-history":[{"count":2,"href":"https:\/\/radiorevelacionfm.cl\/index.php?rest_route=\/wp\/v2\/posts\/12230\/revisions"}],"predecessor-version":[{"id":12233,"href":"https:\/\/radiorevelacionfm.cl\/index.php?rest_route=\/wp\/v2\/posts\/12230\/revisions\/12233"}],"wp:featuredmedia":[{"embeddable":true,"href":"https:\/\/radiorevelacionfm.cl\/index.php?rest_route=\/wp\/v2\/media\/12231"}],"wp:attachment":[{"href":"https:\/\/radiorevelacionfm.cl\/index.php?rest_route=%2Fwp%2Fv2%2Fmedia&parent=12230"}],"wp:term":[{"taxonomy":"category","embeddable":true,"href":"https:\/\/radiorevelacionfm.cl\/index.php?rest_route=%2Fwp%2Fv2%2Fcategories&post=12230"},{"taxonomy":"post_tag","embeddable":true,"href":"https:\/\/radiorevelacionfm.cl\/index.php?rest_route=%2Fwp%2Fv2%2Ftags&post=12230"}],"curies":[{"name":"wp","href":"https:\/\/api.w.org\/{rel}","templated":true}]}}