{"id":12224,"date":"2021-12-24T10:51:16","date_gmt":"2021-12-24T13:51:16","guid":{"rendered":"https:\/\/radiorevelacionfm.cl\/?p=12224"},"modified":"2021-12-24T10:51:16","modified_gmt":"2021-12-24T13:51:16","slug":"influencialobueno-lanzan-campana-contra-el-ciberacoso-y-llaman-a-fomentar-el-buen-trato-en-redes-sociales","status":"publish","type":"post","link":"https:\/\/radiorevelacionfm.cl\/?p=12224","title":{"rendered":"#InfluenciaLoBueno: Lanzan campa\u00f1a contra el ciberacoso y llaman a fomentar el buen trato en redes sociales"},"content":{"rendered":"<div class=\"flex_column av_one_full  flex_column_div av-zero-column-padding first  avia-builder-el-0  el_before_av_one_full  avia-builder-el-first  \" style='border-radius:0px; '><div  class='avia-image-container  av-styling-    avia-builder-el-1  avia-builder-el-no-sibling  avia-align-center '  itemprop=\"image\" itemscope=\"itemscope\" itemtype=\"https:\/\/schema.org\/ImageObject\"  ><div class='avia-image-container-inner'><div class='avia-image-overlay-wrap'><img decoding=\"async\" class='wp-image-12225 avia-img-lazy-loading-not-12225 avia_image' src=\"https:\/\/radiorevelacionfm.cl\/wp-content\/uploads\/2021\/12\/ciberacoso-2-2.jpg\" alt='' title='ciberacoso-2-2' height=\"600\" width=\"883\"  itemprop=\"thumbnailUrl\" srcset=\"https:\/\/radiorevelacionfm.cl\/wp-content\/uploads\/2021\/12\/ciberacoso-2-2.jpg 883w, https:\/\/radiorevelacionfm.cl\/wp-content\/uploads\/2021\/12\/ciberacoso-2-2-300x204.jpg 300w, https:\/\/radiorevelacionfm.cl\/wp-content\/uploads\/2021\/12\/ciberacoso-2-2-768x522.jpg 768w, https:\/\/radiorevelacionfm.cl\/wp-content\/uploads\/2021\/12\/ciberacoso-2-2-705x479.jpg 705w, https:\/\/radiorevelacionfm.cl\/wp-content\/uploads\/2021\/12\/ciberacoso-2-2-600x408.jpg 600w\" sizes=\"(max-width: 883px) 100vw, 883px\" \/><\/div><\/div><\/div><\/div><div class=\"flex_column av_one_full  flex_column_div av-zero-column-padding first  avia-builder-el-2  el_after_av_one_full  el_before_av_one_full  column-top-margin\" style='border-radius:0px; '><section class=\"av_textblock_section \"  itemscope=\"itemscope\" itemtype=\"https:\/\/schema.org\/BlogPosting\" itemprop=\"blogPost\" ><div class='avia_textblock  '   itemprop=\"text\" ><p style=\"text-align: center;\"><span style=\"font-size: 18pt;\"><strong>#InfluenciaLoBueno: Lanzan campa\u00f1a contra el ciberacoso y llaman a fomentar el buen trato en redes sociales<\/strong><\/span><\/p>\n<div id=\"gtx-trans\" style=\"position: absolute; left: -50px; top: 4.31534px;\">\n<div class=\"gtx-trans-icon\"><\/div>\n<\/div>\n<\/div><\/section><\/div><div class=\"flex_column av_one_full  flex_column_div av-zero-column-padding first  avia-builder-el-4  el_after_av_one_full  el_before_av_hr  column-top-margin\" style='border-radius:0px; '><section class=\"av_textblock_section \"  itemscope=\"itemscope\" itemtype=\"https:\/\/schema.org\/BlogPosting\" itemprop=\"blogPost\" ><div class='avia_textblock  '   itemprop=\"text\" ><p style=\"text-align: justify;\">A trav\u00e9s de una conversaci\u00f3n con la influencer Vai Monroe y un despliegue por redes sociales, el Vocero de Gobierno, Jaime Bellolio, lanz\u00f3 la campa\u00f1a \u201cInfluencia lo Bueno\u201d orientada a combatir la violencia digital. La iniciativa, que nace como continuidad a la campa\u00f1a \u201cCorta la cadena\u201d, busca instalar la problem\u00e1tica del ciberacoso entre los j\u00f3venes e invita a compartir contenido sin violencia en redes sociales.<\/p>\n<p style=\"text-align: justify;\">Seg\u00fan el Estudio de Ciberacoso en Chile (Segegob, 2021)<a title=\"\" href=\"https:\/\/mail.google.com\/mail\/u\/0\/#m_-6237594170026826266__ftn1\" name=\"m_-6237594170026826266__ftnref1\">[1]<\/a>, relativo a j\u00f3venes de 15 a 29 a\u00f1os a nivel nacional, un 47% afirma haber sido v\u00edctima de esta pr\u00e1ctica al menos una vez en los \u00faltimos tres meses. De esos j\u00f3venes ciberacosados, un 38% declara presentar s\u00edntomas que son compatibles con depresi\u00f3n mayor; un 25% afirma que ante episodios de ciberacoso su reacci\u00f3n es hacerse da\u00f1o, y un 69% se\u00f1ala que el ciberacoso del que son v\u00edctimas consiste en comentarios hirientes o malintencionados en l\u00ednea.<\/p>\n<p style=\"text-align: justify;\">Por otro lado, un 64% de los j\u00f3venes en Chile fue testigo del ciberacoso al menos una vez durante los \u00faltimos tres meses. De esos testigos, un 58% se\u00f1ala no haber hecho nada para enfrentar esta pr\u00e1ctica. El \u00a052% de los testigos declara haber sido tambi\u00e9n v\u00edctima de acoso por medios digitales en los \u00faltimos tres meses.<\/p>\n<p style=\"text-align: justify;\">\u201cLa campa\u00f1a #InfluenciaLoBueno busca generar conciencia sobre el da\u00f1o que genera el ciberacoso en los j\u00f3venes, ni\u00f1os, ni\u00f1as y en sus familias. La violencia digital es real y lamentablemente durante la pandemia se acrecent\u00f3 a\u00fan m\u00e1s, especialmente contra las mujeres. Es por eso que invitamos a todos a sumarse a esta campa\u00f1a y fomentar el buen trato en las redes sociales, porque con ese comentario de odio, con esa funa, con ese ciberacoso, t\u00fa no sabes el da\u00f1o que le puedes generar a la persona que est\u00e1 al otro lado del tel\u00e9fono o del computador. El respeto siempre tiene que ir por delante, no solo cara a cara, sino que tambi\u00e9n en todas las plataformas digitales. Nuestras diferencias nos enriquecen, no nos separan\u201d, afirm\u00f3 el Ministro Jaime Bellolio.<\/p>\n<p style=\"text-align: justify;\">Junto con el lanzamiento de la campa\u00f1a, en el sitio web <a href=\"https:\/\/gob.us4.list-manage.com\/track\/click?u=06779906fdb4738c2e43692e2&amp;id=236dde407d&amp;e=2487c9037a\" target=\"_blank\" rel=\"noopener\" data-saferedirecturl=\"https:\/\/www.google.com\/url?q=https:\/\/gob.us4.list-manage.com\/track\/click?u%3D06779906fdb4738c2e43692e2%26id%3D236dde407d%26e%3D2487c9037a&amp;source=gmail&amp;ust=1640437181682000&amp;usg=AOvVaw0UfcXJKrj9HJOtin407Rbl\">www.gob.cl\/saludablemente<\/a> se incluy\u00f3 una secci\u00f3n dedicada exclusivamente a la violencia digital, con material descargable orientado a ni\u00f1os, ni\u00f1as, j\u00f3venes, padres y docentes, para enfrentar y evitar el ciberacoso. Este se divide en tres partes: atenci\u00f3n, prevenci\u00f3n y denuncia.<\/p>\n<p style=\"text-align: justify;\"><strong>Canales de denuncia y\/o apoyo para personas v\u00edctimas de violencia digital.<\/strong><\/p>\n<ol style=\"text-align: justify;\">\n<li><strong>SaludableMente:<\/strong> <a href=\"https:\/\/gob.us4.list-manage.com\/track\/click?u=06779906fdb4738c2e43692e2&amp;id=44467d9282&amp;e=2487c9037a\" target=\"_blank\" rel=\"noopener\" data-saferedirecturl=\"https:\/\/www.google.com\/url?q=https:\/\/gob.us4.list-manage.com\/track\/click?u%3D06779906fdb4738c2e43692e2%26id%3D44467d9282%26e%3D2487c9037a&amp;source=gmail&amp;ust=1640437181682000&amp;usg=AOvVaw3dTcB4rWfyIRkwfxsJCps8\">https:\/\/www.gob.cl\/<wbr \/>saludablemente\/<wbr \/>violenciadigital\/<\/a><\/li>\n<\/ol>\n<ol style=\"text-align: justify;\">\n<li value=\"2\"><strong>Superintendencia de Educaci\u00f3n:<\/strong> <a href=\"http:\/\/www.supereduc.cl\/\" target=\"_blank\" rel=\"noopener\" data-saferedirecturl=\"https:\/\/www.google.com\/url?q=http:\/\/www.supereduc.cl&amp;source=gmail&amp;ust=1640437181682000&amp;usg=AOvVaw0ESiTnHamrO-IMwNzBSZk9\">www.supereduc.cl<\/a> o al n\u00famero 600 3600 390.<\/li>\n<\/ol>\n<div style=\"text-align: justify;\"><\/div>\n<ol style=\"text-align: justify;\">\n<li value=\"3\"><strong>Instituto Nacional de la Juventud (INJUV):<\/strong> Programa \u201cHablemos de Todo\u201d, chat que da atenci\u00f3n psicol\u00f3gica gratuita a todas las personas j\u00f3venes que han sido tanto v\u00edctimas como victimarios de violencia digital. <a href=\"http:\/\/hablemosdetodo.injuv.gob.cl\/\" target=\"_blank\" rel=\"noopener\" data-saferedirecturl=\"https:\/\/www.google.com\/url?q=http:\/\/hablemosdetodo.injuv.gob.cl\/&amp;source=gmail&amp;ust=1640437181682000&amp;usg=AOvVaw1ekeSahMkcBRmEkBmGUDnv\">hablemosdetodo.injuv.gob.cl\/<\/a><\/li>\n<\/ol>\n<div style=\"text-align: justify;\"><\/div>\n<ol style=\"text-align: justify;\">\n<li value=\"4\"><strong>Whatsapp Violencia Digital PDI:<\/strong> +56934599762<\/li>\n<\/ol>\n<div style=\"text-align: justify;\"><\/div>\n<\/div><\/section><\/div><div  style='height:50px' class='hr hr-invisible   avia-builder-el-6  el_after_av_one_full  el_before_av_social_share '><span class='hr-inner ' ><span class='hr-inner-style'><\/span><\/span><\/div><\/p>\n<div  class='av-social-sharing-box  avia-builder-el-7  el_after_av_hr  el_before_av_hr  '><div class='av-share-box'><h5 class='av-share-link-description av-no-toc '>Compartir esta noticia<\/h5><ul class='av-share-box-list noLightbox'><li class='av-share-link av-social-link-facebook' ><a target=\"_blank\" aria-label=\"Compartir en Facebook\" href='https:\/\/www.facebook.com\/sharer.php?u=https:\/\/radiorevelacionfm.cl\/?p=12224&#038;t=%23InfluenciaLoBueno%3A%20Lanzan%20campa%C3%B1a%20contra%20el%20ciberacoso%20y%20llaman%20a%20fomentar%20el%20buen%20trato%20en%20redes%20sociales' aria-hidden='false' data-av_icon='\ue8f3' data-av_iconfont='entypo-fontello' title='' data-avia-related-tooltip='Compartir en Facebook' rel=\"noopener\"><span class='avia_hidden_link_text'>Compartir en Facebook<\/span><\/a><\/li><li class='av-share-link av-social-link-twitter' ><a target=\"_blank\" aria-label=\"Compartir en Twitter\" href='https:\/\/twitter.com\/share?text=%23InfluenciaLoBueno%3A%20Lanzan%20campa%C3%B1a%20contra%20el%20ciberacoso%20y%20llaman%20a%20fomentar%20el%20buen%20trato%20en%20redes%20sociales&#038;url=https:\/\/radiorevelacionfm.cl\/?p=12224' aria-hidden='false' data-av_icon='\ue8f1' data-av_iconfont='entypo-fontello' title='' data-avia-related-tooltip='Compartir en Twitter' rel=\"noopener\"><span class='avia_hidden_link_text'>Compartir en Twitter<\/span><\/a><\/li><li class='av-share-link av-social-link-whatsapp' ><a target=\"_blank\" aria-label=\"Compartir en Whatsapp\" href='https:\/\/api.whatsapp.com\/send?text=https:\/\/radiorevelacionfm.cl\/?p=12224' aria-hidden='false' data-av_icon='\uf232' data-av_iconfont='entypo-fontello' title='' data-avia-related-tooltip='Compartir en Whatsapp' rel=\"noopener\"><span class='avia_hidden_link_text'>Compartir en Whatsapp<\/span><\/a><\/li><li class='av-share-link av-social-link-linkedin' ><a target=\"_blank\" aria-label=\"Compartir en LinkedIn\" href='https:\/\/linkedin.com\/shareArticle?mini=true&#038;title=%23InfluenciaLoBueno%3A%20Lanzan%20campa%C3%B1a%20contra%20el%20ciberacoso%20y%20llaman%20a%20fomentar%20el%20buen%20trato%20en%20redes%20sociales&#038;url=https:\/\/radiorevelacionfm.cl\/?p=12224' aria-hidden='false' data-av_icon='\ue8fc' data-av_iconfont='entypo-fontello' title='' data-avia-related-tooltip='Compartir en LinkedIn' rel=\"noopener\"><span class='avia_hidden_link_text'>Compartir en LinkedIn<\/span><\/a><\/li><li class='av-share-link av-social-link-mail' ><a  aria-label=\"Compartir por correo\" href='mailto:?subject=%23InfluenciaLoBueno%3A%20Lanzan%20campa%C3%B1a%20contra%20el%20ciberacoso%20y%20llaman%20a%20fomentar%20el%20buen%20trato%20en%20redes%20sociales&#038;body=https:\/\/radiorevelacionfm.cl\/?p=12224' aria-hidden='false' data-av_icon='\ue805' data-av_iconfont='entypo-fontello' title='' data-avia-related-tooltip='Compartir por correo'><span class='avia_hidden_link_text'>Compartir por correo<\/span><\/a><\/li><\/ul><\/div><\/div>\n<div  style='height:50px' class='hr hr-invisible   avia-builder-el-8  el_after_av_social_share  el_before_av_comments_list '><span class='hr-inner ' ><span class='hr-inner-style'><\/span><\/span><\/div>\n<div  class='av-buildercomment  av-blog-meta-html-info-disabled av-blog-meta-tag-disabled  '><\/div>\n","protected":false},"excerpt":{"rendered":"","protected":false},"author":1,"featured_media":12225,"comment_status":"open","ping_status":"open","sticky":false,"template":"","format":"standard","meta":{"footnotes":""},"categories":[1],"tags":[],"class_list":["post-12224","post","type-post","status-publish","format-standard","has-post-thumbnail","hentry","category-sin-categoria"],"jetpack_featured_media_url":"https:\/\/radiorevelacionfm.cl\/wp-content\/uploads\/2021\/12\/ciberacoso-2-2.jpg","_links":{"self":[{"href":"https:\/\/radiorevelacionfm.cl\/index.php?rest_route=\/wp\/v2\/posts\/12224","targetHints":{"allow":["GET"]}}],"collection":[{"href":"https:\/\/radiorevelacionfm.cl\/index.php?rest_route=\/wp\/v2\/posts"}],"about":[{"href":"https:\/\/radiorevelacionfm.cl\/index.php?rest_route=\/wp\/v2\/types\/post"}],"author":[{"embeddable":true,"href":"https:\/\/radiorevelacionfm.cl\/index.php?rest_route=\/wp\/v2\/users\/1"}],"replies":[{"embeddable":true,"href":"https:\/\/radiorevelacionfm.cl\/index.php?rest_route=%2Fwp%2Fv2%2Fcomments&post=12224"}],"version-history":[{"count":2,"href":"https:\/\/radiorevelacionfm.cl\/index.php?rest_route=\/wp\/v2\/posts\/12224\/revisions"}],"predecessor-version":[{"id":12229,"href":"https:\/\/radiorevelacionfm.cl\/index.php?rest_route=\/wp\/v2\/posts\/12224\/revisions\/12229"}],"wp:featuredmedia":[{"embeddable":true,"href":"https:\/\/radiorevelacionfm.cl\/index.php?rest_route=\/wp\/v2\/media\/12225"}],"wp:attachment":[{"href":"https:\/\/radiorevelacionfm.cl\/index.php?rest_route=%2Fwp%2Fv2%2Fmedia&parent=12224"}],"wp:term":[{"taxonomy":"category","embeddable":true,"href":"https:\/\/radiorevelacionfm.cl\/index.php?rest_route=%2Fwp%2Fv2%2Fcategories&post=12224"},{"taxonomy":"post_tag","embeddable":true,"href":"https:\/\/radiorevelacionfm.cl\/index.php?rest_route=%2Fwp%2Fv2%2Ftags&post=12224"}],"curies":[{"name":"wp","href":"https:\/\/api.w.org\/{rel}","templated":true}]}}