{"id":12220,"date":"2021-12-23T20:08:33","date_gmt":"2021-12-23T23:08:33","guid":{"rendered":"https:\/\/radiorevelacionfm.cl\/?p=12220"},"modified":"2021-12-23T20:08:33","modified_gmt":"2021-12-23T23:08:33","slug":"fndr-beneficia-a-la-fundacion-teacompanamos-para-operativo-de-atencion-de-diagnostico-y-seguimiento-de-ninos-ninas-y-adolescentes-tea","status":"publish","type":"post","link":"https:\/\/radiorevelacionfm.cl\/?p=12220","title":{"rendered":"FNDR beneficia a la Fundaci\u00f3n TeAcompa\u00f1amos para Operativo de Atenci\u00f3n de Diagn\u00f3stico y seguimiento de ni\u00f1os, ni\u00f1as y adolescentes TEA"},"content":{"rendered":"<div class=\"flex_column av_one_full  flex_column_div av-zero-column-padding first  avia-builder-el-0  el_before_av_one_full  avia-builder-el-first  \" style='border-radius:0px; '><div  class='avia-image-container  av-styling-    avia-builder-el-1  avia-builder-el-no-sibling  avia-align-center '  itemprop=\"image\" itemscope=\"itemscope\" itemtype=\"https:\/\/schema.org\/ImageObject\"  ><div class='avia-image-container-inner'><div class='avia-image-overlay-wrap'><img decoding=\"async\" class='wp-image-12221 avia-img-lazy-loading-not-12221 avia_image' src=\"https:\/\/radiorevelacionfm.cl\/wp-content\/uploads\/2021\/12\/3-2-2-2.jpeg\" alt='' title='3-2-2-2' height=\"600\" width=\"1069\"  itemprop=\"thumbnailUrl\" srcset=\"https:\/\/radiorevelacionfm.cl\/wp-content\/uploads\/2021\/12\/3-2-2-2.jpeg 1069w, https:\/\/radiorevelacionfm.cl\/wp-content\/uploads\/2021\/12\/3-2-2-2-300x168.jpeg 300w, https:\/\/radiorevelacionfm.cl\/wp-content\/uploads\/2021\/12\/3-2-2-2-1030x578.jpeg 1030w, https:\/\/radiorevelacionfm.cl\/wp-content\/uploads\/2021\/12\/3-2-2-2-768x431.jpeg 768w, https:\/\/radiorevelacionfm.cl\/wp-content\/uploads\/2021\/12\/3-2-2-2-705x396.jpeg 705w, https:\/\/radiorevelacionfm.cl\/wp-content\/uploads\/2021\/12\/3-2-2-2-600x337.jpeg 600w\" sizes=\"(max-width: 1069px) 100vw, 1069px\" \/><\/div><\/div><\/div><\/div><div class=\"flex_column av_one_full  flex_column_div av-zero-column-padding first  avia-builder-el-2  el_after_av_one_full  el_before_av_one_full  column-top-margin\" style='border-radius:0px; '><section class=\"av_textblock_section \"  itemscope=\"itemscope\" itemtype=\"https:\/\/schema.org\/BlogPosting\" itemprop=\"blogPost\" ><div class='avia_textblock  '   itemprop=\"text\" ><p style=\"text-align: center;\"><span style=\"font-size: 18pt;\"><b>FNDR beneficia a la Fundaci\u00f3n TeAcompa\u00f1amos para Operativo de Atenci\u00f3n de Diagn\u00f3stico y seguimiento de ni\u00f1os, ni\u00f1as y adolescentes TEA<\/b><\/span><\/p>\n<div id=\"gtx-trans\" style=\"position: absolute; left: -50px; top: 4.31534px;\">\n<div class=\"gtx-trans-icon\"><\/div>\n<\/div>\n<\/div><\/section><\/div><div class=\"flex_column av_one_full  flex_column_div av-zero-column-padding first  avia-builder-el-4  el_after_av_one_full  el_before_av_hr  column-top-margin\" style='border-radius:0px; '><section class=\"av_textblock_section \"  itemscope=\"itemscope\" itemtype=\"https:\/\/schema.org\/BlogPosting\" itemprop=\"blogPost\" ><div class='avia_textblock  '   itemprop=\"text\" ><p style=\"text-align: justify;\">Teacompa\u00f1amos es una asociaci\u00f3n que agrupa a personas, adem\u00e1s de padres y amigos de ni\u00f1os y j\u00f3venes que presentan diagn\u00f3stico o sospecha de Trastorno de Espectro Autista, cuyo objetivo es promover la adecuada inclusi\u00f3n de personas con TEA, as\u00ed como su desarrollo integral, con la finalidad de mejorar su calidad de vida y las de sus familias.<\/p>\n<p style=\"text-align: justify;\">\u00abMe parece proyecto admirable, tremendamente \u00e9tico replicable y es una iniciativa que impacta en la calidad de vida de las personas en el espectro del autismo su familia y toda la comunidad. Va en la l\u00ednea en lo que es la orientaci\u00f3n en salud p\u00fablica, ya que est\u00e1n pensando en la calidad de vida de las personas y la salud comunitaria: es como una bola de nieve que va sumando esta iniciativa positiva, va sumando la comunidad, va potenciando, va levantando necesidades y dando respuestas a las necesidades desde la propia comunidad\u00bb, afirma la Dra. Alejandra V\u00e9lez, quien gracias a un proyecto FNDR realiz\u00f3 35 atenciones a asociados de TeAcompa\u00f1amos.<\/p>\n<p style=\"text-align: justify;\">Los fondos, solicitados a trav\u00e9s de la modalidad de asignaci\u00f3n directa, ten\u00edan el prop\u00f3sito de servir para el diagn\u00f3stico a los casos que se encuentren en sospecha de Trastorno del Espectro Austista (TEA). La sospecha y diagn\u00f3stico a edades tempranas mejora el pron\u00f3stico de una persona dentro del espectro, en especial en edades complejas (ni\u00f1ez, adolescencia) ya que existe una mayor tendencia a otras comorbilidades asociadas a la salud mental, como ansiedad, depresi\u00f3n e intento suicida.<\/p>\n<p style=\"text-align: justify;\">Este proyecto significa mejorar la calidad de vida de muchas familias de la regi\u00f3n, lo que es especialmente significativo para la m\u00e1xima autoridad de la regi\u00f3n, Gobernadora Andrea Mac\u00edas Palma, quien comparti\u00f3 con ni\u00f1os\/as y sus familias en el centro.<\/p>\n<p style=\"text-align: justify;\">\u00abPara nosotros como Gobierno Regional es fundamental poder apoyar todas aquellas iniciativas en donde muchas veces el Estado no llega o llega tarde. Esta relaci\u00f3n que hemos ido construyendo con el paso del tiempo con TeAcompa\u00f1amos, nos resulta muy importante poder colaborar en algo tan fundamental y necesario como en la generaci\u00f3n de diagn\u00f3sticos. Este proyecto en particular tiene una tremenda relevancia dado que hoy d\u00eda existe una carencia de profesionales neur\u00f3logos y psiquiatr\u00eda infantil en nuestra regi\u00f3n. Con estos recursos que han permitido precisamente que una especialista, una psiquiatra infantil, pueda venir hasta la regi\u00f3n, a diagnosticar a casi cuarenta ni\u00f1os y ni\u00f1as para que puedan acceder a los programas de integraci\u00f3n escolar\u00bb, afirma la autoridad regional.<\/p>\n<p style=\"text-align: justify;\">Por su parte, para las familias de los asociados este proyecto ha resultado fundamental en el apoyo a su trabajo que muchas veces queda invisibilizado y que tiene por objetivo que los ni\u00f1os generen distintos tipos de habilidades para que tengan una mejor calidad de vida. \u00abEn el fondo somos varias familias, somos 140 familias que estamos trabajando para poder crear todo este tema de proyectos y ahora la Gobernadora nos apoya con el proyecto que tiene relaci\u00f3n con atenciones para los ni\u00f1os ni\u00f1as y adolescentes que tengan un diagn\u00f3stico o una sospecha del trastorno del espectro autista. Son ni\u00f1os que han tenido dos o m\u00e1s a\u00f1os sin ninguna evaluaci\u00f3n y que adem\u00e1s los que est\u00e1n en sospecha les ha sido s\u00faper complicado poder llegar a tener una hora con especialistas porque en la regi\u00f3n es una de las m\u00e1s grandes deficiencias para los TEA\u00bb, cuenta Pamela Alarc\u00f3n, presidenta de la Asociaci\u00f3n.<br \/>\n<b><br \/>\n\u00bfQu\u00e9 es TEA?<\/b><\/p>\n<p style=\"text-align: justify;\">El trastorno del espectro autista (TEA) es una afecci\u00f3n neurol\u00f3gica y de desarrollo que comienza en la ni\u00f1ez y dura toda la vida. Afecta c\u00f3mo una persona se comporta, interact\u00faa con otros, se comunica y aprende.<\/p>\n<p style=\"text-align: justify;\">El TEA no es una enfermedad, es una condici\u00f3n, por lo que acompa\u00f1a a la persona toda la vida, pero con una terapia temprana puede mejorar el pron\u00f3stico de la condici\u00f3n logrando llevar una vida completamente normal.<\/p>\n<\/div><\/section><\/div><div  style='height:50px' class='hr hr-invisible   avia-builder-el-6  el_after_av_one_full  el_before_av_social_share '><span class='hr-inner ' ><span class='hr-inner-style'><\/span><\/span><\/div><\/p>\n<div  class='av-social-sharing-box  avia-builder-el-7  el_after_av_hr  el_before_av_hr  '><div class='av-share-box'><h5 class='av-share-link-description av-no-toc '>Compartir esta noticia<\/h5><ul class='av-share-box-list noLightbox'><li class='av-share-link av-social-link-facebook' ><a target=\"_blank\" aria-label=\"Compartir en Facebook\" href='https:\/\/www.facebook.com\/sharer.php?u=https:\/\/radiorevelacionfm.cl\/?p=12220&#038;t=FNDR%20beneficia%20a%20la%20Fundaci%C3%B3n%20TeAcompa%C3%B1amos%20para%20Operativo%20de%20Atenci%C3%B3n%20de%20Diagn%C3%B3stico%20y%20seguimiento%20de%20ni%C3%B1os%2C%20ni%C3%B1as%20y%20adolescentes%20TEA' aria-hidden='false' data-av_icon='\ue8f3' data-av_iconfont='entypo-fontello' title='' data-avia-related-tooltip='Compartir en Facebook' rel=\"noopener\"><span class='avia_hidden_link_text'>Compartir en Facebook<\/span><\/a><\/li><li class='av-share-link av-social-link-twitter' ><a target=\"_blank\" aria-label=\"Compartir en Twitter\" href='https:\/\/twitter.com\/share?text=FNDR%20beneficia%20a%20la%20Fundaci%C3%B3n%20TeAcompa%C3%B1amos%20para%20Operativo%20de%20Atenci%C3%B3n%20de%20Diagn%C3%B3stico%20y%20seguimiento%20de%20ni%C3%B1os%2C%20ni%C3%B1as%20y%20adolescentes%20TEA&#038;url=https:\/\/radiorevelacionfm.cl\/?p=12220' aria-hidden='false' data-av_icon='\ue8f1' data-av_iconfont='entypo-fontello' title='' data-avia-related-tooltip='Compartir en Twitter' rel=\"noopener\"><span class='avia_hidden_link_text'>Compartir en Twitter<\/span><\/a><\/li><li class='av-share-link av-social-link-whatsapp' ><a target=\"_blank\" aria-label=\"Compartir en Whatsapp\" href='https:\/\/api.whatsapp.com\/send?text=https:\/\/radiorevelacionfm.cl\/?p=12220' aria-hidden='false' data-av_icon='\uf232' data-av_iconfont='entypo-fontello' title='' data-avia-related-tooltip='Compartir en Whatsapp' rel=\"noopener\"><span class='avia_hidden_link_text'>Compartir en Whatsapp<\/span><\/a><\/li><li class='av-share-link av-social-link-linkedin' ><a target=\"_blank\" aria-label=\"Compartir en LinkedIn\" href='https:\/\/linkedin.com\/shareArticle?mini=true&#038;title=FNDR%20beneficia%20a%20la%20Fundaci%C3%B3n%20TeAcompa%C3%B1amos%20para%20Operativo%20de%20Atenci%C3%B3n%20de%20Diagn%C3%B3stico%20y%20seguimiento%20de%20ni%C3%B1os%2C%20ni%C3%B1as%20y%20adolescentes%20TEA&#038;url=https:\/\/radiorevelacionfm.cl\/?p=12220' aria-hidden='false' data-av_icon='\ue8fc' data-av_iconfont='entypo-fontello' title='' data-avia-related-tooltip='Compartir en LinkedIn' rel=\"noopener\"><span class='avia_hidden_link_text'>Compartir en LinkedIn<\/span><\/a><\/li><li class='av-share-link av-social-link-mail' ><a  aria-label=\"Compartir por correo\" href='mailto:?subject=FNDR%20beneficia%20a%20la%20Fundaci%C3%B3n%20TeAcompa%C3%B1amos%20para%20Operativo%20de%20Atenci%C3%B3n%20de%20Diagn%C3%B3stico%20y%20seguimiento%20de%20ni%C3%B1os%2C%20ni%C3%B1as%20y%20adolescentes%20TEA&#038;body=https:\/\/radiorevelacionfm.cl\/?p=12220' aria-hidden='false' data-av_icon='\ue805' data-av_iconfont='entypo-fontello' title='' data-avia-related-tooltip='Compartir por correo'><span class='avia_hidden_link_text'>Compartir por correo<\/span><\/a><\/li><\/ul><\/div><\/div>\n<div  style='height:50px' class='hr hr-invisible   avia-builder-el-8  el_after_av_social_share  el_before_av_comments_list '><span class='hr-inner ' ><span class='hr-inner-style'><\/span><\/span><\/div>\n<div  class='av-buildercomment  av-blog-meta-html-info-disabled av-blog-meta-tag-disabled  '><\/div>\n","protected":false},"excerpt":{"rendered":"","protected":false},"author":1,"featured_media":12221,"comment_status":"open","ping_status":"open","sticky":false,"template":"","format":"standard","meta":{"footnotes":""},"categories":[38],"tags":[],"class_list":["post-12220","post","type-post","status-publish","format-standard","has-post-thumbnail","hentry","category-regional"],"jetpack_featured_media_url":"https:\/\/radiorevelacionfm.cl\/wp-content\/uploads\/2021\/12\/3-2-2-2.jpeg","_links":{"self":[{"href":"https:\/\/radiorevelacionfm.cl\/index.php?rest_route=\/wp\/v2\/posts\/12220","targetHints":{"allow":["GET"]}}],"collection":[{"href":"https:\/\/radiorevelacionfm.cl\/index.php?rest_route=\/wp\/v2\/posts"}],"about":[{"href":"https:\/\/radiorevelacionfm.cl\/index.php?rest_route=\/wp\/v2\/types\/post"}],"author":[{"embeddable":true,"href":"https:\/\/radiorevelacionfm.cl\/index.php?rest_route=\/wp\/v2\/users\/1"}],"replies":[{"embeddable":true,"href":"https:\/\/radiorevelacionfm.cl\/index.php?rest_route=%2Fwp%2Fv2%2Fcomments&post=12220"}],"version-history":[{"count":2,"href":"https:\/\/radiorevelacionfm.cl\/index.php?rest_route=\/wp\/v2\/posts\/12220\/revisions"}],"predecessor-version":[{"id":12223,"href":"https:\/\/radiorevelacionfm.cl\/index.php?rest_route=\/wp\/v2\/posts\/12220\/revisions\/12223"}],"wp:featuredmedia":[{"embeddable":true,"href":"https:\/\/radiorevelacionfm.cl\/index.php?rest_route=\/wp\/v2\/media\/12221"}],"wp:attachment":[{"href":"https:\/\/radiorevelacionfm.cl\/index.php?rest_route=%2Fwp%2Fv2%2Fmedia&parent=12220"}],"wp:term":[{"taxonomy":"category","embeddable":true,"href":"https:\/\/radiorevelacionfm.cl\/index.php?rest_route=%2Fwp%2Fv2%2Fcategories&post=12220"},{"taxonomy":"post_tag","embeddable":true,"href":"https:\/\/radiorevelacionfm.cl\/index.php?rest_route=%2Fwp%2Fv2%2Ftags&post=12220"}],"curies":[{"name":"wp","href":"https:\/\/api.w.org\/{rel}","templated":true}]}}