{"id":12211,"date":"2021-12-23T19:19:11","date_gmt":"2021-12-23T22:19:11","guid":{"rendered":"https:\/\/radiorevelacionfm.cl\/?p=12211"},"modified":"2021-12-23T19:19:11","modified_gmt":"2021-12-23T22:19:11","slug":"compromiso-vivienda-posibilito-la-construccion-de-470-viviendas-gracias-al-convenio-entre-bienes-nacionales-y-minvu","status":"publish","type":"post","link":"https:\/\/radiorevelacionfm.cl\/?p=12211","title":{"rendered":"Compromiso Vivienda posibilit\u00f3 la construcci\u00f3n de 470 viviendas gracias al convenio entre Bienes Nacionales y Minvu"},"content":{"rendered":"<div class=\"flex_column av_one_full  flex_column_div av-zero-column-padding first  avia-builder-el-0  el_before_av_one_full  avia-builder-el-first  \" style='border-radius:0px; '><div  class='avia-image-container  av-styling-    avia-builder-el-1  avia-builder-el-no-sibling  avia-align-center '  itemprop=\"image\" itemscope=\"itemscope\" itemtype=\"https:\/\/schema.org\/ImageObject\"  ><div class='avia-image-container-inner'><div class='avia-image-overlay-wrap'><img decoding=\"async\" class='wp-image-12212 avia-img-lazy-loading-not-12212 avia_image' src=\"https:\/\/radiorevelacionfm.cl\/wp-content\/uploads\/2021\/12\/Viviendas-2-2.jpeg\" alt='' title='Viviendas-2-2' height=\"600\" width=\"800\"  itemprop=\"thumbnailUrl\" srcset=\"https:\/\/radiorevelacionfm.cl\/wp-content\/uploads\/2021\/12\/Viviendas-2-2.jpeg 800w, https:\/\/radiorevelacionfm.cl\/wp-content\/uploads\/2021\/12\/Viviendas-2-2-300x225.jpeg 300w, https:\/\/radiorevelacionfm.cl\/wp-content\/uploads\/2021\/12\/Viviendas-2-2-768x576.jpeg 768w, https:\/\/radiorevelacionfm.cl\/wp-content\/uploads\/2021\/12\/Viviendas-2-2-705x529.jpeg 705w, https:\/\/radiorevelacionfm.cl\/wp-content\/uploads\/2021\/12\/Viviendas-2-2-600x450.jpeg 600w\" sizes=\"(max-width: 800px) 100vw, 800px\" \/><\/div><\/div><\/div><\/div><div class=\"flex_column av_one_full  flex_column_div av-zero-column-padding first  avia-builder-el-2  el_after_av_one_full  el_before_av_one_full  column-top-margin\" style='border-radius:0px; '><section class=\"av_textblock_section \"  itemscope=\"itemscope\" itemtype=\"https:\/\/schema.org\/BlogPosting\" itemprop=\"blogPost\" ><div class='avia_textblock  '   itemprop=\"text\" ><p style=\"text-align: center;\"><strong><span style=\"font-size: 18pt;\">Compromiso Vivienda posibilit\u00f3 la construcci\u00f3n de 470 viviendas gracias al convenio entre Bienes Nacionales y Minvu<\/span><\/strong><\/p>\n<div id=\"gtx-trans\" style=\"position: absolute; left: -50px; top: 4.31534px;\">\n<div class=\"gtx-trans-icon\"><\/div>\n<\/div>\n<\/div><\/section><\/div><div class=\"flex_column av_one_full  flex_column_div av-zero-column-padding first  avia-builder-el-4  el_after_av_one_full  el_before_av_hr  column-top-margin\" style='border-radius:0px; '><section class=\"av_textblock_section \"  itemscope=\"itemscope\" itemtype=\"https:\/\/schema.org\/BlogPosting\" itemprop=\"blogPost\" ><div class='avia_textblock  '   itemprop=\"text\" ><p style=\"text-align: justify;\">El convenio entre los ministerios de Bienes Nacionales y Vivienda y Urbanismo, a trav\u00e9s del Compromiso Vivienda, ha posibilitado que en la regi\u00f3n de Ays\u00e9n se hayan podido construir 470 viviendas en el segundo gobierno del Presidente Sebasti\u00e1n Pi\u00f1era.<\/p>\n<p style=\"text-align: justify;\">Lo anterior fue posible gracias a la transferencia de 7 terrenos por m\u00e1s de 14 hect\u00e1reas, en las comunas de Coyhaique, Cochrane, Chile Chico, Guaitecas y R\u00edo Ib\u00e1\u00f1ez.<\/p>\n<p style=\"text-align: justify;\">Seg\u00fan explic\u00f3 la Delegada Presidencial Regional de Ays\u00e9n, Margarita Ossa Rojas, \u201cesta clase de convenios entre ministerios tan importantes como Bienes Nacionales y Vivienda nos demuestra que se pueden hacer buenas pol\u00edticas p\u00fablicas, con un rostro integrador y m\u00e1s eficaz, y que en el caso de nuestra regi\u00f3n logr\u00f3 avanzar de forma importante, innovadora y r\u00e1pida en la reducci\u00f3n de la brecha habitacional, posibilit\u00e1ndole a 470 familias de cinco comunas tener su casa propia, algo sin duda muy anhelo por todas las personas cuando planifican su futuro\u201d.<\/p>\n<p style=\"text-align: justify;\">Por su parte, la seremi de Bienes Nacionales, Ana Mar\u00eda Mora, junto con valorar la pol\u00edtica anunciada por el Mandatario se\u00f1al\u00f3 que \u201cnuestro ministerio ha hecho entrega de 7 inmuebles a trav\u00e9s de transferencias gratuitas al SERVIU para construir all\u00ed soluciones habitacionales a diferentes comit\u00e9s de vivienda que han presentado demanda. Esto entregar\u00e1 soluciones habitacionales, con buenos accesos y esperamos que con esto puedan cumplir el sue\u00f1o de la casa propia\u201d, indic\u00f3.<\/p>\n<p style=\"text-align: justify;\">Desde el ministerio de Vivienda y Urbanismo en tanto, el seremi Diego Silva Barrera, explic\u00f3 que desde su sector est\u00e1n confiados en poder \u2013 gracias a estas pol\u00edticas \u2013 mejorar y \u201crobustecer firmemente el banco de suelo para la construcci\u00f3n de viviendas sociales. En la regi\u00f3n de Ays\u00e9n son cerca de 14 hect\u00e1reas que van a beneficiar a casi 480 familias que van a poder tener su vivienda gracias a la adquisici\u00f3n de estos terrenos fiscales que estaban en manos Bienes Nacionales para dotar de m\u00e1s suelo para la construcci\u00f3n de viviendas\u201d.<\/p>\n<\/div><\/section><\/div><div  style='height:50px' class='hr hr-invisible   avia-builder-el-6  el_after_av_one_full  el_before_av_social_share '><span class='hr-inner ' ><span class='hr-inner-style'><\/span><\/span><\/div><\/p>\n<div  class='av-social-sharing-box  avia-builder-el-7  el_after_av_hr  el_before_av_hr  '><div class='av-share-box'><h5 class='av-share-link-description av-no-toc '>Compartir esta noticia<\/h5><ul class='av-share-box-list noLightbox'><li class='av-share-link av-social-link-facebook' ><a target=\"_blank\" aria-label=\"Compartir en Facebook\" href='https:\/\/www.facebook.com\/sharer.php?u=https:\/\/radiorevelacionfm.cl\/?p=12211&#038;t=Compromiso%20Vivienda%20posibilit%C3%B3%20la%20construcci%C3%B3n%20de%20470%20viviendas%20gracias%20al%20convenio%20entre%20Bienes%20Nacionales%20y%20Minvu' aria-hidden='false' data-av_icon='\ue8f3' data-av_iconfont='entypo-fontello' title='' data-avia-related-tooltip='Compartir en Facebook' rel=\"noopener\"><span class='avia_hidden_link_text'>Compartir en Facebook<\/span><\/a><\/li><li class='av-share-link av-social-link-twitter' ><a target=\"_blank\" aria-label=\"Compartir en Twitter\" href='https:\/\/twitter.com\/share?text=Compromiso%20Vivienda%20posibilit%C3%B3%20la%20construcci%C3%B3n%20de%20470%20viviendas%20gracias%20al%20convenio%20entre%20Bienes%20Nacionales%20y%20Minvu&#038;url=https:\/\/radiorevelacionfm.cl\/?p=12211' aria-hidden='false' data-av_icon='\ue8f1' data-av_iconfont='entypo-fontello' title='' data-avia-related-tooltip='Compartir en Twitter' rel=\"noopener\"><span class='avia_hidden_link_text'>Compartir en Twitter<\/span><\/a><\/li><li class='av-share-link av-social-link-whatsapp' ><a target=\"_blank\" aria-label=\"Compartir en Whatsapp\" href='https:\/\/api.whatsapp.com\/send?text=https:\/\/radiorevelacionfm.cl\/?p=12211' aria-hidden='false' data-av_icon='\uf232' data-av_iconfont='entypo-fontello' title='' data-avia-related-tooltip='Compartir en Whatsapp' rel=\"noopener\"><span class='avia_hidden_link_text'>Compartir en Whatsapp<\/span><\/a><\/li><li class='av-share-link av-social-link-linkedin' ><a target=\"_blank\" aria-label=\"Compartir en LinkedIn\" href='https:\/\/linkedin.com\/shareArticle?mini=true&#038;title=Compromiso%20Vivienda%20posibilit%C3%B3%20la%20construcci%C3%B3n%20de%20470%20viviendas%20gracias%20al%20convenio%20entre%20Bienes%20Nacionales%20y%20Minvu&#038;url=https:\/\/radiorevelacionfm.cl\/?p=12211' aria-hidden='false' data-av_icon='\ue8fc' data-av_iconfont='entypo-fontello' title='' data-avia-related-tooltip='Compartir en LinkedIn' rel=\"noopener\"><span class='avia_hidden_link_text'>Compartir en LinkedIn<\/span><\/a><\/li><li class='av-share-link av-social-link-mail' ><a  aria-label=\"Compartir por correo\" href='mailto:?subject=Compromiso%20Vivienda%20posibilit%C3%B3%20la%20construcci%C3%B3n%20de%20470%20viviendas%20gracias%20al%20convenio%20entre%20Bienes%20Nacionales%20y%20Minvu&#038;body=https:\/\/radiorevelacionfm.cl\/?p=12211' aria-hidden='false' data-av_icon='\ue805' data-av_iconfont='entypo-fontello' title='' data-avia-related-tooltip='Compartir por correo'><span class='avia_hidden_link_text'>Compartir por correo<\/span><\/a><\/li><\/ul><\/div><\/div>\n<div  style='height:50px' class='hr hr-invisible   avia-builder-el-8  el_after_av_social_share  el_before_av_comments_list '><span class='hr-inner ' ><span class='hr-inner-style'><\/span><\/span><\/div>\n<div  class='av-buildercomment  av-blog-meta-html-info-disabled av-blog-meta-tag-disabled  '><\/div>\n","protected":false},"excerpt":{"rendered":"","protected":false},"author":1,"featured_media":12212,"comment_status":"open","ping_status":"open","sticky":false,"template":"","format":"standard","meta":{"footnotes":""},"categories":[57],"tags":[],"class_list":["post-12211","post","type-post","status-publish","format-standard","has-post-thumbnail","hentry","category-vivienda"],"jetpack_featured_media_url":"https:\/\/radiorevelacionfm.cl\/wp-content\/uploads\/2021\/12\/Viviendas-2-2.jpeg","_links":{"self":[{"href":"https:\/\/radiorevelacionfm.cl\/index.php?rest_route=\/wp\/v2\/posts\/12211","targetHints":{"allow":["GET"]}}],"collection":[{"href":"https:\/\/radiorevelacionfm.cl\/index.php?rest_route=\/wp\/v2\/posts"}],"about":[{"href":"https:\/\/radiorevelacionfm.cl\/index.php?rest_route=\/wp\/v2\/types\/post"}],"author":[{"embeddable":true,"href":"https:\/\/radiorevelacionfm.cl\/index.php?rest_route=\/wp\/v2\/users\/1"}],"replies":[{"embeddable":true,"href":"https:\/\/radiorevelacionfm.cl\/index.php?rest_route=%2Fwp%2Fv2%2Fcomments&post=12211"}],"version-history":[{"count":2,"href":"https:\/\/radiorevelacionfm.cl\/index.php?rest_route=\/wp\/v2\/posts\/12211\/revisions"}],"predecessor-version":[{"id":12214,"href":"https:\/\/radiorevelacionfm.cl\/index.php?rest_route=\/wp\/v2\/posts\/12211\/revisions\/12214"}],"wp:featuredmedia":[{"embeddable":true,"href":"https:\/\/radiorevelacionfm.cl\/index.php?rest_route=\/wp\/v2\/media\/12212"}],"wp:attachment":[{"href":"https:\/\/radiorevelacionfm.cl\/index.php?rest_route=%2Fwp%2Fv2%2Fmedia&parent=12211"}],"wp:term":[{"taxonomy":"category","embeddable":true,"href":"https:\/\/radiorevelacionfm.cl\/index.php?rest_route=%2Fwp%2Fv2%2Fcategories&post=12211"},{"taxonomy":"post_tag","embeddable":true,"href":"https:\/\/radiorevelacionfm.cl\/index.php?rest_route=%2Fwp%2Fv2%2Ftags&post=12211"}],"curies":[{"name":"wp","href":"https:\/\/api.w.org\/{rel}","templated":true}]}}