{"id":12207,"date":"2021-12-23T15:55:38","date_gmt":"2021-12-23T18:55:38","guid":{"rendered":"https:\/\/radiorevelacionfm.cl\/?p=12207"},"modified":"2021-12-23T15:55:38","modified_gmt":"2021-12-23T18:55:38","slug":"informan-sobre-el-funcionamiento-del-comercio-durante-feriados-obligatorios-e-irrenunciables-de-navidad-y-ano-nuevo","status":"publish","type":"post","link":"https:\/\/radiorevelacionfm.cl\/?p=12207","title":{"rendered":"Informan sobre el funcionamiento del comercio durante feriados obligatorios e irrenunciables de Navidad y A\u00f1o Nuevo"},"content":{"rendered":"<div class=\"flex_column av_one_full  flex_column_div av-zero-column-padding first  avia-builder-el-0  el_before_av_one_full  avia-builder-el-first  \" style='border-radius:0px; '><div  class='avia-image-container  av-styling-    avia-builder-el-1  avia-builder-el-no-sibling  avia-align-center '  itemprop=\"image\" itemscope=\"itemscope\" itemtype=\"https:\/\/schema.org\/ImageObject\"  ><div class='avia-image-container-inner'><div class='avia-image-overlay-wrap'><img decoding=\"async\" class='wp-image-12208 avia-img-lazy-loading-not-12208 avia_image' src=\"https:\/\/radiorevelacionfm.cl\/wp-content\/uploads\/2021\/12\/centro-2_optimized.jpg\" alt='' title='centro-2_optimized' height=\"600\" width=\"800\"  itemprop=\"thumbnailUrl\" srcset=\"https:\/\/radiorevelacionfm.cl\/wp-content\/uploads\/2021\/12\/centro-2_optimized.jpg 800w, https:\/\/radiorevelacionfm.cl\/wp-content\/uploads\/2021\/12\/centro-2_optimized-300x225.jpg 300w, https:\/\/radiorevelacionfm.cl\/wp-content\/uploads\/2021\/12\/centro-2_optimized-768x576.jpg 768w, https:\/\/radiorevelacionfm.cl\/wp-content\/uploads\/2021\/12\/centro-2_optimized-705x529.jpg 705w, https:\/\/radiorevelacionfm.cl\/wp-content\/uploads\/2021\/12\/centro-2_optimized-600x450.jpg 600w\" sizes=\"(max-width: 800px) 100vw, 800px\" \/><\/div><\/div><\/div><\/div><div class=\"flex_column av_one_full  flex_column_div av-zero-column-padding first  avia-builder-el-2  el_after_av_one_full  el_before_av_one_full  column-top-margin\" style='border-radius:0px; '><section class=\"av_textblock_section \"  itemscope=\"itemscope\" itemtype=\"https:\/\/schema.org\/BlogPosting\" itemprop=\"blogPost\" ><div class='avia_textblock  '   itemprop=\"text\" ><p style=\"text-align: center;\"><span style=\"font-size: 18pt;\"><strong>Informan sobre el funcionamiento del comercio durante feriados obligatorios e irrenunciables de Navidad y A\u00f1o Nuevo<\/strong><\/span><\/p>\n<div id=\"gtx-trans\" style=\"position: absolute; left: -50px; top: 4.31534px;\">\n<div class=\"gtx-trans-icon\"><\/div>\n<\/div>\n<\/div><\/section><\/div><div class=\"flex_column av_one_full  flex_column_div av-zero-column-padding first  avia-builder-el-4  el_after_av_one_full  el_before_av_hr  column-top-margin\" style='border-radius:0px; '><section class=\"av_textblock_section \"  itemscope=\"itemscope\" itemtype=\"https:\/\/schema.org\/BlogPosting\" itemprop=\"blogPost\" ><div class='avia_textblock  '   itemprop=\"text\" ><p class=\"v1MsoNormal\" style=\"text-align: justify;\">Teniendo en cuenta la normativa vigente con respecto a los feriados obligatorios e irrenunciables de Navidad, 25 de diciembre y A\u00f1o Nuevo, 1 de enero, la Seremi del trabajo y Previsi\u00f3n Social, Andrea Ponce, junto a la Directora regional del trabajo, Victoria Sierra, informaron sobre el funcionamiento del comercio durante estos d\u00edas.<\/p>\n<p class=\"v1MsoNormal\" style=\"text-align: justify;\">La Directora del Trabajo detall\u00f3 los horarios, \u00abLos trabajadores y trabajadoras del comercio tendr\u00e1n que estar fuera de su lugar de trabajo a las 20:00 horas del viernes 24 de diciembre y hasta las 06:00 horas del domingo 26 de diciembre, y a las 20:00 horas del viernes 31 de diciembre y hasta las 06:00 horas del domingo 2 de enero de 2022, de acuerdo a la normativa vigente. Estos son feriados obligatorios e irrenunciables para el comercio, salvo algunas excepciones. Por ello, hacemos un llamado para organizar las labores y permitir a los trabajadores retirarse sin excusas a las 20:00 hrs. Si tienen dudas, pueden llamar a la Direcci\u00f3n del Trabajo, al 600 450 5000\u00bb, afirm\u00f3 Victoria Sierra.<\/p>\n<p class=\"v1MsoNormal\" style=\"text-align: justify;\">\u00abSon considerados como trabajadores del comercio todos aquellos que laboran en un establecimiento cuyas funciones se relacionen con el expendio o venta directa al p\u00fablico de mercader\u00edas o productos que en ellos se ofrecen. Como es habitual en estas fechas, queremos recalcar la importancia de este derecho de los trabajadores y trabajadoras, el cual es obligatorio e irrenunciable y les pedimos a los empleadores que cumplan con este derecho, agradeciendo que hasta el momento no hemos tenido denuncias regionales sobre este tema, por lo tanto, se ha cumplido la ley. De todas maneras, es importante mencionar que los locales comerciales atendidos por sus propios due\u00f1os y\/o familiares directos, pueden abrir, debido a que no existe relaci\u00f3n laboral en este caso. Apoyemos el comercio local, a nuestros vecinos y vecinas que abrir\u00e1n estos d\u00edas\u00bb, explic\u00f3 la Seremi del Trabajo y Previsi\u00f3n Social, Andrea Ponce.<\/p>\n<p class=\"v1MsoNormal\" style=\"text-align: justify;\"><b><u>\u00bfQui\u00e9nes est\u00e1n exceptuados de este feriado?<\/u><\/b><\/p>\n<p class=\"v1MsoNormal\" style=\"text-align: justify;\">Con respecto a las excepciones, la Directora del Trabajo coment\u00f3, \u00abSe except\u00faan del feriado obligatorio e irrenunciable aquellos trabajadores del comercio que se desempe\u00f1an en: restaurantes; establecimientos de entretenimiento, tales como discotecas, pub, cabaret, clubes; locales comerciales en el aeropuerto; casinos de juegos y otros lugares de juegos legalmente autorizados; expendio de combustibles, farmacias de urgencia y farmacias que deban cumplir turnos fijados. Tambi\u00e9n deben trabajar los dependientes de las llamadas \u00abtiendas de conveniencia\u00bb adosadas a los servicentros si venden alimentos preparados all\u00ed mismo\u00bb, dijo Victoria Sierra.<\/p>\n<p class=\"v1MsoNormal\" style=\"text-align: justify;\">Como compensaci\u00f3n, desde 2016 est\u00e1 vigente una norma que se\u00f1ala que los trabajadores que est\u00e9n exceptuados del feriado obligatorio e irrenunciable \u2013esta vez del 25 de diciembre y 1 de enero- s\u00ed tendr\u00e1n derecho a tomar descanso a lo menos una vez cada dos a\u00f1os si contin\u00faan contratados por el mismo empleador, pudiendo pactar con \u00e9l la rotaci\u00f3n del personal necesaria para este fin. Por ejemplo, si un trabajador labor\u00f3 el 25 de diciembre del 2020 y\/o 1 de enero de 2021 y contin\u00faa trabajando para el mismo empleador, esta vez deber\u00e1 descansar.<\/p>\n<p class=\"v1MsoNormal\" style=\"text-align: justify;\"><b><u>Infracciones <\/u><\/b><\/p>\n<p class=\"v1MsoNormal\" style=\"text-align: justify;\">En caso de no cumplir con estos feriados obligatorios e irrenunciables para los trabajadores\/as del comercio, las infracciones ser\u00e1n sancionadas con multas que van desde las 5 UTM ($270.855 al mes de diciembre de 2021) hasta las 60 UTM ($3.250.260 al mes de diciembre de 2021) por cada trabajador afectado por la infracci\u00f3n, considerando el n\u00famero de trabajadores total de la empresa.<\/p>\n<p class=\"v1MsoNormal\" style=\"text-align: justify;\">Los empleadores sorprendidos en infracci\u00f3n deber\u00e1n cesar las labores de los trabajadores de inmediato, y abandonar su lugar de trabajo, sin perjuicio de curs\u00e1rseles la multa respectiva.<\/p>\n<p class=\"v1MsoNormal\" style=\"text-align: justify;\">En caso de no cumplir con otorgar el descanso alternado cada dos a\u00f1os a los trabajadores que laboraron en el mismo feriado del a\u00f1o anterior, las multas van desde las 5 UTM ($270.145 al mes de diciembre de 2021) hasta 60 UTM ($3.250.260 al mes de diciembre de 2021) por cada trabajador afectado por la infracci\u00f3n, considerando el n\u00famero de trabajadores total de la empresa.<\/p>\n<p class=\"v1MsoNormal\" style=\"text-align: justify;\"><b><u>Horarios en d\u00edas previos a Navidad<\/u><\/b><\/p>\n<p class=\"v1MsoNormal\" style=\"text-align: justify;\">La normativa indica que el empleador puede disponer unilateralmente de la prolongaci\u00f3n de la jornada de trabajo de los trabajadores del comercio hasta en dos horas diarias durante 9 de los 15 d\u00edas anteriores al 24 de diciembre.<\/p>\n<p class=\"v1MsoNormal\" style=\"text-align: justify;\">Del 10 al 23 de diciembre ning\u00fan trabajador del comercio deber\u00e1 trabajar m\u00e1s all\u00e1 de las 23 horas. El d\u00eda 24 de diciembre s\u00f3lo podr\u00e1 trabajar hasta las 20:00 horas. Estos l\u00edmites horarios son inamovibles.<\/p>\n<p class=\"v1MsoNormal\" style=\"text-align: justify;\">Las denuncias se podr\u00e1n realizar en el sitio web <a href=\"http:\/\/www.direcciondeltrabajo.cl\/\" target=\"_blank\" rel=\"noopener noreferrer\">www.direcciondeltrabajo.cl<\/a> .<\/p>\n<\/div><\/section><\/div><div  style='height:50px' class='hr hr-invisible   avia-builder-el-6  el_after_av_one_full  el_before_av_social_share '><span class='hr-inner ' ><span class='hr-inner-style'><\/span><\/span><\/div><\/p>\n<div  class='av-social-sharing-box  avia-builder-el-7  el_after_av_hr  el_before_av_hr  '><div class='av-share-box'><h5 class='av-share-link-description av-no-toc '>Compartir esta noticia<\/h5><ul class='av-share-box-list noLightbox'><li class='av-share-link av-social-link-facebook' ><a target=\"_blank\" aria-label=\"Compartir en Facebook\" href='https:\/\/www.facebook.com\/sharer.php?u=https:\/\/radiorevelacionfm.cl\/?p=12207&#038;t=Informan%20sobre%20el%20funcionamiento%20del%20comercio%20durante%20feriados%20obligatorios%20e%20irrenunciables%20de%20Navidad%20y%20A%C3%B1o%20Nuevo' aria-hidden='false' data-av_icon='\ue8f3' data-av_iconfont='entypo-fontello' title='' data-avia-related-tooltip='Compartir en Facebook' rel=\"noopener\"><span class='avia_hidden_link_text'>Compartir en Facebook<\/span><\/a><\/li><li class='av-share-link av-social-link-twitter' ><a target=\"_blank\" aria-label=\"Compartir en Twitter\" href='https:\/\/twitter.com\/share?text=Informan%20sobre%20el%20funcionamiento%20del%20comercio%20durante%20feriados%20obligatorios%20e%20irrenunciables%20de%20Navidad%20y%20A%C3%B1o%20Nuevo&#038;url=https:\/\/radiorevelacionfm.cl\/?p=12207' aria-hidden='false' data-av_icon='\ue8f1' data-av_iconfont='entypo-fontello' title='' data-avia-related-tooltip='Compartir en Twitter' rel=\"noopener\"><span class='avia_hidden_link_text'>Compartir en Twitter<\/span><\/a><\/li><li class='av-share-link av-social-link-whatsapp' ><a target=\"_blank\" aria-label=\"Compartir en Whatsapp\" href='https:\/\/api.whatsapp.com\/send?text=https:\/\/radiorevelacionfm.cl\/?p=12207' aria-hidden='false' data-av_icon='\uf232' data-av_iconfont='entypo-fontello' title='' data-avia-related-tooltip='Compartir en Whatsapp' rel=\"noopener\"><span class='avia_hidden_link_text'>Compartir en Whatsapp<\/span><\/a><\/li><li class='av-share-link av-social-link-linkedin' ><a target=\"_blank\" aria-label=\"Compartir en LinkedIn\" href='https:\/\/linkedin.com\/shareArticle?mini=true&#038;title=Informan%20sobre%20el%20funcionamiento%20del%20comercio%20durante%20feriados%20obligatorios%20e%20irrenunciables%20de%20Navidad%20y%20A%C3%B1o%20Nuevo&#038;url=https:\/\/radiorevelacionfm.cl\/?p=12207' aria-hidden='false' data-av_icon='\ue8fc' data-av_iconfont='entypo-fontello' title='' data-avia-related-tooltip='Compartir en LinkedIn' rel=\"noopener\"><span class='avia_hidden_link_text'>Compartir en LinkedIn<\/span><\/a><\/li><li class='av-share-link av-social-link-mail' ><a  aria-label=\"Compartir por correo\" href='mailto:?subject=Informan%20sobre%20el%20funcionamiento%20del%20comercio%20durante%20feriados%20obligatorios%20e%20irrenunciables%20de%20Navidad%20y%20A%C3%B1o%20Nuevo&#038;body=https:\/\/radiorevelacionfm.cl\/?p=12207' aria-hidden='false' data-av_icon='\ue805' data-av_iconfont='entypo-fontello' title='' data-avia-related-tooltip='Compartir por correo'><span class='avia_hidden_link_text'>Compartir por correo<\/span><\/a><\/li><\/ul><\/div><\/div>\n<div  style='height:50px' class='hr hr-invisible   avia-builder-el-8  el_after_av_social_share  el_before_av_comments_list '><span class='hr-inner ' ><span class='hr-inner-style'><\/span><\/span><\/div>\n<div  class='av-buildercomment  av-blog-meta-html-info-disabled av-blog-meta-tag-disabled  '><\/div>\n","protected":false},"excerpt":{"rendered":"","protected":false},"author":1,"featured_media":12208,"comment_status":"open","ping_status":"open","sticky":false,"template":"","format":"standard","meta":{"footnotes":""},"categories":[56],"tags":[],"class_list":["post-12207","post","type-post","status-publish","format-standard","has-post-thumbnail","hentry","category-trabajo"],"jetpack_featured_media_url":"https:\/\/radiorevelacionfm.cl\/wp-content\/uploads\/2021\/12\/centro-2_optimized.jpg","_links":{"self":[{"href":"https:\/\/radiorevelacionfm.cl\/index.php?rest_route=\/wp\/v2\/posts\/12207","targetHints":{"allow":["GET"]}}],"collection":[{"href":"https:\/\/radiorevelacionfm.cl\/index.php?rest_route=\/wp\/v2\/posts"}],"about":[{"href":"https:\/\/radiorevelacionfm.cl\/index.php?rest_route=\/wp\/v2\/types\/post"}],"author":[{"embeddable":true,"href":"https:\/\/radiorevelacionfm.cl\/index.php?rest_route=\/wp\/v2\/users\/1"}],"replies":[{"embeddable":true,"href":"https:\/\/radiorevelacionfm.cl\/index.php?rest_route=%2Fwp%2Fv2%2Fcomments&post=12207"}],"version-history":[{"count":2,"href":"https:\/\/radiorevelacionfm.cl\/index.php?rest_route=\/wp\/v2\/posts\/12207\/revisions"}],"predecessor-version":[{"id":12210,"href":"https:\/\/radiorevelacionfm.cl\/index.php?rest_route=\/wp\/v2\/posts\/12207\/revisions\/12210"}],"wp:featuredmedia":[{"embeddable":true,"href":"https:\/\/radiorevelacionfm.cl\/index.php?rest_route=\/wp\/v2\/media\/12208"}],"wp:attachment":[{"href":"https:\/\/radiorevelacionfm.cl\/index.php?rest_route=%2Fwp%2Fv2%2Fmedia&parent=12207"}],"wp:term":[{"taxonomy":"category","embeddable":true,"href":"https:\/\/radiorevelacionfm.cl\/index.php?rest_route=%2Fwp%2Fv2%2Fcategories&post=12207"},{"taxonomy":"post_tag","embeddable":true,"href":"https:\/\/radiorevelacionfm.cl\/index.php?rest_route=%2Fwp%2Fv2%2Ftags&post=12207"}],"curies":[{"name":"wp","href":"https:\/\/api.w.org\/{rel}","templated":true}]}}