{"id":12203,"date":"2021-12-23T13:34:33","date_gmt":"2021-12-23T16:34:33","guid":{"rendered":"https:\/\/radiorevelacionfm.cl\/?p=12203"},"modified":"2021-12-23T13:34:33","modified_gmt":"2021-12-23T16:34:33","slug":"salud-implementa-aduanas-sanitarias-en-pasos-fronterizos-de-huemules-y-jeinimeni","status":"publish","type":"post","link":"https:\/\/radiorevelacionfm.cl\/?p=12203","title":{"rendered":"Salud implementa aduanas sanitarias en pasos fronterizos de Huemules y Jeinimeni"},"content":{"rendered":"<div class=\"flex_column av_one_full  flex_column_div av-zero-column-padding first  avia-builder-el-0  el_before_av_one_full  avia-builder-el-first  \" style='border-radius:0px; '><div  class='avia-image-container  av-styling-    avia-builder-el-1  avia-builder-el-no-sibling  avia-align-center '  itemprop=\"image\" itemscope=\"itemscope\" itemtype=\"https:\/\/schema.org\/ImageObject\"  ><div class='avia-image-container-inner'><div class='avia-image-overlay-wrap'><img decoding=\"async\" class='wp-image-12204 avia-img-lazy-loading-not-12204 avia_image' src=\"https:\/\/radiorevelacionfm.cl\/wp-content\/uploads\/2021\/12\/aduana-sanitaria-fronteriza-2-2.jpg\" alt='' title='aduana sanitaria fronteriza-2-2' height=\"600\" width=\"901\"  itemprop=\"thumbnailUrl\" srcset=\"https:\/\/radiorevelacionfm.cl\/wp-content\/uploads\/2021\/12\/aduana-sanitaria-fronteriza-2-2.jpg 901w, https:\/\/radiorevelacionfm.cl\/wp-content\/uploads\/2021\/12\/aduana-sanitaria-fronteriza-2-2-300x200.jpg 300w, https:\/\/radiorevelacionfm.cl\/wp-content\/uploads\/2021\/12\/aduana-sanitaria-fronteriza-2-2-768x511.jpg 768w, https:\/\/radiorevelacionfm.cl\/wp-content\/uploads\/2021\/12\/aduana-sanitaria-fronteriza-2-2-705x469.jpg 705w, https:\/\/radiorevelacionfm.cl\/wp-content\/uploads\/2021\/12\/aduana-sanitaria-fronteriza-2-2-600x400.jpg 600w\" sizes=\"(max-width: 901px) 100vw, 901px\" \/><\/div><\/div><\/div><\/div><div class=\"flex_column av_one_full  flex_column_div av-zero-column-padding first  avia-builder-el-2  el_after_av_one_full  el_before_av_one_full  column-top-margin\" style='border-radius:0px; '><section class=\"av_textblock_section \"  itemscope=\"itemscope\" itemtype=\"https:\/\/schema.org\/BlogPosting\" itemprop=\"blogPost\" ><div class='avia_textblock  '   itemprop=\"text\" ><p style=\"text-align: center;\"><span style=\"font-size: 18pt;\"><strong>Salud implementa aduanas sanitarias en pasos fronterizos de Huemules y Jeinimeni<\/strong><\/span><\/p>\n<div id=\"gtx-trans\" style=\"position: absolute; left: -50px; top: 4.31534px;\">\n<div class=\"gtx-trans-icon\"><\/div>\n<\/div>\n<\/div><\/section><\/div><div class=\"flex_column av_one_full  flex_column_div av-zero-column-padding first  avia-builder-el-4  el_after_av_one_full  el_before_av_hr  column-top-margin\" style='border-radius:0px; '><section class=\"av_textblock_section \"  itemscope=\"itemscope\" itemtype=\"https:\/\/schema.org\/BlogPosting\" itemprop=\"blogPost\" ><div class='avia_textblock  '   itemprop=\"text\" ><p style=\"text-align: justify;\">Desde el mi\u00e9rcoles 22 de diciembre, los equipos de salud se encuentran apostados en los pasos fronterizos de Huemules y Jeinimeni, con la finalidad de dar cumplimiento a las exigencias sanitarias que existen para quienes ingresan a territorio nacional, siendo una de las acciones m\u00e1s prioritarias los ex\u00e1menes de test de ant\u00edgeno en los propios pasos fronterizos para la detecci\u00f3n oportuna de posibles casos de COVID-19.<\/p>\n<p style=\"text-align: justify;\">As\u00ed lo pudo constatar en terreno la Seremi de Salud (s), Gloria Beecher, quien efectu\u00f3 una visita al paso fronterizo ubicado en la localidad de Balmaceda donde se habilitaron dependencias especiales para los funcionarios de salud.\u00a0 \u201cEstamos desde el paso Huemules para verificar los flujos para el ingreso y apertura de las fronteras, en este momento tenemos la adunada sanitaria, luego las personas pasan para un testeo de ant\u00edgeno que es para el 100% de las personas que ingresan, y luego contin\u00faan con sus tr\u00e1mites de aduana y el Servicio Agr\u00edcola y Ganadero (SAG), y todo lo que conlleva ingresar a un pa\u00eds,\u201d puntualiz\u00f3.<\/p>\n<p style=\"text-align: justify;\"><strong>Requisitos de ingreso a Chile Pasos fronterizos\u00a0 Huemules o Jeinimeni\u00a0 <\/strong><\/p>\n<ul style=\"text-align: justify;\">\n<li>Presentar resultado negativo de test PCR, cuya toma de muestra no puede exceder las 72 horas desde la entrada al pa\u00eds. Los menores de dos a\u00f1os quedan exentos de este requisito.<\/li>\n<\/ul>\n<ul style=\"text-align: justify;\">\n<li>Presentar Declaraci\u00f3n Jurada para viajeros disponible en <a href=\"http:\/\/www.c19.cl\/\">c19.cl<\/a> con un m\u00e1ximo de 48 horas antes de llegar a Chile. En este formulario deber\u00e1 adjuntar el resultado del PCR negativo y seguro m\u00e9dico de viaje (s\u00f3lo para extranjeros no residentes).<\/li>\n<\/ul>\n<ul style=\"text-align: justify;\">\n<li>Extranjeros no residentes. Presentar Seguro M\u00e9dico de viaje que cubra gastos de asistencia m\u00e9dica, atenci\u00f3n hospitalaria y repatriaci\u00f3n, durante toda su permanencia en el pa\u00eds, incluida la cobertura por Covid-19 (monto m\u00ednimo de cobertura de USD$30.000.-)<\/li>\n<\/ul>\n<ul style=\"text-align: justify;\">\n<li>Pueden ingresar a Chile los extranjeros no residentes que cuenten con sus vacunas VALIDADAS previamente por el Ministerio de Salud en la p\u00e1gina <a href=\"http:\/\/www.mevacuno.cl\/\">mevacuno.cl<\/a> (esta homologaci\u00f3n de vacunas se pide desde los 6 a\u00f1os de edad)<\/li>\n<\/ul>\n<ul style=\"text-align: justify;\">\n<li>Todas las personas que ingresen al pa\u00eds, deben realizarse un test de ant\u00edgeno.<\/li>\n<\/ul>\n<p style=\"text-align: justify;\">M\u00e1s informaci\u00f3n en <a href=\"http:\/\/www.gob.cl\/coronavirus\/pasoapaso#fronteras\/\">www.gob.cl\/coronavirus\/pasoapaso#fronteras\/<\/a><\/p>\n<\/div><\/section><\/div><div  style='height:50px' class='hr hr-invisible   avia-builder-el-6  el_after_av_one_full  el_before_av_social_share '><span class='hr-inner ' ><span class='hr-inner-style'><\/span><\/span><\/div><\/p>\n<div  class='av-social-sharing-box  avia-builder-el-7  el_after_av_hr  el_before_av_hr  '><div class='av-share-box'><h5 class='av-share-link-description av-no-toc '>Compartir esta noticia<\/h5><ul class='av-share-box-list noLightbox'><li class='av-share-link av-social-link-facebook' ><a target=\"_blank\" aria-label=\"Compartir en Facebook\" href='https:\/\/www.facebook.com\/sharer.php?u=https:\/\/radiorevelacionfm.cl\/?p=12203&#038;t=Salud%20implementa%20aduanas%20sanitarias%20en%20pasos%20fronterizos%20de%20Huemules%20y%20Jeinimeni' aria-hidden='false' data-av_icon='\ue8f3' data-av_iconfont='entypo-fontello' title='' data-avia-related-tooltip='Compartir en Facebook' rel=\"noopener\"><span class='avia_hidden_link_text'>Compartir en Facebook<\/span><\/a><\/li><li class='av-share-link av-social-link-twitter' ><a target=\"_blank\" aria-label=\"Compartir en Twitter\" href='https:\/\/twitter.com\/share?text=Salud%20implementa%20aduanas%20sanitarias%20en%20pasos%20fronterizos%20de%20Huemules%20y%20Jeinimeni&#038;url=https:\/\/radiorevelacionfm.cl\/?p=12203' aria-hidden='false' data-av_icon='\ue8f1' data-av_iconfont='entypo-fontello' title='' data-avia-related-tooltip='Compartir en Twitter' rel=\"noopener\"><span class='avia_hidden_link_text'>Compartir en Twitter<\/span><\/a><\/li><li class='av-share-link av-social-link-whatsapp' ><a target=\"_blank\" aria-label=\"Compartir en Whatsapp\" href='https:\/\/api.whatsapp.com\/send?text=https:\/\/radiorevelacionfm.cl\/?p=12203' aria-hidden='false' data-av_icon='\uf232' data-av_iconfont='entypo-fontello' title='' data-avia-related-tooltip='Compartir en Whatsapp' rel=\"noopener\"><span class='avia_hidden_link_text'>Compartir en Whatsapp<\/span><\/a><\/li><li class='av-share-link av-social-link-linkedin' ><a target=\"_blank\" aria-label=\"Compartir en LinkedIn\" href='https:\/\/linkedin.com\/shareArticle?mini=true&#038;title=Salud%20implementa%20aduanas%20sanitarias%20en%20pasos%20fronterizos%20de%20Huemules%20y%20Jeinimeni&#038;url=https:\/\/radiorevelacionfm.cl\/?p=12203' aria-hidden='false' data-av_icon='\ue8fc' data-av_iconfont='entypo-fontello' title='' data-avia-related-tooltip='Compartir en LinkedIn' rel=\"noopener\"><span class='avia_hidden_link_text'>Compartir en LinkedIn<\/span><\/a><\/li><li class='av-share-link av-social-link-mail' ><a  aria-label=\"Compartir por correo\" href='mailto:?subject=Salud%20implementa%20aduanas%20sanitarias%20en%20pasos%20fronterizos%20de%20Huemules%20y%20Jeinimeni&#038;body=https:\/\/radiorevelacionfm.cl\/?p=12203' aria-hidden='false' data-av_icon='\ue805' data-av_iconfont='entypo-fontello' title='' data-avia-related-tooltip='Compartir por correo'><span class='avia_hidden_link_text'>Compartir por correo<\/span><\/a><\/li><\/ul><\/div><\/div>\n<div  style='height:50px' class='hr hr-invisible   avia-builder-el-8  el_after_av_social_share  el_before_av_comments_list '><span class='hr-inner ' ><span class='hr-inner-style'><\/span><\/span><\/div>\n<div  class='av-buildercomment  av-blog-meta-html-info-disabled av-blog-meta-tag-disabled  '><\/div>\n","protected":false},"excerpt":{"rendered":"","protected":false},"author":1,"featured_media":12204,"comment_status":"open","ping_status":"open","sticky":false,"template":"","format":"standard","meta":{"footnotes":""},"categories":[46],"tags":[],"class_list":["post-12203","post","type-post","status-publish","format-standard","has-post-thumbnail","hentry","category-salud"],"jetpack_featured_media_url":"https:\/\/radiorevelacionfm.cl\/wp-content\/uploads\/2021\/12\/aduana-sanitaria-fronteriza-2-2.jpg","_links":{"self":[{"href":"https:\/\/radiorevelacionfm.cl\/index.php?rest_route=\/wp\/v2\/posts\/12203","targetHints":{"allow":["GET"]}}],"collection":[{"href":"https:\/\/radiorevelacionfm.cl\/index.php?rest_route=\/wp\/v2\/posts"}],"about":[{"href":"https:\/\/radiorevelacionfm.cl\/index.php?rest_route=\/wp\/v2\/types\/post"}],"author":[{"embeddable":true,"href":"https:\/\/radiorevelacionfm.cl\/index.php?rest_route=\/wp\/v2\/users\/1"}],"replies":[{"embeddable":true,"href":"https:\/\/radiorevelacionfm.cl\/index.php?rest_route=%2Fwp%2Fv2%2Fcomments&post=12203"}],"version-history":[{"count":2,"href":"https:\/\/radiorevelacionfm.cl\/index.php?rest_route=\/wp\/v2\/posts\/12203\/revisions"}],"predecessor-version":[{"id":12206,"href":"https:\/\/radiorevelacionfm.cl\/index.php?rest_route=\/wp\/v2\/posts\/12203\/revisions\/12206"}],"wp:featuredmedia":[{"embeddable":true,"href":"https:\/\/radiorevelacionfm.cl\/index.php?rest_route=\/wp\/v2\/media\/12204"}],"wp:attachment":[{"href":"https:\/\/radiorevelacionfm.cl\/index.php?rest_route=%2Fwp%2Fv2%2Fmedia&parent=12203"}],"wp:term":[{"taxonomy":"category","embeddable":true,"href":"https:\/\/radiorevelacionfm.cl\/index.php?rest_route=%2Fwp%2Fv2%2Fcategories&post=12203"},{"taxonomy":"post_tag","embeddable":true,"href":"https:\/\/radiorevelacionfm.cl\/index.php?rest_route=%2Fwp%2Fv2%2Ftags&post=12203"}],"curies":[{"name":"wp","href":"https:\/\/api.w.org\/{rel}","templated":true}]}}