{"id":12199,"date":"2021-12-23T11:49:08","date_gmt":"2021-12-23T14:49:08","guid":{"rendered":"https:\/\/radiorevelacionfm.cl\/?p=12199"},"modified":"2021-12-23T11:49:08","modified_gmt":"2021-12-23T14:49:08","slug":"emprendedoras-realizan-positivo-balance-de-la-expo-feria-navidena","status":"publish","type":"post","link":"https:\/\/radiorevelacionfm.cl\/?p=12199","title":{"rendered":"Emprendedoras realizan positivo balance de la Expo Feria Navide\u00f1a"},"content":{"rendered":"<div class=\"flex_column av_one_full  flex_column_div av-zero-column-padding first  avia-builder-el-0  el_before_av_one_full  avia-builder-el-first  \" style='border-radius:0px; '><div  class='avia-image-container  av-styling-    avia-builder-el-1  avia-builder-el-no-sibling  avia-align-center '  itemprop=\"image\" itemscope=\"itemscope\" itemtype=\"https:\/\/schema.org\/ImageObject\"  ><div class='avia-image-container-inner'><div class='avia-image-overlay-wrap'><img decoding=\"async\" class='wp-image-12200 avia-img-lazy-loading-not-12200 avia_image' src=\"https:\/\/radiorevelacionfm.cl\/wp-content\/uploads\/2021\/12\/balance-expo-feria-navidena-sernameg-9-2_optimized.jpg\" alt='' title='balance-expo-feria-navide\u00f1a-sernameg-(9)-2_optimized' height=\"600\" width=\"800\"  itemprop=\"thumbnailUrl\" srcset=\"https:\/\/radiorevelacionfm.cl\/wp-content\/uploads\/2021\/12\/balance-expo-feria-navidena-sernameg-9-2_optimized.jpg 800w, https:\/\/radiorevelacionfm.cl\/wp-content\/uploads\/2021\/12\/balance-expo-feria-navidena-sernameg-9-2_optimized-300x225.jpg 300w, https:\/\/radiorevelacionfm.cl\/wp-content\/uploads\/2021\/12\/balance-expo-feria-navidena-sernameg-9-2_optimized-768x576.jpg 768w, https:\/\/radiorevelacionfm.cl\/wp-content\/uploads\/2021\/12\/balance-expo-feria-navidena-sernameg-9-2_optimized-705x529.jpg 705w, https:\/\/radiorevelacionfm.cl\/wp-content\/uploads\/2021\/12\/balance-expo-feria-navidena-sernameg-9-2_optimized-600x450.jpg 600w\" sizes=\"(max-width: 800px) 100vw, 800px\" \/><\/div><\/div><\/div><\/div><div class=\"flex_column av_one_full  flex_column_div av-zero-column-padding first  avia-builder-el-2  el_after_av_one_full  el_before_av_one_full  column-top-margin\" style='border-radius:0px; '><section class=\"av_textblock_section \"  itemscope=\"itemscope\" itemtype=\"https:\/\/schema.org\/BlogPosting\" itemprop=\"blogPost\" ><div class='avia_textblock  '   itemprop=\"text\" ><p style=\"text-align: center;\"><span style=\"font-size: 18pt;\"><strong>Emprendedoras realizan positivo balance de la Expo Feria Navide\u00f1a<\/strong><\/span><\/p>\n<div id=\"gtx-trans\" style=\"position: absolute; left: -50px; top: 4.31534px;\">\n<div class=\"gtx-trans-icon\"><\/div>\n<\/div>\n<\/div><\/section><\/div><div class=\"flex_column av_one_full  flex_column_div av-zero-column-padding first  avia-builder-el-4  el_after_av_one_full  el_before_av_hr  column-top-margin\" style='border-radius:0px; '><section class=\"av_textblock_section \"  itemscope=\"itemscope\" itemtype=\"https:\/\/schema.org\/BlogPosting\" itemprop=\"blogPost\" ><div class='avia_textblock  '   itemprop=\"text\" ><p style=\"text-align: justify;\">Una buena evaluaci\u00f3n sobre la afluencia de p\u00fablico y el volumen de ventas fue el balance tanto del Servicio Nacional de la Mujer y la Equidad de G\u00e9nero como de las 25 emprendedoras que durante dos d\u00edas participaron en la Expo Feria Navide\u00f1a SernamEG, la que se llev\u00f3 a cabo en el eje central de la Plaza de Armas de Coyhaique. Parte de los productos ofrecidos fueron artesan\u00edas en cuero, fieltro, orfebrer\u00eda y joyer\u00eda en plata, tejidos, verduras y productos de decoraci\u00f3n para el hogar.<\/p>\n<p style=\"text-align: justify;\">La Seremi de la Mujer y la Equidad de G\u00e9nero, B\u00e1rbara Ort\u00fazar Candia, sostuvo que \u201cpara nuestro Ministerio potenciar la autonom\u00eda econ\u00f3mica de la Mujer es una responsabilidad y adem\u00e1s es parte de nuestra Agenda Mujer. Conocemos las dificultades que tienen para desarrollarse en el mundo laboral y sabemos tambi\u00e9n que el emprender es una de las alternativas\u00a0que muchas han tomado para desenvolverse en equilibrio con las multifunciones que desempe\u00f1amos. Es por esto que la Feria organizada por SernamEG, fue una importante y gran oportunidad de venta que se suma a la serie de acciones que como Ministerio hemos realizado, especialmente durante la pandemia, y adem\u00e1s dio a conocer distintos emprendimientos femeninos; liderados por mujeres valientes, creativas y perseverantes de nuestra regi\u00f3n\u201d.<\/p>\n<p style=\"text-align: justify;\">Por su parte, la Directora Regional de SernamEG, Elizabeth Guti\u00e9rrez Eggers, junto con felicitar a cada una de las expositoras por la venta de casi la totalidad de sus productos, se refiri\u00f3 a la importancia de generar instancias de comercializaci\u00f3n de acuerdo a la realidad actual. \u201cUno de los estudios m\u00e1s recientes que caracterizan la participaci\u00f3n laboral femenina en el pa\u00eds corresponde al bolet\u00edn estad\u00edstico de empleo trimestral del INE, correspondiente al trimestre abril- junio de 2021,\u00a0 el que establece que la tasa de participaci\u00f3n laboral femenina en el pa\u00eds era del orden de un 45% en comparaci\u00f3n con igual per\u00edodo del a\u00f1o anterior que supera un poco m\u00e1s de un 40%; Por lo tanto, resulta evidente la necesidad de generar m\u00e1s instancias como la Expo Feria para contribuir a que las mujeres puedan continuar potenciando sus emprendimientos\u201d, indic\u00f3.<\/p>\n<p style=\"text-align: justify;\"><strong>EVALUACI\u00d3N POSITIVA DEL P\u00daBLICO Y EMPRENDEDORAS <\/strong><\/p>\n<p style=\"text-align: justify;\">Una de las personas que tuvo la oportunidad de visitar la Expo Feria Navide\u00f1a SernamEG fue Aurelia Ojeda. \u201cVen\u00eda hacer un tr\u00e1mite y me llam\u00f3 la atenci\u00f3n porque yo no salgo mucho y me encant\u00f3 porque todo est\u00e1 muy lindo y ordenado. Me llam\u00f3 la atenci\u00f3n los aros, las artesan\u00edas y las chombas. Tengo un hospedaje y tambi\u00e9n trabajo en el rubro, las personas que vienen de turistas siempre me preguntan qu\u00e9 pueden llevar de recuerdo de Coyhaique as\u00ed que estas actividades ayudan al turismo\u201d, precis\u00f3.<\/p>\n<p style=\"text-align: justify;\">Por su parte, una de las emprendedoras de la Expo Feria, Mariela C\u00e1rdenas dijo: \u201cyo qued\u00e9 muy feliz, vend\u00ed todo y agradezco la invitaci\u00f3n a esta actividad y si me vuelven a invitar ah\u00ed voy a estar. Fue una muy bonita experiencia porque nosotras como mujeres emprendedoras luchamos d\u00eda a d\u00eda para poder vender nuestros productos\u201d. Representando a Cerro Galera, Daniela Osses, sostuvo que \u201cnos ha ido super bien, si hay ventas todo es bienvenido despu\u00e9s de una tremenda pandemia y la recepci\u00f3n de la gente fue s\u00faper positiva\u201d. Respecto a la ubicaci\u00f3n en el eje central de la Plaza de Coyhaique, agreg\u00f3 que \u201cac\u00e1 pasa gente todo el d\u00eda por lo que hay harta venta\u201d.<\/p>\n<p style=\"text-align: justify;\">Finalmente, las 25 emprendedoras que estuvieron en la Expo Feria Navide\u00f1a SernamEG participaron de los programas del \u00c1rea Mujer y Trabajo, instancias que permiten profesionalizar a las emprendedoras, entreg\u00e1ndoles contenidos t\u00e9cnicos que van en beneficio directamente de sus emprendimientos, como tambi\u00e9n contenidos que apoyen y fortalezcan su identidad, fortaleciendo la autoconfianza, autonom\u00eda, habilidades, talentos y destrezas socio-laborales.<\/p>\n<\/div><\/section><\/div><div  style='height:50px' class='hr hr-invisible   avia-builder-el-6  el_after_av_one_full  el_before_av_social_share '><span class='hr-inner ' ><span class='hr-inner-style'><\/span><\/span><\/div><\/p>\n<div  class='av-social-sharing-box  avia-builder-el-7  el_after_av_hr  el_before_av_hr  '><div class='av-share-box'><h5 class='av-share-link-description av-no-toc '>Compartir esta noticia<\/h5><ul class='av-share-box-list noLightbox'><li class='av-share-link av-social-link-facebook' ><a target=\"_blank\" aria-label=\"Compartir en Facebook\" href='https:\/\/www.facebook.com\/sharer.php?u=https:\/\/radiorevelacionfm.cl\/?p=12199&#038;t=Emprendedoras%20realizan%20positivo%20balance%20de%20la%20Expo%20Feria%20Navide%C3%B1a' aria-hidden='false' data-av_icon='\ue8f3' data-av_iconfont='entypo-fontello' title='' data-avia-related-tooltip='Compartir en Facebook' rel=\"noopener\"><span class='avia_hidden_link_text'>Compartir en Facebook<\/span><\/a><\/li><li class='av-share-link av-social-link-twitter' ><a target=\"_blank\" aria-label=\"Compartir en Twitter\" href='https:\/\/twitter.com\/share?text=Emprendedoras%20realizan%20positivo%20balance%20de%20la%20Expo%20Feria%20Navide%C3%B1a&#038;url=https:\/\/radiorevelacionfm.cl\/?p=12199' aria-hidden='false' data-av_icon='\ue8f1' data-av_iconfont='entypo-fontello' title='' data-avia-related-tooltip='Compartir en Twitter' rel=\"noopener\"><span class='avia_hidden_link_text'>Compartir en Twitter<\/span><\/a><\/li><li class='av-share-link av-social-link-whatsapp' ><a target=\"_blank\" aria-label=\"Compartir en Whatsapp\" href='https:\/\/api.whatsapp.com\/send?text=https:\/\/radiorevelacionfm.cl\/?p=12199' aria-hidden='false' data-av_icon='\uf232' data-av_iconfont='entypo-fontello' title='' data-avia-related-tooltip='Compartir en Whatsapp' rel=\"noopener\"><span class='avia_hidden_link_text'>Compartir en Whatsapp<\/span><\/a><\/li><li class='av-share-link av-social-link-linkedin' ><a target=\"_blank\" aria-label=\"Compartir en LinkedIn\" href='https:\/\/linkedin.com\/shareArticle?mini=true&#038;title=Emprendedoras%20realizan%20positivo%20balance%20de%20la%20Expo%20Feria%20Navide%C3%B1a&#038;url=https:\/\/radiorevelacionfm.cl\/?p=12199' aria-hidden='false' data-av_icon='\ue8fc' data-av_iconfont='entypo-fontello' title='' data-avia-related-tooltip='Compartir en LinkedIn' rel=\"noopener\"><span class='avia_hidden_link_text'>Compartir en LinkedIn<\/span><\/a><\/li><li class='av-share-link av-social-link-mail' ><a  aria-label=\"Compartir por correo\" href='mailto:?subject=Emprendedoras%20realizan%20positivo%20balance%20de%20la%20Expo%20Feria%20Navide%C3%B1a&#038;body=https:\/\/radiorevelacionfm.cl\/?p=12199' aria-hidden='false' data-av_icon='\ue805' data-av_iconfont='entypo-fontello' title='' data-avia-related-tooltip='Compartir por correo'><span class='avia_hidden_link_text'>Compartir por correo<\/span><\/a><\/li><\/ul><\/div><\/div>\n<div  style='height:50px' class='hr hr-invisible   avia-builder-el-8  el_after_av_social_share  el_before_av_comments_list '><span class='hr-inner ' ><span class='hr-inner-style'><\/span><\/span><\/div>\n<div  class='av-buildercomment  av-blog-meta-html-info-disabled av-blog-meta-tag-disabled  '><\/div>\n","protected":false},"excerpt":{"rendered":"","protected":false},"author":1,"featured_media":12200,"comment_status":"open","ping_status":"open","sticky":false,"template":"","format":"standard","meta":{"footnotes":""},"categories":[38],"tags":[],"class_list":["post-12199","post","type-post","status-publish","format-standard","has-post-thumbnail","hentry","category-regional"],"jetpack_featured_media_url":"https:\/\/radiorevelacionfm.cl\/wp-content\/uploads\/2021\/12\/balance-expo-feria-navidena-sernameg-9-2_optimized.jpg","_links":{"self":[{"href":"https:\/\/radiorevelacionfm.cl\/index.php?rest_route=\/wp\/v2\/posts\/12199","targetHints":{"allow":["GET"]}}],"collection":[{"href":"https:\/\/radiorevelacionfm.cl\/index.php?rest_route=\/wp\/v2\/posts"}],"about":[{"href":"https:\/\/radiorevelacionfm.cl\/index.php?rest_route=\/wp\/v2\/types\/post"}],"author":[{"embeddable":true,"href":"https:\/\/radiorevelacionfm.cl\/index.php?rest_route=\/wp\/v2\/users\/1"}],"replies":[{"embeddable":true,"href":"https:\/\/radiorevelacionfm.cl\/index.php?rest_route=%2Fwp%2Fv2%2Fcomments&post=12199"}],"version-history":[{"count":2,"href":"https:\/\/radiorevelacionfm.cl\/index.php?rest_route=\/wp\/v2\/posts\/12199\/revisions"}],"predecessor-version":[{"id":12202,"href":"https:\/\/radiorevelacionfm.cl\/index.php?rest_route=\/wp\/v2\/posts\/12199\/revisions\/12202"}],"wp:featuredmedia":[{"embeddable":true,"href":"https:\/\/radiorevelacionfm.cl\/index.php?rest_route=\/wp\/v2\/media\/12200"}],"wp:attachment":[{"href":"https:\/\/radiorevelacionfm.cl\/index.php?rest_route=%2Fwp%2Fv2%2Fmedia&parent=12199"}],"wp:term":[{"taxonomy":"category","embeddable":true,"href":"https:\/\/radiorevelacionfm.cl\/index.php?rest_route=%2Fwp%2Fv2%2Fcategories&post=12199"},{"taxonomy":"post_tag","embeddable":true,"href":"https:\/\/radiorevelacionfm.cl\/index.php?rest_route=%2Fwp%2Fv2%2Ftags&post=12199"}],"curies":[{"name":"wp","href":"https:\/\/api.w.org\/{rel}","templated":true}]}}