{"id":12193,"date":"2021-12-23T09:38:46","date_gmt":"2021-12-23T12:38:46","guid":{"rendered":"https:\/\/radiorevelacionfm.cl\/?p=12193"},"modified":"2021-12-23T09:38:46","modified_gmt":"2021-12-23T12:38:46","slug":"inedito-trabajo-barrial-con-vecinos-permitio-mejorar-demarcaciones-viales-en-el-sector-de-ribera-sur-costanera-en-puerto-aysen","status":"publish","type":"post","link":"https:\/\/radiorevelacionfm.cl\/?p=12193","title":{"rendered":"In\u00e9dito trabajo barrial con vecinos permiti\u00f3 mejorar demarcaciones viales en el sector de Ribera Sur Costanera en Puerto Ays\u00e9n"},"content":{"rendered":"<div class=\"flex_column av_one_full  flex_column_div av-zero-column-padding first  avia-builder-el-0  el_before_av_one_full  avia-builder-el-first  \" style='border-radius:0px; '><div  class='avia-image-container  av-styling-    avia-builder-el-1  avia-builder-el-no-sibling  avia-align-center '  itemprop=\"image\" itemscope=\"itemscope\" itemtype=\"https:\/\/schema.org\/ImageObject\"  ><div class='avia-image-container-inner'><div class='avia-image-overlay-wrap'><img decoding=\"async\" class='wp-image-12194 avia-img-lazy-loading-not-12194 avia_image' src=\"https:\/\/radiorevelacionfm.cl\/wp-content\/uploads\/2021\/12\/img-qmb-calles2-2_optimized.jpeg\" alt='' title='img-qmb-calles2-2_optimized' height=\"600\" width=\"800\"  itemprop=\"thumbnailUrl\" srcset=\"https:\/\/radiorevelacionfm.cl\/wp-content\/uploads\/2021\/12\/img-qmb-calles2-2_optimized.jpeg 800w, https:\/\/radiorevelacionfm.cl\/wp-content\/uploads\/2021\/12\/img-qmb-calles2-2_optimized-300x225.jpeg 300w, https:\/\/radiorevelacionfm.cl\/wp-content\/uploads\/2021\/12\/img-qmb-calles2-2_optimized-768x576.jpeg 768w, https:\/\/radiorevelacionfm.cl\/wp-content\/uploads\/2021\/12\/img-qmb-calles2-2_optimized-705x529.jpeg 705w, https:\/\/radiorevelacionfm.cl\/wp-content\/uploads\/2021\/12\/img-qmb-calles2-2_optimized-600x450.jpeg 600w\" sizes=\"(max-width: 800px) 100vw, 800px\" \/><\/div><\/div><\/div><\/div><div class=\"flex_column av_one_full  flex_column_div av-zero-column-padding first  avia-builder-el-2  el_after_av_one_full  el_before_av_one_full  column-top-margin\" style='border-radius:0px; '><section class=\"av_textblock_section \"  itemscope=\"itemscope\" itemtype=\"https:\/\/schema.org\/BlogPosting\" itemprop=\"blogPost\" ><div class='avia_textblock  '   itemprop=\"text\" ><p style=\"text-align: center;\"><strong><span style=\"font-size: 18pt;\">In\u00e9dito trabajo barrial con vecinos permiti\u00f3 mejorar demarcaciones viales en el sector de Ribera Sur Costanera en Puerto Ays\u00e9n<\/span><\/strong><\/p>\n<div id=\"gtx-trans\" style=\"position: absolute; left: -50px; top: 4.31534px;\">\n<div class=\"gtx-trans-icon\"><\/div>\n<\/div>\n<\/div><\/section><\/div><div class=\"flex_column av_one_full  flex_column_div av-zero-column-padding first  avia-builder-el-4  el_after_av_one_full  el_before_av_hr  column-top-margin\" style='border-radius:0px; '><section class=\"av_textblock_section \"  itemscope=\"itemscope\" itemtype=\"https:\/\/schema.org\/BlogPosting\" itemprop=\"blogPost\" ><div class='avia_textblock  '   itemprop=\"text\" ><p style=\"text-align: justify;\">Provistos de la debida indumentaria y mucha energ\u00eda los vecinos y vecinas que participan del Programa de Recuperaci\u00f3n de Espacios P\u00fablicos del Ministerio de Vivienda y Urbanismo, Quiero Mi Barrio (QMB), que ejecuta la Ilustre Municipalidad de Ays\u00e9n, desarrollaron una in\u00e9dita acci\u00f3n ante la sentida necesidad de contar con mejoras en las demarcaciones viales\u00a0dispuestas en las zonas de mayor tr\u00e1fico vehicular del sector de Ribera Sur Costanera. Esto pensando en la seguridad de los menores y personas mayores, por lo cual, pasos de cebra y l\u00edneas amarillas fueron reforzadas en la alianza generada entre las autoridades comunales y los residentes.<\/p>\n<p style=\"text-align: justify;\">\u201cSiempre he dicho que nadie va a perder el apellido por agarrar una pala y trabajar junto a los vecinos\u201d, comenz\u00f3 relatando el alcalde de Ays\u00e9n, Julio Uribe Alvarado, quien adem\u00e1s agradeci\u00f3 el compromiso de los vecinos por embellecer su sector y tomar en cuenta el aspecto vial. \u201cYo siempre he luchado por tener una ciudad m\u00e1s bella y en conjunto a los vecinos debemos avanzar en un trabajo para contar con un Ays\u00e9n m\u00e1s lindo, agradecer este especio generado y por supuesto, debemos seguir trabajando por un Ays\u00e9n mejor\u201d, enfatiz\u00f3 el l\u00edder comunal.<\/p>\n<p style=\"text-align: justify;\">En tanto, Juan Pablo Altamirano, coordinador del QMB en la comuna porte\u00f1a destac\u00f3 su alegr\u00eda por el acontecimiento \u201choy llegaron las vecinas para realizar un trabajo de pintura en esta intersecci\u00f3n del Barrio Ribera Sur Costanera, cercano a un conocido negocio del sector. En una reuni\u00f3n sostenida con Tr\u00e1nsito, las vecinas tomaron la iniciativa y propusieron llevar a cabo esta actividad para realizarla en conjunto con la gesti\u00f3n municipal lo cual a nosotros nos parece bastante positivo, muy novedoso y esperamos que esto se pueda ir replicando tambi\u00e9n en otros sectores, ya sea en mantenci\u00f3n de \u00e1reas verdes o en la pintura que acompa\u00f1a a la comuna\u201d.<\/p>\n<p style=\"text-align: justify;\">Mabel Vel\u00e1squez Ulloa, directora de Tr\u00e1nsito y Transporte P\u00fablico en la casa edilicia de Ays\u00e9n relev\u00f3 la importancia que posee el Consejo Vecinal de Desarrollo (CVD) para la ejecuci\u00f3n del programa Quiero Mi Barrio en la canalizaci\u00f3n de las iniciativas que presenta la comunidad con los servicios p\u00fablicos. En este caso puntual, tras expresada la demanda de contar con un mejoramiento en la zona, abord\u00f3 que \u201cellas no tan s\u00f3lo quer\u00edan realizar la demarcaci\u00f3n, sino que colaborar activamente en esta instancia y es lo que estamos viendo\u201d.<\/p>\n<p style=\"text-align: justify;\">Finalmente, Yolanda Alvarado, presidenta del CVD del Barrio Ribera Sur Costanera explic\u00f3 que buscan ser \u201cel ejemplo para el resto de los barrios de que no necesariamente tenemos que esperar que nos den las cosas y nosotros por iniciativa tratar de apoyar de que esto funcione\u201d, principalmente por los ni\u00f1os y personas mayores, para que se puedan respetar las reducciones de velocidad demarcadas en el sector. \u201cSi hay que hacer algo por la comunidad, lo hacemos con agrado y dedicarle un poco de tiempo a esto es muy importante\u201d sentenci\u00f3 Alvarado, quien lidera el \u00f3rgano de participaci\u00f3n vecinal que contempla el programa Quiero Mi Barrio.<\/p>\n<\/div><\/section><\/div><div  style='height:50px' class='hr hr-invisible   avia-builder-el-6  el_after_av_one_full  el_before_av_social_share '><span class='hr-inner ' ><span class='hr-inner-style'><\/span><\/span><\/div><\/p>\n<div  class='av-social-sharing-box  avia-builder-el-7  el_after_av_hr  el_before_av_hr  '><div class='av-share-box'><h5 class='av-share-link-description av-no-toc '>Compartir esta noticia<\/h5><ul class='av-share-box-list noLightbox'><li class='av-share-link av-social-link-facebook' ><a target=\"_blank\" aria-label=\"Compartir en Facebook\" href='https:\/\/www.facebook.com\/sharer.php?u=https:\/\/radiorevelacionfm.cl\/?p=12193&#038;t=In%C3%A9dito%20trabajo%20barrial%20con%20vecinos%20permiti%C3%B3%20mejorar%20demarcaciones%20viales%20en%20el%20sector%20de%20Ribera%20Sur%20Costanera%20en%20Puerto%20Ays%C3%A9n' aria-hidden='false' data-av_icon='\ue8f3' data-av_iconfont='entypo-fontello' title='' data-avia-related-tooltip='Compartir en Facebook' rel=\"noopener\"><span class='avia_hidden_link_text'>Compartir en Facebook<\/span><\/a><\/li><li class='av-share-link av-social-link-twitter' ><a target=\"_blank\" aria-label=\"Compartir en Twitter\" href='https:\/\/twitter.com\/share?text=In%C3%A9dito%20trabajo%20barrial%20con%20vecinos%20permiti%C3%B3%20mejorar%20demarcaciones%20viales%20en%20el%20sector%20de%20Ribera%20Sur%20Costanera%20en%20Puerto%20Ays%C3%A9n&#038;url=https:\/\/radiorevelacionfm.cl\/?p=12193' aria-hidden='false' data-av_icon='\ue8f1' data-av_iconfont='entypo-fontello' title='' data-avia-related-tooltip='Compartir en Twitter' rel=\"noopener\"><span class='avia_hidden_link_text'>Compartir en Twitter<\/span><\/a><\/li><li class='av-share-link av-social-link-whatsapp' ><a target=\"_blank\" aria-label=\"Compartir en Whatsapp\" href='https:\/\/api.whatsapp.com\/send?text=https:\/\/radiorevelacionfm.cl\/?p=12193' aria-hidden='false' data-av_icon='\uf232' data-av_iconfont='entypo-fontello' title='' data-avia-related-tooltip='Compartir en Whatsapp' rel=\"noopener\"><span class='avia_hidden_link_text'>Compartir en Whatsapp<\/span><\/a><\/li><li class='av-share-link av-social-link-linkedin' ><a target=\"_blank\" aria-label=\"Compartir en LinkedIn\" href='https:\/\/linkedin.com\/shareArticle?mini=true&#038;title=In%C3%A9dito%20trabajo%20barrial%20con%20vecinos%20permiti%C3%B3%20mejorar%20demarcaciones%20viales%20en%20el%20sector%20de%20Ribera%20Sur%20Costanera%20en%20Puerto%20Ays%C3%A9n&#038;url=https:\/\/radiorevelacionfm.cl\/?p=12193' aria-hidden='false' data-av_icon='\ue8fc' data-av_iconfont='entypo-fontello' title='' data-avia-related-tooltip='Compartir en LinkedIn' rel=\"noopener\"><span class='avia_hidden_link_text'>Compartir en LinkedIn<\/span><\/a><\/li><li class='av-share-link av-social-link-mail' ><a  aria-label=\"Compartir por correo\" href='mailto:?subject=In%C3%A9dito%20trabajo%20barrial%20con%20vecinos%20permiti%C3%B3%20mejorar%20demarcaciones%20viales%20en%20el%20sector%20de%20Ribera%20Sur%20Costanera%20en%20Puerto%20Ays%C3%A9n&#038;body=https:\/\/radiorevelacionfm.cl\/?p=12193' aria-hidden='false' data-av_icon='\ue805' data-av_iconfont='entypo-fontello' title='' data-avia-related-tooltip='Compartir por correo'><span class='avia_hidden_link_text'>Compartir por correo<\/span><\/a><\/li><\/ul><\/div><\/div>\n<div  style='height:50px' class='hr hr-invisible   avia-builder-el-8  el_after_av_social_share  el_before_av_comments_list '><span class='hr-inner ' ><span class='hr-inner-style'><\/span><\/span><\/div>\n<div  class='av-buildercomment  av-blog-meta-html-info-disabled av-blog-meta-tag-disabled  '><\/div>\n","protected":false},"excerpt":{"rendered":"","protected":false},"author":1,"featured_media":12194,"comment_status":"open","ping_status":"open","sticky":false,"template":"","format":"standard","meta":{"footnotes":""},"categories":[38],"tags":[],"class_list":["post-12193","post","type-post","status-publish","format-standard","has-post-thumbnail","hentry","category-regional"],"jetpack_featured_media_url":"https:\/\/radiorevelacionfm.cl\/wp-content\/uploads\/2021\/12\/img-qmb-calles2-2_optimized.jpeg","_links":{"self":[{"href":"https:\/\/radiorevelacionfm.cl\/index.php?rest_route=\/wp\/v2\/posts\/12193","targetHints":{"allow":["GET"]}}],"collection":[{"href":"https:\/\/radiorevelacionfm.cl\/index.php?rest_route=\/wp\/v2\/posts"}],"about":[{"href":"https:\/\/radiorevelacionfm.cl\/index.php?rest_route=\/wp\/v2\/types\/post"}],"author":[{"embeddable":true,"href":"https:\/\/radiorevelacionfm.cl\/index.php?rest_route=\/wp\/v2\/users\/1"}],"replies":[{"embeddable":true,"href":"https:\/\/radiorevelacionfm.cl\/index.php?rest_route=%2Fwp%2Fv2%2Fcomments&post=12193"}],"version-history":[{"count":2,"href":"https:\/\/radiorevelacionfm.cl\/index.php?rest_route=\/wp\/v2\/posts\/12193\/revisions"}],"predecessor-version":[{"id":12197,"href":"https:\/\/radiorevelacionfm.cl\/index.php?rest_route=\/wp\/v2\/posts\/12193\/revisions\/12197"}],"wp:featuredmedia":[{"embeddable":true,"href":"https:\/\/radiorevelacionfm.cl\/index.php?rest_route=\/wp\/v2\/media\/12194"}],"wp:attachment":[{"href":"https:\/\/radiorevelacionfm.cl\/index.php?rest_route=%2Fwp%2Fv2%2Fmedia&parent=12193"}],"wp:term":[{"taxonomy":"category","embeddable":true,"href":"https:\/\/radiorevelacionfm.cl\/index.php?rest_route=%2Fwp%2Fv2%2Fcategories&post=12193"},{"taxonomy":"post_tag","embeddable":true,"href":"https:\/\/radiorevelacionfm.cl\/index.php?rest_route=%2Fwp%2Fv2%2Ftags&post=12193"}],"curies":[{"name":"wp","href":"https:\/\/api.w.org\/{rel}","templated":true}]}}