{"id":12187,"date":"2021-12-24T10:30:31","date_gmt":"2021-12-24T13:30:31","guid":{"rendered":"https:\/\/radiorevelacionfm.cl\/?p=12187"},"modified":"2021-12-24T10:30:31","modified_gmt":"2021-12-24T13:30:31","slug":"la-clase-de-religion-de-aysen-en-perfeccionamiento-docente","status":"publish","type":"post","link":"https:\/\/radiorevelacionfm.cl\/?p=12187","title":{"rendered":"La clase de religi\u00f3n de Ays\u00e9n en perfeccionamiento docente"},"content":{"rendered":"<div class=\"flex_column av_one_full  flex_column_div av-zero-column-padding first  avia-builder-el-0  el_before_av_one_full  avia-builder-el-first  \" style='border-radius:0px; '><div  class='avia-image-container  av-styling-    avia-builder-el-1  avia-builder-el-no-sibling  avia-align-center '  itemprop=\"image\" itemscope=\"itemscope\" itemtype=\"https:\/\/schema.org\/ImageObject\"  ><div class='avia-image-container-inner'><div class='avia-image-overlay-wrap'><img decoding=\"async\" class='wp-image-12188 avia-img-lazy-loading-not-12188 avia_image' src=\"https:\/\/radiorevelacionfm.cl\/wp-content\/uploads\/2021\/12\/DD-2-2.jpg\" alt='' title='DD-2-2' height=\"600\" width=\"970\"  itemprop=\"thumbnailUrl\" srcset=\"https:\/\/radiorevelacionfm.cl\/wp-content\/uploads\/2021\/12\/DD-2-2.jpg 970w, https:\/\/radiorevelacionfm.cl\/wp-content\/uploads\/2021\/12\/DD-2-2-300x186.jpg 300w, https:\/\/radiorevelacionfm.cl\/wp-content\/uploads\/2021\/12\/DD-2-2-768x475.jpg 768w, https:\/\/radiorevelacionfm.cl\/wp-content\/uploads\/2021\/12\/DD-2-2-705x436.jpg 705w, https:\/\/radiorevelacionfm.cl\/wp-content\/uploads\/2021\/12\/DD-2-2-600x371.jpg 600w\" sizes=\"(max-width: 970px) 100vw, 970px\" \/><\/div><\/div><\/div><\/div><div class=\"flex_column av_one_full  flex_column_div av-zero-column-padding first  avia-builder-el-2  el_after_av_one_full  el_before_av_one_full  column-top-margin\" style='border-radius:0px; '><section class=\"av_textblock_section \"  itemscope=\"itemscope\" itemtype=\"https:\/\/schema.org\/BlogPosting\" itemprop=\"blogPost\" ><div class='avia_textblock  '   itemprop=\"text\" ><p style=\"text-align: center;\"><span style=\"font-size: 18pt;\"><b>La clase de religi\u00f3n de Ays\u00e9n en perfeccionamiento docente<\/b><\/span><\/p>\n<div id=\"gtx-trans\" style=\"position: absolute; left: -50px; top: 4.31534px;\">\n<div class=\"gtx-trans-icon\"><\/div>\n<\/div>\n<\/div><\/section><\/div><div class=\"flex_column av_one_full  flex_column_div av-zero-column-padding first  avia-builder-el-4  el_after_av_one_full  el_before_av_hr  column-top-margin\" style='border-radius:0px; '><section class=\"av_textblock_section \"  itemscope=\"itemscope\" itemtype=\"https:\/\/schema.org\/BlogPosting\" itemprop=\"blogPost\" ><div class='avia_textblock  '   itemprop=\"text\" ><p style=\"text-align: justify;\">Fueron 82 los docentes participaron en esta formaci\u00f3n que tradicionalmente ofrece a fin de a\u00f1o la Iglesia de Ays\u00e9n. En esta oportunidad el tema a profundizar fue \u201cEvaluaci\u00f3n para el aprendizaje en el contexto del Programa de EREC 2020\u201d animado por acad\u00e9micos de la Universidad Cat\u00f3lica de Temuco que certificaron 30 horas de intenso trabajo y estudio 100% online.<\/p>\n<p style=\"text-align: justify;\">En la ceremonia virtual de cierre de esta instancia perfeccionamiento el padre Obispo Luis, junto con saludar y agradecer a quienes la coordinaron e impartieron, dijo esperar que \u201ceste curso haya sido fecundo. Me alegra enormemente su realizaci\u00f3n porque potencia la capacidad pedag\u00f3gica y evangelizadora de cada uno de ustedes\u201d.<\/p>\n<p style=\"text-align: justify;\">\u201cEs bueno \u2014agreg\u00f3 el pastor de Ays\u00e9n\u2014 que junto con formarse y prepararse para ser buenos educadores fortalezcan su proceso de fe personal. Por eso, felicit\u00f3 a muchos de ustedes que son integrantes y vitalizadores de muchas comunidades cristianas en nuestra regi\u00f3n\u201d.<\/p>\n<p style=\"text-align: justify;\">La encargada del \u00e1rea de educaci\u00f3n del vicariato apost\u00f3lico de Ays\u00e9n, Martina Saavedra, junto con desear a los presentes una feliz Navidad y un mejor a\u00f1o 2022, destac\u00f3 que \u201cser profesor de religi\u00f3n es un honor, y nos hace ser tambi\u00e9n ser diferentes por las responsabilidades y el compromiso que tenemos m\u00e1s all\u00e1 del aula y del colegio en nuestro barrio, en nuestra comunidad cristiana\u201d.<\/p>\n<p style=\"text-align: justify;\">\u201cQuiero \u2014a\u00f1adi\u00f3 la encargada de educaci\u00f3n\u2014 agradecer la constancia y la asistencia. La participaci\u00f3n ha sido importante; con alegr\u00eda, con entrega y eso habla muy bien de nosotros\u201d.<\/p>\n<p style=\"text-align: justify;\">Tras estos acelerados d\u00edas de formaci\u00f3n y capacitaci\u00f3n desde la Iglesia de Ays\u00e9n se reiter\u00f3 el agradecimiento a la Universidad Cat\u00f3lica de Temuco, sus coordinadores y docentes, y a todos los participantes de esta instancia formaci\u00f3n se les dese\u00f3 un \u201cdescaso merecido\u201d y que el \u201cSe\u00f1or les bendiga en este fin de a\u00f1o\u201d.<\/p>\n<\/div><\/section><\/div><div  style='height:50px' class='hr hr-invisible   avia-builder-el-6  el_after_av_one_full  el_before_av_social_share '><span class='hr-inner ' ><span class='hr-inner-style'><\/span><\/span><\/div><\/p>\n<div  class='av-social-sharing-box  avia-builder-el-7  el_after_av_hr  el_before_av_hr  '><div class='av-share-box'><h5 class='av-share-link-description av-no-toc '>Compartir esta noticia<\/h5><ul class='av-share-box-list noLightbox'><li class='av-share-link av-social-link-facebook' ><a target=\"_blank\" aria-label=\"Compartir en Facebook\" href='https:\/\/www.facebook.com\/sharer.php?u=https:\/\/radiorevelacionfm.cl\/?p=12187&#038;t=La%20clase%20de%20religi%C3%B3n%20de%20Ays%C3%A9n%20en%20perfeccionamiento%20docente' aria-hidden='false' data-av_icon='\ue8f3' data-av_iconfont='entypo-fontello' title='' data-avia-related-tooltip='Compartir en Facebook' rel=\"noopener\"><span class='avia_hidden_link_text'>Compartir en Facebook<\/span><\/a><\/li><li class='av-share-link av-social-link-twitter' ><a target=\"_blank\" aria-label=\"Compartir en Twitter\" href='https:\/\/twitter.com\/share?text=La%20clase%20de%20religi%C3%B3n%20de%20Ays%C3%A9n%20en%20perfeccionamiento%20docente&#038;url=https:\/\/radiorevelacionfm.cl\/?p=12187' aria-hidden='false' data-av_icon='\ue8f1' data-av_iconfont='entypo-fontello' title='' data-avia-related-tooltip='Compartir en Twitter' rel=\"noopener\"><span class='avia_hidden_link_text'>Compartir en Twitter<\/span><\/a><\/li><li class='av-share-link av-social-link-whatsapp' ><a target=\"_blank\" aria-label=\"Compartir en Whatsapp\" href='https:\/\/api.whatsapp.com\/send?text=https:\/\/radiorevelacionfm.cl\/?p=12187' aria-hidden='false' data-av_icon='\uf232' data-av_iconfont='entypo-fontello' title='' data-avia-related-tooltip='Compartir en Whatsapp' rel=\"noopener\"><span class='avia_hidden_link_text'>Compartir en Whatsapp<\/span><\/a><\/li><li class='av-share-link av-social-link-linkedin' ><a target=\"_blank\" aria-label=\"Compartir en LinkedIn\" href='https:\/\/linkedin.com\/shareArticle?mini=true&#038;title=La%20clase%20de%20religi%C3%B3n%20de%20Ays%C3%A9n%20en%20perfeccionamiento%20docente&#038;url=https:\/\/radiorevelacionfm.cl\/?p=12187' aria-hidden='false' data-av_icon='\ue8fc' data-av_iconfont='entypo-fontello' title='' data-avia-related-tooltip='Compartir en LinkedIn' rel=\"noopener\"><span class='avia_hidden_link_text'>Compartir en LinkedIn<\/span><\/a><\/li><li class='av-share-link av-social-link-mail' ><a  aria-label=\"Compartir por correo\" href='mailto:?subject=La%20clase%20de%20religi%C3%B3n%20de%20Ays%C3%A9n%20en%20perfeccionamiento%20docente&#038;body=https:\/\/radiorevelacionfm.cl\/?p=12187' aria-hidden='false' data-av_icon='\ue805' data-av_iconfont='entypo-fontello' title='' data-avia-related-tooltip='Compartir por correo'><span class='avia_hidden_link_text'>Compartir por correo<\/span><\/a><\/li><\/ul><\/div><\/div>\n<div  style='height:50px' class='hr hr-invisible   avia-builder-el-8  el_after_av_social_share  el_before_av_comments_list '><span class='hr-inner ' ><span class='hr-inner-style'><\/span><\/span><\/div>\n<div  class='av-buildercomment  av-blog-meta-html-info-disabled av-blog-meta-tag-disabled  '><\/div>\n","protected":false},"excerpt":{"rendered":"","protected":false},"author":1,"featured_media":12188,"comment_status":"open","ping_status":"open","sticky":false,"template":"","format":"standard","meta":{"footnotes":""},"categories":[38],"tags":[],"class_list":["post-12187","post","type-post","status-publish","format-standard","has-post-thumbnail","hentry","category-regional"],"jetpack_featured_media_url":"https:\/\/radiorevelacionfm.cl\/wp-content\/uploads\/2021\/12\/DD-2-2.jpg","_links":{"self":[{"href":"https:\/\/radiorevelacionfm.cl\/index.php?rest_route=\/wp\/v2\/posts\/12187","targetHints":{"allow":["GET"]}}],"collection":[{"href":"https:\/\/radiorevelacionfm.cl\/index.php?rest_route=\/wp\/v2\/posts"}],"about":[{"href":"https:\/\/radiorevelacionfm.cl\/index.php?rest_route=\/wp\/v2\/types\/post"}],"author":[{"embeddable":true,"href":"https:\/\/radiorevelacionfm.cl\/index.php?rest_route=\/wp\/v2\/users\/1"}],"replies":[{"embeddable":true,"href":"https:\/\/radiorevelacionfm.cl\/index.php?rest_route=%2Fwp%2Fv2%2Fcomments&post=12187"}],"version-history":[{"count":2,"href":"https:\/\/radiorevelacionfm.cl\/index.php?rest_route=\/wp\/v2\/posts\/12187\/revisions"}],"predecessor-version":[{"id":12227,"href":"https:\/\/radiorevelacionfm.cl\/index.php?rest_route=\/wp\/v2\/posts\/12187\/revisions\/12227"}],"wp:featuredmedia":[{"embeddable":true,"href":"https:\/\/radiorevelacionfm.cl\/index.php?rest_route=\/wp\/v2\/media\/12188"}],"wp:attachment":[{"href":"https:\/\/radiorevelacionfm.cl\/index.php?rest_route=%2Fwp%2Fv2%2Fmedia&parent=12187"}],"wp:term":[{"taxonomy":"category","embeddable":true,"href":"https:\/\/radiorevelacionfm.cl\/index.php?rest_route=%2Fwp%2Fv2%2Fcategories&post=12187"},{"taxonomy":"post_tag","embeddable":true,"href":"https:\/\/radiorevelacionfm.cl\/index.php?rest_route=%2Fwp%2Fv2%2Ftags&post=12187"}],"curies":[{"name":"wp","href":"https:\/\/api.w.org\/{rel}","templated":true}]}}