{"id":12183,"date":"2021-12-23T09:31:53","date_gmt":"2021-12-23T12:31:53","guid":{"rendered":"https:\/\/radiorevelacionfm.cl\/?p=12183"},"modified":"2021-12-23T09:31:53","modified_gmt":"2021-12-23T12:31:53","slug":"carabineros-y-conaf-instan-a-la-responsabilidad-para-prevenir-incendios-forestales-durante-la-epoca-estival","status":"publish","type":"post","link":"https:\/\/radiorevelacionfm.cl\/?p=12183","title":{"rendered":"Carabineros y Conaf instan a la responsabilidad para prevenir incendios forestales durante la \u00e9poca estival"},"content":{"rendered":"<div class=\"flex_column av_one_full  flex_column_div av-zero-column-padding first  avia-builder-el-0  el_before_av_one_full  avia-builder-el-first  \" style='border-radius:0px; '><div  class='avia-image-container  av-styling-    avia-builder-el-1  avia-builder-el-no-sibling  avia-align-center '  itemprop=\"image\" itemscope=\"itemscope\" itemtype=\"https:\/\/schema.org\/ImageObject\"  ><div class='avia-image-container-inner'><div class='avia-image-overlay-wrap'><img decoding=\"async\" class='wp-image-12184 avia-img-lazy-loading-not-12184 avia_image' src=\"https:\/\/radiorevelacionfm.cl\/wp-content\/uploads\/2021\/12\/ef4e538a-1bb5-4d70-bdcf-9d77c82ed07e-2-2.jpg\" alt='' title='ef4e538a-1bb5-4d70-bdcf-9d77c82ed07e-2-2' height=\"600\" width=\"1242\"  itemprop=\"thumbnailUrl\" srcset=\"https:\/\/radiorevelacionfm.cl\/wp-content\/uploads\/2021\/12\/ef4e538a-1bb5-4d70-bdcf-9d77c82ed07e-2-2.jpg 1242w, https:\/\/radiorevelacionfm.cl\/wp-content\/uploads\/2021\/12\/ef4e538a-1bb5-4d70-bdcf-9d77c82ed07e-2-2-300x145.jpg 300w, https:\/\/radiorevelacionfm.cl\/wp-content\/uploads\/2021\/12\/ef4e538a-1bb5-4d70-bdcf-9d77c82ed07e-2-2-1030x498.jpg 1030w, https:\/\/radiorevelacionfm.cl\/wp-content\/uploads\/2021\/12\/ef4e538a-1bb5-4d70-bdcf-9d77c82ed07e-2-2-768x371.jpg 768w, https:\/\/radiorevelacionfm.cl\/wp-content\/uploads\/2021\/12\/ef4e538a-1bb5-4d70-bdcf-9d77c82ed07e-2-2-705x341.jpg 705w, https:\/\/radiorevelacionfm.cl\/wp-content\/uploads\/2021\/12\/ef4e538a-1bb5-4d70-bdcf-9d77c82ed07e-2-2-600x290.jpg 600w\" sizes=\"(max-width: 1242px) 100vw, 1242px\" \/><\/div><\/div><\/div><\/div><div class=\"flex_column av_one_full  flex_column_div av-zero-column-padding first  avia-builder-el-2  el_after_av_one_full  el_before_av_one_full  column-top-margin\" style='border-radius:0px; '><section class=\"av_textblock_section \"  itemscope=\"itemscope\" itemtype=\"https:\/\/schema.org\/BlogPosting\" itemprop=\"blogPost\" ><div class='avia_textblock  '   itemprop=\"text\" ><p style=\"text-align: center;\"><span style=\"font-size: 18pt;\"><strong>Carabineros y Conaf instan a la responsabilidad para prevenir incendios forestales durante la \u00e9poca estival<\/strong><\/span><\/p>\n<div id=\"gtx-trans\" style=\"position: absolute; left: -50px; top: 4.31534px;\">\n<div class=\"gtx-trans-icon\"><\/div>\n<\/div>\n<\/div><\/section><\/div><div class=\"flex_column av_one_full  flex_column_div av-zero-column-padding first  avia-builder-el-4  el_after_av_one_full  el_before_av_hr  column-top-margin\" style='border-radius:0px; '><section class=\"av_textblock_section \"  itemscope=\"itemscope\" itemtype=\"https:\/\/schema.org\/BlogPosting\" itemprop=\"blogPost\" ><div class='avia_textblock  '   itemprop=\"text\" ><p class=\"v1MsoNormal\" style=\"text-align: justify;\">Una acci\u00f3n comunicacional en la Plaza del Pionero de Coyhaique realiz\u00f3 la Oficina de Integraci\u00f3n Comunitaria de dotaci\u00f3n de la Primera Comisar\u00eda de esta ciudad en conjunto con la Corporaci\u00f3n Nacional Forestal (CONAF), la cual tuvo por finalidad dar a conocer informaci\u00f3n orientada a prevenir la ocurrencia de incendios forestales.<\/p>\n<p class=\"v1MsoNormal\" style=\"text-align: justify;\">Tras el inicio de la estaci\u00f3n de verano, sumando a las altas temperaturas registradas en los \u00faltimos d\u00edas, Carabineros junto al organismo especializado en la materia, recordaron a la comunidad que las quemas se encuentran prohibidas desde el 15 de diciembre hasta el 15 de marzo pr\u00f3ximo.<\/p>\n<p class=\"v1MsoNormal\" style=\"text-align: justify;\">El 99% de los incendios forestales est\u00e1n asociados al factor humano, ya sea por descuido, negligencia o por un acto intencional. Provocar un incendio que afecte gravemente las condiciones de vida animal o vegetal en un \u00e1rea silvestre protegida del Estado, tiene una pena que puede ir desde los 5 a\u00f1os y 1 d\u00eda a 20 a\u00f1os, adem\u00e1s de la expulsi\u00f3n del pa\u00eds, en caso de tratarse de personas extranjeras.<\/p>\n<p class=\"v1MsoNormal\" style=\"text-align: justify;\">Asimismo, encender fuego o utilizar fuentes de calor en lugares no autorizados de las \u00e1reas silvestres protegidas tiene una pena de 61 d\u00edas a 3 a\u00f1os y una multa de 11 a 50 UTM.<\/p>\n<p class=\"v1MsoNormal\" style=\"text-align: justify;\">En tal sentido Carabineros junto a CONAF recordaron a la comunidad y que quienes visitan la regi\u00f3n, a no utilizar el fuego en zonas no habilitadas, no fumar en estos lugares, no arrojar colillas de cigarrillos encendidas, as\u00ed como no utilizar fuentes generadoras de calor.<\/p>\n<p class=\"v1MsoNormal\" style=\"text-align: justify;\">Al momento de visitar lugares resguardados por CONAF, Carabineros record\u00f3 informarse con los guardaparques sobre los niveles de alerta (preventivo, riesgo, amenaza y emergencia) as\u00ed como las recomendaciones y acciones a seguir ante posibles contingencias.<\/p>\n<p class=\"v1MsoNormal\" style=\"text-align: justify;\">Carabineros reiter\u00f3 el llamado a resguardar nuestro patrimonio natural y cultural e inst\u00f3 a la comunidad a denunciar de manera oportuna este tipo de emergencias a trav\u00e9s del fono 130 de CONAF, 132 de Bomberos, 133 de Carabineros y 134 de la PDI. Recuerda que prevenir un incendio forestal es m\u00e1s f\u00e1cil que combatirlo.<\/p>\n<\/div><\/section><\/div><div  style='height:50px' class='hr hr-invisible   avia-builder-el-6  el_after_av_one_full  el_before_av_social_share '><span class='hr-inner ' ><span class='hr-inner-style'><\/span><\/span><\/div><\/p>\n<div  class='av-social-sharing-box  avia-builder-el-7  el_after_av_hr  el_before_av_hr  '><div class='av-share-box'><h5 class='av-share-link-description av-no-toc '>Compartir esta noticia<\/h5><ul class='av-share-box-list noLightbox'><li class='av-share-link av-social-link-facebook' ><a target=\"_blank\" aria-label=\"Compartir en Facebook\" href='https:\/\/www.facebook.com\/sharer.php?u=https:\/\/radiorevelacionfm.cl\/?p=12183&#038;t=Carabineros%20y%20Conaf%20instan%20a%20la%20responsabilidad%20para%20prevenir%20incendios%20forestales%20durante%20la%20%C3%A9poca%20estival' aria-hidden='false' data-av_icon='\ue8f3' data-av_iconfont='entypo-fontello' title='' data-avia-related-tooltip='Compartir en Facebook' rel=\"noopener\"><span class='avia_hidden_link_text'>Compartir en Facebook<\/span><\/a><\/li><li class='av-share-link av-social-link-twitter' ><a target=\"_blank\" aria-label=\"Compartir en Twitter\" href='https:\/\/twitter.com\/share?text=Carabineros%20y%20Conaf%20instan%20a%20la%20responsabilidad%20para%20prevenir%20incendios%20forestales%20durante%20la%20%C3%A9poca%20estival&#038;url=https:\/\/radiorevelacionfm.cl\/?p=12183' aria-hidden='false' data-av_icon='\ue8f1' data-av_iconfont='entypo-fontello' title='' data-avia-related-tooltip='Compartir en Twitter' rel=\"noopener\"><span class='avia_hidden_link_text'>Compartir en Twitter<\/span><\/a><\/li><li class='av-share-link av-social-link-whatsapp' ><a target=\"_blank\" aria-label=\"Compartir en Whatsapp\" href='https:\/\/api.whatsapp.com\/send?text=https:\/\/radiorevelacionfm.cl\/?p=12183' aria-hidden='false' data-av_icon='\uf232' data-av_iconfont='entypo-fontello' title='' data-avia-related-tooltip='Compartir en Whatsapp' rel=\"noopener\"><span class='avia_hidden_link_text'>Compartir en Whatsapp<\/span><\/a><\/li><li class='av-share-link av-social-link-linkedin' ><a target=\"_blank\" aria-label=\"Compartir en LinkedIn\" href='https:\/\/linkedin.com\/shareArticle?mini=true&#038;title=Carabineros%20y%20Conaf%20instan%20a%20la%20responsabilidad%20para%20prevenir%20incendios%20forestales%20durante%20la%20%C3%A9poca%20estival&#038;url=https:\/\/radiorevelacionfm.cl\/?p=12183' aria-hidden='false' data-av_icon='\ue8fc' data-av_iconfont='entypo-fontello' title='' data-avia-related-tooltip='Compartir en LinkedIn' rel=\"noopener\"><span class='avia_hidden_link_text'>Compartir en LinkedIn<\/span><\/a><\/li><li class='av-share-link av-social-link-mail' ><a  aria-label=\"Compartir por correo\" href='mailto:?subject=Carabineros%20y%20Conaf%20instan%20a%20la%20responsabilidad%20para%20prevenir%20incendios%20forestales%20durante%20la%20%C3%A9poca%20estival&#038;body=https:\/\/radiorevelacionfm.cl\/?p=12183' aria-hidden='false' data-av_icon='\ue805' data-av_iconfont='entypo-fontello' title='' data-avia-related-tooltip='Compartir por correo'><span class='avia_hidden_link_text'>Compartir por correo<\/span><\/a><\/li><\/ul><\/div><\/div>\n<div  style='height:50px' class='hr hr-invisible   avia-builder-el-8  el_after_av_social_share  el_before_av_comments_list '><span class='hr-inner ' ><span class='hr-inner-style'><\/span><\/span><\/div>\n<div  class='av-buildercomment  av-blog-meta-html-info-disabled av-blog-meta-tag-disabled  '><\/div>\n","protected":false},"excerpt":{"rendered":"","protected":false},"author":1,"featured_media":12184,"comment_status":"open","ping_status":"open","sticky":false,"template":"","format":"standard","meta":{"footnotes":""},"categories":[38],"tags":[],"class_list":["post-12183","post","type-post","status-publish","format-standard","has-post-thumbnail","hentry","category-regional"],"jetpack_featured_media_url":"https:\/\/radiorevelacionfm.cl\/wp-content\/uploads\/2021\/12\/ef4e538a-1bb5-4d70-bdcf-9d77c82ed07e-2-2.jpg","_links":{"self":[{"href":"https:\/\/radiorevelacionfm.cl\/index.php?rest_route=\/wp\/v2\/posts\/12183","targetHints":{"allow":["GET"]}}],"collection":[{"href":"https:\/\/radiorevelacionfm.cl\/index.php?rest_route=\/wp\/v2\/posts"}],"about":[{"href":"https:\/\/radiorevelacionfm.cl\/index.php?rest_route=\/wp\/v2\/types\/post"}],"author":[{"embeddable":true,"href":"https:\/\/radiorevelacionfm.cl\/index.php?rest_route=\/wp\/v2\/users\/1"}],"replies":[{"embeddable":true,"href":"https:\/\/radiorevelacionfm.cl\/index.php?rest_route=%2Fwp%2Fv2%2Fcomments&post=12183"}],"version-history":[{"count":2,"href":"https:\/\/radiorevelacionfm.cl\/index.php?rest_route=\/wp\/v2\/posts\/12183\/revisions"}],"predecessor-version":[{"id":12196,"href":"https:\/\/radiorevelacionfm.cl\/index.php?rest_route=\/wp\/v2\/posts\/12183\/revisions\/12196"}],"wp:featuredmedia":[{"embeddable":true,"href":"https:\/\/radiorevelacionfm.cl\/index.php?rest_route=\/wp\/v2\/media\/12184"}],"wp:attachment":[{"href":"https:\/\/radiorevelacionfm.cl\/index.php?rest_route=%2Fwp%2Fv2%2Fmedia&parent=12183"}],"wp:term":[{"taxonomy":"category","embeddable":true,"href":"https:\/\/radiorevelacionfm.cl\/index.php?rest_route=%2Fwp%2Fv2%2Fcategories&post=12183"},{"taxonomy":"post_tag","embeddable":true,"href":"https:\/\/radiorevelacionfm.cl\/index.php?rest_route=%2Fwp%2Fv2%2Ftags&post=12183"}],"curies":[{"name":"wp","href":"https:\/\/api.w.org\/{rel}","templated":true}]}}