{"id":12179,"date":"2021-12-22T18:30:37","date_gmt":"2021-12-22T21:30:37","guid":{"rendered":"https:\/\/radiorevelacionfm.cl\/?p=12179"},"modified":"2021-12-22T18:30:37","modified_gmt":"2021-12-22T21:30:37","slug":"pdi-alerta-sobre-incendios-forestales-en-temporada-estival","status":"publish","type":"post","link":"https:\/\/radiorevelacionfm.cl\/?p=12179","title":{"rendered":"PDI alerta sobre incendios forestales en temporada estival"},"content":{"rendered":"<div class=\"flex_column av_one_full  flex_column_div av-zero-column-padding first  avia-builder-el-0  el_before_av_one_full  avia-builder-el-first  \" style='border-radius:0px; '><div  class='avia-image-container  av-styling-    avia-builder-el-1  avia-builder-el-no-sibling  avia-align-center '  itemprop=\"image\" itemscope=\"itemscope\" itemtype=\"https:\/\/schema.org\/ImageObject\"  ><div class='avia-image-container-inner'><div class='avia-image-overlay-wrap'><img decoding=\"async\" class='wp-image-12180 avia-img-lazy-loading-not-12180 avia_image' src=\"https:\/\/radiorevelacionfm.cl\/wp-content\/uploads\/2021\/12\/55_0794a-1823-2_optimized.jpg\" alt='' title='55_0794a-1823-2_optimized' height=\"600\" width=\"903\"  itemprop=\"thumbnailUrl\" srcset=\"https:\/\/radiorevelacionfm.cl\/wp-content\/uploads\/2021\/12\/55_0794a-1823-2_optimized.jpg 903w, https:\/\/radiorevelacionfm.cl\/wp-content\/uploads\/2021\/12\/55_0794a-1823-2_optimized-300x199.jpg 300w, https:\/\/radiorevelacionfm.cl\/wp-content\/uploads\/2021\/12\/55_0794a-1823-2_optimized-768x510.jpg 768w, https:\/\/radiorevelacionfm.cl\/wp-content\/uploads\/2021\/12\/55_0794a-1823-2_optimized-705x468.jpg 705w, https:\/\/radiorevelacionfm.cl\/wp-content\/uploads\/2021\/12\/55_0794a-1823-2_optimized-600x399.jpg 600w\" sizes=\"(max-width: 903px) 100vw, 903px\" \/><\/div><\/div><\/div><\/div><div class=\"flex_column av_one_full  flex_column_div av-zero-column-padding first  avia-builder-el-2  el_after_av_one_full  el_before_av_one_full  column-top-margin\" style='border-radius:0px; '><section class=\"av_textblock_section \"  itemscope=\"itemscope\" itemtype=\"https:\/\/schema.org\/BlogPosting\" itemprop=\"blogPost\" ><div class='avia_textblock  '   itemprop=\"text\" ><p style=\"text-align: center;\"><span style=\"font-size: 18pt;\"><strong>PDI alerta sobre incendios forestales en temporada estival<\/strong><\/span><\/p>\n<div id=\"gtx-trans\" style=\"position: absolute; left: -50px; top: 4.31534px;\">\n<div class=\"gtx-trans-icon\"><\/div>\n<\/div>\n<\/div><\/section><\/div><div class=\"flex_column av_one_full  flex_column_div av-zero-column-padding first  avia-builder-el-4  el_after_av_one_full  el_before_av_hr  column-top-margin\" style='border-radius:0px; '><section class=\"av_textblock_section \"  itemscope=\"itemscope\" itemtype=\"https:\/\/schema.org\/BlogPosting\" itemprop=\"blogPost\" ><div class='avia_textblock  '   itemprop=\"text\" ><p style=\"text-align: justify;\">Sum\u00e1ndose a los llamados de la Seremi de Agricultura, la Corporaci\u00f3n Nacional Forestal y la Oficina Nacional de Emergencia de la regi\u00f3n de Ays\u00e9n, la Polic\u00eda de Investigaciones de Chile, a trav\u00e9s de la Brigada Investigadora del Medio Ambiente y Patrimonio Cultural (BIDEMA) Ays\u00e9n realiz\u00f3 un llamado a estar alerta sobre la incidencia de incendios forestales durante la temporada estival, donde la combinaci\u00f3n de altas temperaturas, viento y negligencia pueden ser graves factores de riesgo.<\/p>\n<p style=\"text-align: justify;\">Los incendios forestales producen graves da\u00f1os ambientales que afectan cientos de hect\u00e1reas de bosques, matorrales, pastizales y a todos los seres vivos que habitan en ellos, provocando la destrucci\u00f3n de la cubierta forestal, la p\u00e9rdida de suelo f\u00e9rtil, la desaparici\u00f3n de ecosistemas aumento de emisiones de CO2 a la atm\u00f3sfera, desertificaci\u00f3n, y hasta p\u00e9rdidas humanas en algunas ocasiones. \u00c9stos, tienen su origen en sectores semiurbanos y rurales, donde existe combustible suficiente para iniciar un fuego de manera descontrolada, mayoritariamente, son causados por la acci\u00f3n irresponsable, negligente o intencional de las personas, generando no s\u00f3lo un problema medioambiental, sino que tambi\u00e9n un problema social y econ\u00f3mico.<\/p>\n<p style=\"text-align: justify;\">Al respecto, el subprefecto Claudio Reyes, jefe de la BIDEMA Ays\u00e9n, se\u00f1al\u00f3 que \u201ccon el inicio del per\u00edodo estival y las condiciones clim\u00e1ticas que existen en este momento ac\u00e1 en la regi\u00f3n, existe un factor altamente propicio para que se puedan producir incendios forestales\u201d.<\/p>\n<p style=\"text-align: justify;\">\u201cEs importante mencionar que e un 99.7% de estos hechos son provocados por el descuido o la negligencia de las personas, ya sea en la manipulaci\u00f3n de las fuentes de calor o muchas veces tambi\u00e9n por intencionalidad motivada por alg\u00fan tipo delictual\u201d, acot\u00f3 el subprefecto Reyes.<\/p>\n<p style=\"text-align: justify;\">Sobre el trabajo realizado por la Polic\u00eda de Investigaciones cuando, lamentablemente, ocurre un incendio forestal, el jefe de la Brigada Investigadora de Delitos del Medio Ambiente Ays\u00e9n indic\u00f3 que \u201ccomo PDI vamos a realizar todas las acciones y el trabajo cient\u00edfico t\u00e9cnico en conjunto las entidades correspondientes y con la ciudadan\u00eda para indagar el origen de estos hechos, junto al Ministerio P\u00fablico\u201d.<\/p>\n<p style=\"text-align: justify;\">Entre las diligencias que realiza la unidad especializada, destacan la inspecci\u00f3n y trabajo investigativo en el sitio del suceso y el \u00e1rea de inicio del incendio, con la fijaci\u00f3n fotogr\u00e1fica, planim\u00e9trica y forestal, junto con la utilizaci\u00f3n del m\u00e9todo de evidencias f\u00edsicas. Asimismo, el empadronamiento exhaustivo y la entrevista a los testigos resulta fundamental, junto con la consulta a fuentes de informaci\u00f3n como CONAF, Bomberos, Direcci\u00f3n Meteorol\u00f3gica de Chile o la Oficina Nacional de Emergencia del Ministerio del Interior, entre otras.<\/p>\n<p style=\"text-align: justify;\">\u201cLa informaci\u00f3n que nos pueda entregar la ciudadan\u00eda es de vital importancia, ya que las primeras personas que se encuentren en el lugar pueden entregar antecedentes muy relevante. Esto es, si pueden ver alguna persona que se encuentre iniciando un fuego o personas que est\u00e9n en los alrededores, que nos entreguen datos sobre sus vestimentas, si tienen alg\u00fan tipo de tatuaje o algo que los identifique, ya que todos los insumos que nos puedan proporcionar ser\u00e1n de importancia para la investigaci\u00f3n\u201d, recal\u00f3 el subprefecto Reyes.<\/p>\n<p style=\"text-align: justify;\">Desde la BIDEMA Ays\u00e9n recordaron que provocar un incendio forestal est\u00e1 penado por ley, realizando un llamado a estar atentos a este tipo de hechos y a denunciar ante las autoridades competentes en caso de tener antecedentes sobre un incendio forestal provocado.<\/p>\n<p style=\"text-align: justify;\">\u201cEn nuestra regi\u00f3n tenemos dos hechos que son bastantes significativos que ocurrieron en Colonia Sur en Cochrane, donde se consumieron m\u00e1s de 15.000 hect\u00e1reas, y en el Parque Nacional Patagonia, donde se consumieron 1.500 hect\u00e1reas, hechos que traen a la memoria las grandes p\u00e9rdidas y afectaci\u00f3n al ecosistema, lo que nos llama a tener m\u00e1s conciencia para evitar los incendios forestales\u201d, finaliz\u00f3 el jefe de la unidad especializada.<\/p>\n<p style=\"text-align: justify;\">La BIDEMA Ays\u00e9n entrega algunos consejos para esta temporada:<\/p>\n<ul style=\"text-align: justify;\">\n<li>Nunca uses fuego u otras fuentes de calor en \u00e1reas Silvestres Protegidas si no est\u00e1\u00a0debidamente autorizado y se\u00f1alizado por la autoridad a cargo.<\/li>\n<li>Evita el uso del fuego en actividades recreativas al aire libre.<\/li>\n<li>Si ves un incendio forestal que acaba de comenzar avisa a la PDI, CONAF o Bomberos.<\/li>\n<li>Cuando se est\u00e9 desarrollando un incendio, evita acercarte al fuego, ya que esto s\u00f3lo dificulta la labor de los combatientes de incendios y bomberos. Ac\u00e9rcate solamente si ellos te autorizan.<\/li>\n<li>Si vives en sectores rurales, o urbano-rural confecciona un cortafuego perimetral alrededor de tu domicilio.<\/li>\n<\/ul>\n<\/div><\/section><\/div><div  style='height:50px' class='hr hr-invisible   avia-builder-el-6  el_after_av_one_full  el_before_av_social_share '><span class='hr-inner ' ><span class='hr-inner-style'><\/span><\/span><\/div><\/p>\n<div  class='av-social-sharing-box  avia-builder-el-7  el_after_av_hr  el_before_av_hr  '><div class='av-share-box'><h5 class='av-share-link-description av-no-toc '>Compartir esta noticia<\/h5><ul class='av-share-box-list noLightbox'><li class='av-share-link av-social-link-facebook' ><a target=\"_blank\" aria-label=\"Compartir en Facebook\" href='https:\/\/www.facebook.com\/sharer.php?u=https:\/\/radiorevelacionfm.cl\/?p=12179&#038;t=PDI%20alerta%20sobre%20incendios%20forestales%20en%20temporada%20estival' aria-hidden='false' data-av_icon='\ue8f3' data-av_iconfont='entypo-fontello' title='' data-avia-related-tooltip='Compartir en Facebook' rel=\"noopener\"><span class='avia_hidden_link_text'>Compartir en Facebook<\/span><\/a><\/li><li class='av-share-link av-social-link-twitter' ><a target=\"_blank\" aria-label=\"Compartir en Twitter\" href='https:\/\/twitter.com\/share?text=PDI%20alerta%20sobre%20incendios%20forestales%20en%20temporada%20estival&#038;url=https:\/\/radiorevelacionfm.cl\/?p=12179' aria-hidden='false' data-av_icon='\ue8f1' data-av_iconfont='entypo-fontello' title='' data-avia-related-tooltip='Compartir en Twitter' rel=\"noopener\"><span class='avia_hidden_link_text'>Compartir en Twitter<\/span><\/a><\/li><li class='av-share-link av-social-link-whatsapp' ><a target=\"_blank\" aria-label=\"Compartir en Whatsapp\" href='https:\/\/api.whatsapp.com\/send?text=https:\/\/radiorevelacionfm.cl\/?p=12179' aria-hidden='false' data-av_icon='\uf232' data-av_iconfont='entypo-fontello' title='' data-avia-related-tooltip='Compartir en Whatsapp' rel=\"noopener\"><span class='avia_hidden_link_text'>Compartir en Whatsapp<\/span><\/a><\/li><li class='av-share-link av-social-link-linkedin' ><a target=\"_blank\" aria-label=\"Compartir en LinkedIn\" href='https:\/\/linkedin.com\/shareArticle?mini=true&#038;title=PDI%20alerta%20sobre%20incendios%20forestales%20en%20temporada%20estival&#038;url=https:\/\/radiorevelacionfm.cl\/?p=12179' aria-hidden='false' data-av_icon='\ue8fc' data-av_iconfont='entypo-fontello' title='' data-avia-related-tooltip='Compartir en LinkedIn' rel=\"noopener\"><span class='avia_hidden_link_text'>Compartir en LinkedIn<\/span><\/a><\/li><li class='av-share-link av-social-link-mail' ><a  aria-label=\"Compartir por correo\" href='mailto:?subject=PDI%20alerta%20sobre%20incendios%20forestales%20en%20temporada%20estival&#038;body=https:\/\/radiorevelacionfm.cl\/?p=12179' aria-hidden='false' data-av_icon='\ue805' data-av_iconfont='entypo-fontello' title='' data-avia-related-tooltip='Compartir por correo'><span class='avia_hidden_link_text'>Compartir por correo<\/span><\/a><\/li><\/ul><\/div><\/div>\n<div  style='height:50px' class='hr hr-invisible   avia-builder-el-8  el_after_av_social_share  el_before_av_comments_list '><span class='hr-inner ' ><span class='hr-inner-style'><\/span><\/span><\/div>\n<div  class='av-buildercomment  av-blog-meta-html-info-disabled av-blog-meta-tag-disabled  '><\/div>\n","protected":false},"excerpt":{"rendered":"","protected":false},"author":1,"featured_media":12180,"comment_status":"open","ping_status":"open","sticky":false,"template":"","format":"standard","meta":{"footnotes":""},"categories":[36],"tags":[],"class_list":["post-12179","post","type-post","status-publish","format-standard","has-post-thumbnail","hentry","category-policial"],"jetpack_featured_media_url":"https:\/\/radiorevelacionfm.cl\/wp-content\/uploads\/2021\/12\/55_0794a-1823-2_optimized.jpg","_links":{"self":[{"href":"https:\/\/radiorevelacionfm.cl\/index.php?rest_route=\/wp\/v2\/posts\/12179","targetHints":{"allow":["GET"]}}],"collection":[{"href":"https:\/\/radiorevelacionfm.cl\/index.php?rest_route=\/wp\/v2\/posts"}],"about":[{"href":"https:\/\/radiorevelacionfm.cl\/index.php?rest_route=\/wp\/v2\/types\/post"}],"author":[{"embeddable":true,"href":"https:\/\/radiorevelacionfm.cl\/index.php?rest_route=\/wp\/v2\/users\/1"}],"replies":[{"embeddable":true,"href":"https:\/\/radiorevelacionfm.cl\/index.php?rest_route=%2Fwp%2Fv2%2Fcomments&post=12179"}],"version-history":[{"count":2,"href":"https:\/\/radiorevelacionfm.cl\/index.php?rest_route=\/wp\/v2\/posts\/12179\/revisions"}],"predecessor-version":[{"id":12182,"href":"https:\/\/radiorevelacionfm.cl\/index.php?rest_route=\/wp\/v2\/posts\/12179\/revisions\/12182"}],"wp:featuredmedia":[{"embeddable":true,"href":"https:\/\/radiorevelacionfm.cl\/index.php?rest_route=\/wp\/v2\/media\/12180"}],"wp:attachment":[{"href":"https:\/\/radiorevelacionfm.cl\/index.php?rest_route=%2Fwp%2Fv2%2Fmedia&parent=12179"}],"wp:term":[{"taxonomy":"category","embeddable":true,"href":"https:\/\/radiorevelacionfm.cl\/index.php?rest_route=%2Fwp%2Fv2%2Fcategories&post=12179"},{"taxonomy":"post_tag","embeddable":true,"href":"https:\/\/radiorevelacionfm.cl\/index.php?rest_route=%2Fwp%2Fv2%2Ftags&post=12179"}],"curies":[{"name":"wp","href":"https:\/\/api.w.org\/{rel}","templated":true}]}}