{"id":12134,"date":"2021-12-21T20:48:02","date_gmt":"2021-12-21T23:48:02","guid":{"rendered":"https:\/\/radiorevelacionfm.cl\/?p=12134"},"modified":"2021-12-21T20:48:02","modified_gmt":"2021-12-21T23:48:02","slug":"jovenes-podran-acceder-a-formacion-en-robotica-gracias-a-convenio-entre-municipio-y-tri-chile","status":"publish","type":"post","link":"https:\/\/radiorevelacionfm.cl\/?p=12134","title":{"rendered":"J\u00f3venes podr\u00e1n acceder a formaci\u00f3n en rob\u00f3tica gracias a convenio entre municipio y Tri Chile"},"content":{"rendered":"<div class=\"flex_column av_one_full  flex_column_div av-zero-column-padding first  avia-builder-el-0  el_before_av_one_full  avia-builder-el-first  \" style='border-radius:0px; '><div  class='avia-image-container  av-styling-    avia-builder-el-1  avia-builder-el-no-sibling  avia-align-center '  itemprop=\"image\" itemscope=\"itemscope\" itemtype=\"https:\/\/schema.org\/ImageObject\"  ><div class='avia-image-container-inner'><div class='avia-image-overlay-wrap'><img decoding=\"async\" class='wp-image-12135 avia-img-lazy-loading-not-12135 avia_image' src=\"https:\/\/radiorevelacionfm.cl\/wp-content\/uploads\/2021\/12\/Reunion-alcalde-Uribe-y-directora-Leon-2-2.jpg\" alt='' title='Reuni\u00f3n alcalde Uribe y directora Le\u00f3n-2-2' height=\"600\" width=\"900\"  itemprop=\"thumbnailUrl\" srcset=\"https:\/\/radiorevelacionfm.cl\/wp-content\/uploads\/2021\/12\/Reunion-alcalde-Uribe-y-directora-Leon-2-2.jpg 900w, https:\/\/radiorevelacionfm.cl\/wp-content\/uploads\/2021\/12\/Reunion-alcalde-Uribe-y-directora-Leon-2-2-300x200.jpg 300w, https:\/\/radiorevelacionfm.cl\/wp-content\/uploads\/2021\/12\/Reunion-alcalde-Uribe-y-directora-Leon-2-2-768x512.jpg 768w, https:\/\/radiorevelacionfm.cl\/wp-content\/uploads\/2021\/12\/Reunion-alcalde-Uribe-y-directora-Leon-2-2-705x470.jpg 705w, https:\/\/radiorevelacionfm.cl\/wp-content\/uploads\/2021\/12\/Reunion-alcalde-Uribe-y-directora-Leon-2-2-600x400.jpg 600w\" sizes=\"(max-width: 900px) 100vw, 900px\" \/><\/div><\/div><\/div><\/div><div class=\"flex_column av_one_full  flex_column_div av-zero-column-padding first  avia-builder-el-2  el_after_av_one_full  el_before_av_one_full  column-top-margin\" style='border-radius:0px; '><section class=\"av_textblock_section \"  itemscope=\"itemscope\" itemtype=\"https:\/\/schema.org\/BlogPosting\" itemprop=\"blogPost\" ><div class='avia_textblock  '   itemprop=\"text\" ><p style=\"text-align: center;\"><span style=\"font-size: 18pt;\"><strong>J\u00f3venes podr\u00e1n acceder a formaci\u00f3n en rob\u00f3tica gracias a convenio entre municipio y Tri Chile<\/strong><\/span><\/p>\n<div id=\"gtx-trans\" style=\"position: absolute; left: -50px; top: 4.31534px;\">\n<div class=\"gtx-trans-icon\"><\/div>\n<\/div>\n<\/div><\/section><\/div><div class=\"flex_column av_one_full  flex_column_div av-zero-column-padding first  avia-builder-el-4  el_after_av_one_full  el_before_av_hr  column-top-margin\" style='border-radius:0px; '><section class=\"av_textblock_section \"  itemscope=\"itemscope\" itemtype=\"https:\/\/schema.org\/BlogPosting\" itemprop=\"blogPost\" ><div class='avia_textblock  '   itemprop=\"text\" ><p style=\"text-align: justify;\">Mediante una distendida reuni\u00f3n en las primeras semanas de diciembre, la directora de Tri Chile, Violeta Le\u00f3n Ahumada, y el alcalde Julio Uribe Alvarado, suscribieron un acuerdo para facilitar el perfeccionamiento en rob\u00f3tica a j\u00f3venes bajo la modalidad de capacitaciones, hito a complementarse con el acercamiento a nuevas tecnolog\u00edas desde los primeros a\u00f1os en establecimientos educacionales.<\/p>\n<p style=\"text-align: justify;\">Gracias a un convenio entre la Municipalidad de Ays\u00e9n y Tri Chile, entidad dedicada al rubro de la rob\u00f3tica industrial, j\u00f3venes pertenecientes a la comuna tendr\u00e1n la posibilidad de adquirir competencias en rob\u00f3tica y ampliar su futuro al ingresar, previo a una capacitaci\u00f3n, a la empresa.<\/p>\n<p style=\"text-align: justify;\">Desde su instalaci\u00f3n en Puerto Ays\u00e9n hace dos a\u00f1os, en la calle Bernardo O&#8217;Higgins, Tri Chile estipul\u00f3 como pilar el desarrollo local, en esa l\u00ednea impuls\u00f3 el Plan Residente facilitando cinco cursos para pilotos Rov\u00b4s, de los 50 alumnos que pasaron, los m\u00e1s destacados quedaron trabajando en la empresa. Hoy el 98% de su personal, entre administrativos y pilotos, pertenecen a la comuna de Ays\u00e9n.<\/p>\n<p style=\"text-align: justify;\">Mientras que, en el plano comunitario, han entregado 100 pediluvios a establecimientos educacionales, centros m\u00e9dicos, Cuerpo de Bomberos, Carabineros de Chile, centros comunitarios, entre otros. Tambi\u00e9n, dentro de sus gestiones figuran la presta de equipo Rov\u00b4s cada vez que los bomberos lo solicitan para funciones de naturaleza acu\u00e1tica.<\/p>\n<p style=\"text-align: justify;\">Ahora, en alianza con la Municipalidad de Ays\u00e9n, ambas entidades persiguen ampliar los beneficios colocando el acento en las pr\u00f3ximas generaciones. \u201cRealizamos un convenio para poder capacitar a j\u00f3venes ayseninos. Por lo tanto, es una tremenda oportunidad de trabajo y esperamos ayudar en todo lo que signifique para generar m\u00e1s capacitaciones a futuro y apoyar a la empresa. Pero tambi\u00e9n nos tra\u00eda (Violeta Le\u00f3n) una buena noticia, nos preguntaba si quisi\u00e9ramos incorporar rob\u00f3tica en los colegios. A trav\u00e9s de su empresa puede entregar robot a los colegios y dar capacitaci\u00f3n para que los ni\u00f1os vayan aprendiendo en esta \u00e1rea de la tecnolog\u00eda\u201d, puntualiz\u00f3 Uribe.<\/p>\n<p style=\"text-align: justify;\">Violeta Le\u00f3n complement\u00f3 que como proyecci\u00f3n para 2022 tienen dispuesto la realizaci\u00f3n de talleres en las escuelas para ni\u00f1os \u201ccon el fin de acercarlos a las nuevas herramientas tecnol\u00f3gicas y sembrar en ellos la semilla de la ciencia para que en un futuro cercano podamos contar con t\u00e9cnicos especializados en rob\u00f3tica. Nuestra mirada es a futuro y confiamos en las nuevas generaciones\u201d, detall\u00f3.<\/p>\n<p style=\"text-align: justify;\">Asimismo, en la reuni\u00f3n se baraj\u00f3 la opci\u00f3n de una visita a terreno a Islas Huichas por parte de la directora de Tri Chile para brindar apoyo social. Al concluir la reuni\u00f3n, ambas autoridades ven proyecciones favorables para el progreso y aprendizaje en el rubro de la rob\u00f3tica.<\/p>\n<\/div><\/section><\/div><div  style='height:50px' class='hr hr-invisible   avia-builder-el-6  el_after_av_one_full  el_before_av_social_share '><span class='hr-inner ' ><span class='hr-inner-style'><\/span><\/span><\/div><\/p>\n<div  class='av-social-sharing-box  avia-builder-el-7  el_after_av_hr  el_before_av_hr  '><div class='av-share-box'><h5 class='av-share-link-description av-no-toc '>Compartir esta noticia<\/h5><ul class='av-share-box-list noLightbox'><li class='av-share-link av-social-link-facebook' ><a target=\"_blank\" aria-label=\"Compartir en Facebook\" href='https:\/\/www.facebook.com\/sharer.php?u=https:\/\/radiorevelacionfm.cl\/?p=12134&#038;t=J%C3%B3venes%20podr%C3%A1n%20acceder%20a%20formaci%C3%B3n%20en%20rob%C3%B3tica%20gracias%20a%20convenio%20entre%20municipio%20y%20Tri%20Chile' aria-hidden='false' data-av_icon='\ue8f3' data-av_iconfont='entypo-fontello' title='' data-avia-related-tooltip='Compartir en Facebook' rel=\"noopener\"><span class='avia_hidden_link_text'>Compartir en Facebook<\/span><\/a><\/li><li class='av-share-link av-social-link-twitter' ><a target=\"_blank\" aria-label=\"Compartir en Twitter\" href='https:\/\/twitter.com\/share?text=J%C3%B3venes%20podr%C3%A1n%20acceder%20a%20formaci%C3%B3n%20en%20rob%C3%B3tica%20gracias%20a%20convenio%20entre%20municipio%20y%20Tri%20Chile&#038;url=https:\/\/radiorevelacionfm.cl\/?p=12134' aria-hidden='false' data-av_icon='\ue8f1' data-av_iconfont='entypo-fontello' title='' data-avia-related-tooltip='Compartir en Twitter' rel=\"noopener\"><span class='avia_hidden_link_text'>Compartir en Twitter<\/span><\/a><\/li><li class='av-share-link av-social-link-whatsapp' ><a target=\"_blank\" aria-label=\"Compartir en Whatsapp\" href='https:\/\/api.whatsapp.com\/send?text=https:\/\/radiorevelacionfm.cl\/?p=12134' aria-hidden='false' data-av_icon='\uf232' data-av_iconfont='entypo-fontello' title='' data-avia-related-tooltip='Compartir en Whatsapp' rel=\"noopener\"><span class='avia_hidden_link_text'>Compartir en Whatsapp<\/span><\/a><\/li><li class='av-share-link av-social-link-linkedin' ><a target=\"_blank\" aria-label=\"Compartir en LinkedIn\" href='https:\/\/linkedin.com\/shareArticle?mini=true&#038;title=J%C3%B3venes%20podr%C3%A1n%20acceder%20a%20formaci%C3%B3n%20en%20rob%C3%B3tica%20gracias%20a%20convenio%20entre%20municipio%20y%20Tri%20Chile&#038;url=https:\/\/radiorevelacionfm.cl\/?p=12134' aria-hidden='false' data-av_icon='\ue8fc' data-av_iconfont='entypo-fontello' title='' data-avia-related-tooltip='Compartir en LinkedIn' rel=\"noopener\"><span class='avia_hidden_link_text'>Compartir en LinkedIn<\/span><\/a><\/li><li class='av-share-link av-social-link-mail' ><a  aria-label=\"Compartir por correo\" href='mailto:?subject=J%C3%B3venes%20podr%C3%A1n%20acceder%20a%20formaci%C3%B3n%20en%20rob%C3%B3tica%20gracias%20a%20convenio%20entre%20municipio%20y%20Tri%20Chile&#038;body=https:\/\/radiorevelacionfm.cl\/?p=12134' aria-hidden='false' data-av_icon='\ue805' data-av_iconfont='entypo-fontello' title='' data-avia-related-tooltip='Compartir por correo'><span class='avia_hidden_link_text'>Compartir por correo<\/span><\/a><\/li><\/ul><\/div><\/div>\n<div  style='height:50px' class='hr hr-invisible   avia-builder-el-8  el_after_av_social_share  el_before_av_comments_list '><span class='hr-inner ' ><span class='hr-inner-style'><\/span><\/span><\/div>\n<div  class='av-buildercomment  av-blog-meta-html-info-disabled av-blog-meta-tag-disabled  '><\/div>\n","protected":false},"excerpt":{"rendered":"","protected":false},"author":1,"featured_media":12135,"comment_status":"open","ping_status":"open","sticky":false,"template":"","format":"standard","meta":{"footnotes":""},"categories":[38],"tags":[],"class_list":["post-12134","post","type-post","status-publish","format-standard","has-post-thumbnail","hentry","category-regional"],"jetpack_featured_media_url":"https:\/\/radiorevelacionfm.cl\/wp-content\/uploads\/2021\/12\/Reunion-alcalde-Uribe-y-directora-Leon-2-2.jpg","_links":{"self":[{"href":"https:\/\/radiorevelacionfm.cl\/index.php?rest_route=\/wp\/v2\/posts\/12134","targetHints":{"allow":["GET"]}}],"collection":[{"href":"https:\/\/radiorevelacionfm.cl\/index.php?rest_route=\/wp\/v2\/posts"}],"about":[{"href":"https:\/\/radiorevelacionfm.cl\/index.php?rest_route=\/wp\/v2\/types\/post"}],"author":[{"embeddable":true,"href":"https:\/\/radiorevelacionfm.cl\/index.php?rest_route=\/wp\/v2\/users\/1"}],"replies":[{"embeddable":true,"href":"https:\/\/radiorevelacionfm.cl\/index.php?rest_route=%2Fwp%2Fv2%2Fcomments&post=12134"}],"version-history":[{"count":2,"href":"https:\/\/radiorevelacionfm.cl\/index.php?rest_route=\/wp\/v2\/posts\/12134\/revisions"}],"predecessor-version":[{"id":12140,"href":"https:\/\/radiorevelacionfm.cl\/index.php?rest_route=\/wp\/v2\/posts\/12134\/revisions\/12140"}],"wp:featuredmedia":[{"embeddable":true,"href":"https:\/\/radiorevelacionfm.cl\/index.php?rest_route=\/wp\/v2\/media\/12135"}],"wp:attachment":[{"href":"https:\/\/radiorevelacionfm.cl\/index.php?rest_route=%2Fwp%2Fv2%2Fmedia&parent=12134"}],"wp:term":[{"taxonomy":"category","embeddable":true,"href":"https:\/\/radiorevelacionfm.cl\/index.php?rest_route=%2Fwp%2Fv2%2Fcategories&post=12134"},{"taxonomy":"post_tag","embeddable":true,"href":"https:\/\/radiorevelacionfm.cl\/index.php?rest_route=%2Fwp%2Fv2%2Ftags&post=12134"}],"curies":[{"name":"wp","href":"https:\/\/api.w.org\/{rel}","templated":true}]}}