{"id":12131,"date":"2021-12-22T09:30:15","date_gmt":"2021-12-22T12:30:15","guid":{"rendered":"https:\/\/radiorevelacionfm.cl\/?p=12131"},"modified":"2021-12-22T09:30:15","modified_gmt":"2021-12-22T12:30:15","slug":"usuarios-de-la-zona-sur-en-la-region-fueron-beneficiados-con-operativo-de-endodoncia","status":"publish","type":"post","link":"https:\/\/radiorevelacionfm.cl\/?p=12131","title":{"rendered":"Usuarios de la zona sur en la regi\u00f3n fueron beneficiados con operativo de endodoncia"},"content":{"rendered":"<div class=\"flex_column av_one_full  flex_column_div av-zero-column-padding first  avia-builder-el-0  el_before_av_one_full  avia-builder-el-first  \" style='border-radius:0px; '><div  class='avia-image-container  av-styling-    avia-builder-el-1  avia-builder-el-no-sibling  avia-align-center '  itemprop=\"image\" itemscope=\"itemscope\" itemtype=\"https:\/\/schema.org\/ImageObject\"  ><div class='avia-image-container-inner'><div class='avia-image-overlay-wrap'><img decoding=\"async\" class='wp-image-12132 avia-img-lazy-loading-not-12132 avia_image' src=\"https:\/\/radiorevelacionfm.cl\/wp-content\/uploads\/2021\/12\/IMG-20211215-WA0024-2.jpg\" alt='' title='IMG-20211215-WA0024-2' height=\"600\" width=\"800\"  itemprop=\"thumbnailUrl\" srcset=\"https:\/\/radiorevelacionfm.cl\/wp-content\/uploads\/2021\/12\/IMG-20211215-WA0024-2.jpg 800w, https:\/\/radiorevelacionfm.cl\/wp-content\/uploads\/2021\/12\/IMG-20211215-WA0024-2-300x225.jpg 300w, https:\/\/radiorevelacionfm.cl\/wp-content\/uploads\/2021\/12\/IMG-20211215-WA0024-2-768x576.jpg 768w, https:\/\/radiorevelacionfm.cl\/wp-content\/uploads\/2021\/12\/IMG-20211215-WA0024-2-705x529.jpg 705w, https:\/\/radiorevelacionfm.cl\/wp-content\/uploads\/2021\/12\/IMG-20211215-WA0024-2-600x450.jpg 600w\" sizes=\"(max-width: 800px) 100vw, 800px\" \/><\/div><\/div><\/div><\/div><div class=\"flex_column av_one_full  flex_column_div av-zero-column-padding first  avia-builder-el-2  el_after_av_one_full  el_before_av_one_full  column-top-margin\" style='border-radius:0px; '><section class=\"av_textblock_section \"  itemscope=\"itemscope\" itemtype=\"https:\/\/schema.org\/BlogPosting\" itemprop=\"blogPost\" ><div class='avia_textblock  '   itemprop=\"text\" ><p style=\"text-align: center;\"><strong><span style=\"font-size: 18pt;\">Usuarios de la zona sur en la regi\u00f3n fueron beneficiados con operativo de endodoncia<\/span><\/strong><\/p>\n<div id=\"gtx-trans\" style=\"position: absolute; left: -50px; top: 4.31534px;\">\n<div class=\"gtx-trans-icon\"><\/div>\n<\/div>\n<\/div><\/section><\/div><div class=\"flex_column av_one_full  flex_column_div av-zero-column-padding first  avia-builder-el-4  el_after_av_one_full  el_before_av_hr  column-top-margin\" style='border-radius:0px; '><section class=\"av_textblock_section \"  itemscope=\"itemscope\" itemtype=\"https:\/\/schema.org\/BlogPosting\" itemprop=\"blogPost\" ><div class='avia_textblock  '   itemprop=\"text\" ><p style=\"text-align: justify;\">Durante la segunda semana de diciembre, odont\u00f3logos del Hospital Regional Coyhaique y Hospital de Cochrane, realizaron un operativo de endodoncia, estrategia que resolvi\u00f3 en parte, la lista de espera del principal establecimiento de salud de la regi\u00f3n de Ays\u00e9n, acercando hasta las localidades del sur, las prestaciones que la poblaci\u00f3n requiere, beneficiando a un total de 24 usuarios de las localidades de Cochrane, Puerto Guadal y Caleta Tortel.<\/p>\n<p style=\"text-align: justify;\">Rachel Albornoz, una de las beneficiarias proveniente de Cochrane, manifest\u00f3 sentirse muy contenta con la atenci\u00f3n, \u201ces de real importancia valorar estos operativos que trae el Hospital Cochrane desde Coyhaique, ya que para los usuarios que tenemos problemas dentales, esto es de gran importancia. El valor de esto es inmenso, porque uno para viajar a Coyhaique, tiene que tener para los pasajes de regreso, tienes que tener para la estad\u00eda, adem\u00e1s de comida, entonces encarece el costo e impide que muchos viajen. Se est\u00e1 empezando a hacer operativos ac\u00e1 en Cochrane con el hospital nuevo y valoramos por supuesto a los profesionales que tienen ac\u00e1, porque en realidad ellos son los que se preocupan para enviar a las personas a Coyhaique o de lo contrario si hay un operativo, anotarlos para su posterior mejoramiento dental\u00bb.<\/p>\n<p style=\"text-align: justify;\">Para Natalia Vera, odont\u00f3loga del Hospital de Cochrane, este tipo de acciones validan este mecanismo de atenci\u00f3n \u201cla llegada de la especialidad de endodoncia a Cochrane a trav\u00e9s del operativo, es una muestra m\u00e1s de la continuidad que queremos darle a la atenci\u00f3n de los usuarios dentro de la comuna. Se plante\u00f3 desde un comienzo la importancia de que el usuario pueda verse en su localidad evitando los traslados a Coyhaique\u201d.<\/p>\n<p style=\"text-align: justify;\">Respecto de la especialidad, la odont\u00f3loga es enf\u00e1tica en se\u00f1alar que la \u201cendodoncia es una de las necesidades m\u00e1s frecuentes, nos permite validarnos y medirnos como equipo, ver los beneficios, los costos asociados, sacando finalmente buenas conclusiones; del mismo modo,\u00a0 darnos cuenta de que es un buen mecanismo de atenci\u00f3n que adem\u00e1s nos mantiene vigentes con la especialidad, mantener el v\u00ednculo con los colegas especialistas, mejorar habilidades, competencias y sin duda es un tremendo beneficio para los usuarios, incorporando a los que tienen a\u00fan mayor desventajas por el territorio que habitan, de acceder a este tipo de tratamientos\u201d.<\/p>\n<p style=\"text-align: justify;\"><strong>La especialista.<\/strong><\/p>\n<p style=\"text-align: justify;\">Para la realizaci\u00f3n del operativo, Ana Mar\u00eda Hormaz\u00e1bal, endodoncista del Servicio Dental del Hospital Regional Coyhaique, junto a una TONS, atendieron a un total de 24 usuarios, lo que fue realzado por la profesional, \u00a0\u201cfue un operativo que result\u00f3 muy bien organizado por el Hospital de Cochrane, hubo pacientes provenientes desde Caleta Tortel, Puerto Guadal y de Cochrane, los que ya hab\u00edan sido citados en el Hospital Regional Coyhaique y no se hab\u00edan presentado a su atenci\u00f3n por la dificultad que significaba viajar. El nuevo Hospital es precioso, los box son amplios, los equipos est\u00e1n nuevos y las doctoras, se preocuparon de coordinar bien la asistencia de los pacientes y la toma de radiograf\u00edas como apoyo y las asistentes estaban dispuestas a mostrarnos d\u00f3nde estaban todas las cosas. Entonces result\u00f3 todo muy bien, por lo que quedamos con el compromiso de volver probablemente en marzo\u201d.<\/p>\n<p style=\"text-align: justify;\">Respecto del alcance de la resolutividad que se logr\u00f3 con el operativo, Hormaz\u00e1bal se\u00f1al\u00f3 que \u201cla mayor\u00eda de los pacientes que estaban en condiciones, fueron dados de alta y a otros, se les agend\u00f3 hora en el Hospital Regional Coyhaique, para su segundo control, para terminar el tratamiento quedando un solo paciente pendiente\u201d, detall\u00f3.<\/p>\n<p style=\"text-align: justify;\">Los equipos de salud se siguen coordinando para la realizaci\u00f3n de nuevos procedimientos y operativos acercando las prestaciones a usuarios de la zona sur.<\/p>\n<\/div><\/section><\/div><div  style='height:50px' class='hr hr-invisible   avia-builder-el-6  el_after_av_one_full  el_before_av_social_share '><span class='hr-inner ' ><span class='hr-inner-style'><\/span><\/span><\/div><\/p>\n<div  class='av-social-sharing-box  avia-builder-el-7  el_after_av_hr  el_before_av_hr  '><div class='av-share-box'><h5 class='av-share-link-description av-no-toc '>Compartir esta noticia<\/h5><ul class='av-share-box-list noLightbox'><li class='av-share-link av-social-link-facebook' ><a target=\"_blank\" aria-label=\"Compartir en Facebook\" href='https:\/\/www.facebook.com\/sharer.php?u=https:\/\/radiorevelacionfm.cl\/?p=12131&#038;t=Usuarios%20de%20la%20zona%20sur%20en%20la%20regi%C3%B3n%20fueron%20beneficiados%20con%20operativo%20de%20endodoncia' aria-hidden='false' data-av_icon='\ue8f3' data-av_iconfont='entypo-fontello' title='' data-avia-related-tooltip='Compartir en Facebook' rel=\"noopener\"><span class='avia_hidden_link_text'>Compartir en Facebook<\/span><\/a><\/li><li class='av-share-link av-social-link-twitter' ><a target=\"_blank\" aria-label=\"Compartir en Twitter\" href='https:\/\/twitter.com\/share?text=Usuarios%20de%20la%20zona%20sur%20en%20la%20regi%C3%B3n%20fueron%20beneficiados%20con%20operativo%20de%20endodoncia&#038;url=https:\/\/radiorevelacionfm.cl\/?p=12131' aria-hidden='false' data-av_icon='\ue8f1' data-av_iconfont='entypo-fontello' title='' data-avia-related-tooltip='Compartir en Twitter' rel=\"noopener\"><span class='avia_hidden_link_text'>Compartir en Twitter<\/span><\/a><\/li><li class='av-share-link av-social-link-whatsapp' ><a target=\"_blank\" aria-label=\"Compartir en Whatsapp\" href='https:\/\/api.whatsapp.com\/send?text=https:\/\/radiorevelacionfm.cl\/?p=12131' aria-hidden='false' data-av_icon='\uf232' data-av_iconfont='entypo-fontello' title='' data-avia-related-tooltip='Compartir en Whatsapp' rel=\"noopener\"><span class='avia_hidden_link_text'>Compartir en Whatsapp<\/span><\/a><\/li><li class='av-share-link av-social-link-linkedin' ><a target=\"_blank\" aria-label=\"Compartir en LinkedIn\" href='https:\/\/linkedin.com\/shareArticle?mini=true&#038;title=Usuarios%20de%20la%20zona%20sur%20en%20la%20regi%C3%B3n%20fueron%20beneficiados%20con%20operativo%20de%20endodoncia&#038;url=https:\/\/radiorevelacionfm.cl\/?p=12131' aria-hidden='false' data-av_icon='\ue8fc' data-av_iconfont='entypo-fontello' title='' data-avia-related-tooltip='Compartir en LinkedIn' rel=\"noopener\"><span class='avia_hidden_link_text'>Compartir en LinkedIn<\/span><\/a><\/li><li class='av-share-link av-social-link-mail' ><a  aria-label=\"Compartir por correo\" href='mailto:?subject=Usuarios%20de%20la%20zona%20sur%20en%20la%20regi%C3%B3n%20fueron%20beneficiados%20con%20operativo%20de%20endodoncia&#038;body=https:\/\/radiorevelacionfm.cl\/?p=12131' aria-hidden='false' data-av_icon='\ue805' data-av_iconfont='entypo-fontello' title='' data-avia-related-tooltip='Compartir por correo'><span class='avia_hidden_link_text'>Compartir por correo<\/span><\/a><\/li><\/ul><\/div><\/div>\n<div  style='height:50px' class='hr hr-invisible   avia-builder-el-8  el_after_av_social_share  el_before_av_comments_list '><span class='hr-inner ' ><span class='hr-inner-style'><\/span><\/span><\/div>\n<div  class='av-buildercomment  av-blog-meta-html-info-disabled av-blog-meta-tag-disabled  '><\/div>\n","protected":false},"excerpt":{"rendered":"","protected":false},"author":1,"featured_media":12132,"comment_status":"open","ping_status":"open","sticky":false,"template":"","format":"standard","meta":{"footnotes":""},"categories":[46],"tags":[],"class_list":["post-12131","post","type-post","status-publish","format-standard","has-post-thumbnail","hentry","category-salud"],"jetpack_featured_media_url":"https:\/\/radiorevelacionfm.cl\/wp-content\/uploads\/2021\/12\/IMG-20211215-WA0024-2.jpg","_links":{"self":[{"href":"https:\/\/radiorevelacionfm.cl\/index.php?rest_route=\/wp\/v2\/posts\/12131","targetHints":{"allow":["GET"]}}],"collection":[{"href":"https:\/\/radiorevelacionfm.cl\/index.php?rest_route=\/wp\/v2\/posts"}],"about":[{"href":"https:\/\/radiorevelacionfm.cl\/index.php?rest_route=\/wp\/v2\/types\/post"}],"author":[{"embeddable":true,"href":"https:\/\/radiorevelacionfm.cl\/index.php?rest_route=\/wp\/v2\/users\/1"}],"replies":[{"embeddable":true,"href":"https:\/\/radiorevelacionfm.cl\/index.php?rest_route=%2Fwp%2Fv2%2Fcomments&post=12131"}],"version-history":[{"count":2,"href":"https:\/\/radiorevelacionfm.cl\/index.php?rest_route=\/wp\/v2\/posts\/12131\/revisions"}],"predecessor-version":[{"id":12146,"href":"https:\/\/radiorevelacionfm.cl\/index.php?rest_route=\/wp\/v2\/posts\/12131\/revisions\/12146"}],"wp:featuredmedia":[{"embeddable":true,"href":"https:\/\/radiorevelacionfm.cl\/index.php?rest_route=\/wp\/v2\/media\/12132"}],"wp:attachment":[{"href":"https:\/\/radiorevelacionfm.cl\/index.php?rest_route=%2Fwp%2Fv2%2Fmedia&parent=12131"}],"wp:term":[{"taxonomy":"category","embeddable":true,"href":"https:\/\/radiorevelacionfm.cl\/index.php?rest_route=%2Fwp%2Fv2%2Fcategories&post=12131"},{"taxonomy":"post_tag","embeddable":true,"href":"https:\/\/radiorevelacionfm.cl\/index.php?rest_route=%2Fwp%2Fv2%2Ftags&post=12131"}],"curies":[{"name":"wp","href":"https:\/\/api.w.org\/{rel}","templated":true}]}}