{"id":12128,"date":"2021-12-21T18:14:11","date_gmt":"2021-12-21T21:14:11","guid":{"rendered":"https:\/\/radiorevelacionfm.cl\/?p=12128"},"modified":"2021-12-21T18:14:11","modified_gmt":"2021-12-21T21:14:11","slug":"decretan-arraigo-nacional-para-magistrada-de-coyhaique-imputada-por-prevaricacion-y-revelacion-de-secreto","status":"publish","type":"post","link":"https:\/\/radiorevelacionfm.cl\/?p=12128","title":{"rendered":"Decretan arraigo nacional para magistrada de Coyhaique imputada por prevaricaci\u00f3n y revelaci\u00f3n de secreto"},"content":{"rendered":"<div class=\"flex_column av_one_full  flex_column_div av-zero-column-padding first  avia-builder-el-0  el_before_av_one_full  avia-builder-el-first  \" style='border-radius:0px; '><div  class='avia-image-container  av-styling-    avia-builder-el-1  avia-builder-el-no-sibling  avia-align-center '  itemprop=\"image\" itemscope=\"itemscope\" itemtype=\"https:\/\/schema.org\/ImageObject\"  ><div class='avia-image-container-inner'><div class='avia-image-overlay-wrap'><img decoding=\"async\" class='wp-image-8084 avia-img-lazy-loading-not-8084 avia_image' src=\"https:\/\/radiorevelacionfm.cl\/wp-content\/uploads\/2021\/08\/Magistrada-Cecilia-Urbina-1-1.jpg\" alt='' title='Magistrada Cecilia Urbina (1) (1)' height=\"600\" width=\"1051\"  itemprop=\"thumbnailUrl\" srcset=\"https:\/\/radiorevelacionfm.cl\/wp-content\/uploads\/2021\/08\/Magistrada-Cecilia-Urbina-1-1.jpg 1051w, https:\/\/radiorevelacionfm.cl\/wp-content\/uploads\/2021\/08\/Magistrada-Cecilia-Urbina-1-1-300x171.jpg 300w, https:\/\/radiorevelacionfm.cl\/wp-content\/uploads\/2021\/08\/Magistrada-Cecilia-Urbina-1-1-1030x588.jpg 1030w, https:\/\/radiorevelacionfm.cl\/wp-content\/uploads\/2021\/08\/Magistrada-Cecilia-Urbina-1-1-768x438.jpg 768w, https:\/\/radiorevelacionfm.cl\/wp-content\/uploads\/2021\/08\/Magistrada-Cecilia-Urbina-1-1-705x402.jpg 705w, https:\/\/radiorevelacionfm.cl\/wp-content\/uploads\/2021\/08\/Magistrada-Cecilia-Urbina-1-1-600x343.jpg 600w\" sizes=\"(max-width: 1051px) 100vw, 1051px\" \/><\/div><\/div><\/div><\/div><div class=\"flex_column av_one_full  flex_column_div av-zero-column-padding first  avia-builder-el-2  el_after_av_one_full  el_before_av_one_full  column-top-margin\" style='border-radius:0px; '><section class=\"av_textblock_section \"  itemscope=\"itemscope\" itemtype=\"https:\/\/schema.org\/BlogPosting\" itemprop=\"blogPost\" ><div class='avia_textblock  '   itemprop=\"text\" ><p style=\"text-align: center;\"><strong><span style=\"font-size: 18pt;\">Decretan arraigo nacional para magistrada de Coyhaique imputada por prevaricaci\u00f3n y revelaci\u00f3n de secreto<\/span><\/strong><\/p>\n<div id=\"gtx-trans\" style=\"position: absolute; left: -50px; top: 4.31534px;\">\n<div class=\"gtx-trans-icon\"><\/div>\n<\/div>\n<\/div><\/section><\/div><div class=\"flex_column av_one_full  flex_column_div av-zero-column-padding first  avia-builder-el-4  el_after_av_one_full  el_before_av_hr  column-top-margin\" style='border-radius:0px; '><section class=\"av_textblock_section \"  itemscope=\"itemscope\" itemtype=\"https:\/\/schema.org\/BlogPosting\" itemprop=\"blogPost\" ><div class='avia_textblock  '   itemprop=\"text\" ><p class=\"v1MsoNormal\" style=\"text-align: justify;\">El Juzgado de Garant\u00eda de Coyhaique dej\u00f3 hoy \u2013martes 21 de diciembre\u2013 sujeta a la medida cautelar de arraigo nacional a jueza, imputada por el Ministerio P\u00fablico como autora de los delitos de prevaricaci\u00f3n y revelaci\u00f3n de secreto. Il\u00edcitos que habr\u00eda perpetrado durante 2020 y 2021, en la ciudad.<\/p>\n<p class=\"v1MsoNormal\" style=\"text-align: justify;\">En la audiencia de formalizaci\u00f3n (causa rol 1.539-2021), el juez Juan Silva Pedreros acogi\u00f3 la medida cautelar de prohibici\u00f3n de salir del pa\u00eds de la imputada, solicitada por el ente persecutor, pero deneg\u00f3 la imposici\u00f3n de la prohibici\u00f3n de acercarse al tribunal o contactarse con funcionarios, debido a que la magistrada se encuentra suspendida de funciones.\u00a0Adem\u00e1s, fij\u00f3 en\u00a060 d\u00edas\u00a0el plazo de investigaci\u00f3n.<\/p>\n<p class=\"v1MsoNormal\" style=\"text-align: justify;\">En la causa, J.J.C.O., c\u00f3nyuge de la jueza, qued\u00f3 sujeto a la misma medida cautelar de prohibici\u00f3n de salir del pa\u00eds, por su responsabilidad, en calidad de autor, en el delito consumado de revelaci\u00f3n de secreto.<\/p>\n<p class=\"v1MsoNormal\" style=\"text-align: justify;\">Seg\u00fan el ente persecutor, desde 2018 se tramita en el Juzgado de Garant\u00eda de Coyhaique una investigaci\u00f3n por el delito de tr\u00e1fico de drogas. A enero de 2021, dicha indagatoria ten\u00eda el car\u00e1cter de reservada respecto de varias aristas, entre ellas la que involucra a un hijo de J.J.C.O., respecto de quien se solicit\u00f3 la medida intrusiva de interceptaci\u00f3n telef\u00f3nica.<\/p>\n<p class=\"v1MsoNormal\" style=\"text-align: justify;\">En dicho contexto, antes del 3 de febrero de 2021, la imputada, en su calidad de jueza titular del Juzgado de Garant\u00eda de Coyhaique, relev\u00f3 a su c\u00f3nyuge J.J.C.O. la existencia de la causa en que se indagaba a su hijo, la cual estaba bajo reserva. Informaci\u00f3n que en una fecha no determinada, pero despu\u00e9s del 27 de enero y antes del 3 de febrero de 2021, J.J.C.O. traspas\u00f3 a su hijo, quien al tomar conocimiento que se le investigaba por el delito de tr\u00e1fico\u00a0 de drogas y que su tel\u00e9fono m\u00f3vil hab\u00eda sido interceptado, se deshizo del aparato celular.<\/p>\n<p class=\"v1MsoNormal\" style=\"text-align: justify;\">En tanto, seg\u00fan el Ministerio P\u00fablico, el 12 de julio de 2021, la imputada tom\u00f3 contacto con un abogado, a quien inform\u00f3 de la existencia de la causa por el delito de tr\u00e1fico de drogas, cuya tramitaci\u00f3n ten\u00eda el car\u00e1cter reservada o secreta, a dicha fecha.<\/p>\n<\/div><\/section><\/div><div  style='height:50px' class='hr hr-invisible   avia-builder-el-6  el_after_av_one_full  el_before_av_social_share '><span class='hr-inner ' ><span class='hr-inner-style'><\/span><\/span><\/div><\/p>\n<div  class='av-social-sharing-box  avia-builder-el-7  el_after_av_hr  el_before_av_hr  '><div class='av-share-box'><h5 class='av-share-link-description av-no-toc '>Compartir esta noticia<\/h5><ul class='av-share-box-list noLightbox'><li class='av-share-link av-social-link-facebook' ><a target=\"_blank\" aria-label=\"Compartir en Facebook\" href='https:\/\/www.facebook.com\/sharer.php?u=https:\/\/radiorevelacionfm.cl\/?p=12128&#038;t=Decretan%20arraigo%20nacional%20para%20magistrada%20de%20Coyhaique%20imputada%20por%20prevaricaci%C3%B3n%20y%20revelaci%C3%B3n%20de%20secreto' aria-hidden='false' data-av_icon='\ue8f3' data-av_iconfont='entypo-fontello' title='' data-avia-related-tooltip='Compartir en Facebook' rel=\"noopener\"><span class='avia_hidden_link_text'>Compartir en Facebook<\/span><\/a><\/li><li class='av-share-link av-social-link-twitter' ><a target=\"_blank\" aria-label=\"Compartir en Twitter\" href='https:\/\/twitter.com\/share?text=Decretan%20arraigo%20nacional%20para%20magistrada%20de%20Coyhaique%20imputada%20por%20prevaricaci%C3%B3n%20y%20revelaci%C3%B3n%20de%20secreto&#038;url=https:\/\/radiorevelacionfm.cl\/?p=12128' aria-hidden='false' data-av_icon='\ue8f1' data-av_iconfont='entypo-fontello' title='' data-avia-related-tooltip='Compartir en Twitter' rel=\"noopener\"><span class='avia_hidden_link_text'>Compartir en Twitter<\/span><\/a><\/li><li class='av-share-link av-social-link-whatsapp' ><a target=\"_blank\" aria-label=\"Compartir en Whatsapp\" href='https:\/\/api.whatsapp.com\/send?text=https:\/\/radiorevelacionfm.cl\/?p=12128' aria-hidden='false' data-av_icon='\uf232' data-av_iconfont='entypo-fontello' title='' data-avia-related-tooltip='Compartir en Whatsapp' rel=\"noopener\"><span class='avia_hidden_link_text'>Compartir en Whatsapp<\/span><\/a><\/li><li class='av-share-link av-social-link-linkedin' ><a target=\"_blank\" aria-label=\"Compartir en LinkedIn\" href='https:\/\/linkedin.com\/shareArticle?mini=true&#038;title=Decretan%20arraigo%20nacional%20para%20magistrada%20de%20Coyhaique%20imputada%20por%20prevaricaci%C3%B3n%20y%20revelaci%C3%B3n%20de%20secreto&#038;url=https:\/\/radiorevelacionfm.cl\/?p=12128' aria-hidden='false' data-av_icon='\ue8fc' data-av_iconfont='entypo-fontello' title='' data-avia-related-tooltip='Compartir en LinkedIn' rel=\"noopener\"><span class='avia_hidden_link_text'>Compartir en LinkedIn<\/span><\/a><\/li><li class='av-share-link av-social-link-mail' ><a  aria-label=\"Compartir por correo\" href='mailto:?subject=Decretan%20arraigo%20nacional%20para%20magistrada%20de%20Coyhaique%20imputada%20por%20prevaricaci%C3%B3n%20y%20revelaci%C3%B3n%20de%20secreto&#038;body=https:\/\/radiorevelacionfm.cl\/?p=12128' aria-hidden='false' data-av_icon='\ue805' data-av_iconfont='entypo-fontello' title='' data-avia-related-tooltip='Compartir por correo'><span class='avia_hidden_link_text'>Compartir por correo<\/span><\/a><\/li><\/ul><\/div><\/div>\n<div  style='height:50px' class='hr hr-invisible   avia-builder-el-8  el_after_av_social_share  el_before_av_comments_list '><span class='hr-inner ' ><span class='hr-inner-style'><\/span><\/span><\/div>\n<div  class='av-buildercomment  av-blog-meta-html-info-disabled av-blog-meta-tag-disabled  '><\/div>\n","protected":false},"excerpt":{"rendered":"","protected":false},"author":1,"featured_media":8084,"comment_status":"open","ping_status":"open","sticky":false,"template":"","format":"standard","meta":{"footnotes":""},"categories":[55],"tags":[],"class_list":["post-12128","post","type-post","status-publish","format-standard","has-post-thumbnail","hentry","category-justicia"],"jetpack_featured_media_url":"https:\/\/radiorevelacionfm.cl\/wp-content\/uploads\/2021\/08\/Magistrada-Cecilia-Urbina-1-1.jpg","_links":{"self":[{"href":"https:\/\/radiorevelacionfm.cl\/index.php?rest_route=\/wp\/v2\/posts\/12128","targetHints":{"allow":["GET"]}}],"collection":[{"href":"https:\/\/radiorevelacionfm.cl\/index.php?rest_route=\/wp\/v2\/posts"}],"about":[{"href":"https:\/\/radiorevelacionfm.cl\/index.php?rest_route=\/wp\/v2\/types\/post"}],"author":[{"embeddable":true,"href":"https:\/\/radiorevelacionfm.cl\/index.php?rest_route=\/wp\/v2\/users\/1"}],"replies":[{"embeddable":true,"href":"https:\/\/radiorevelacionfm.cl\/index.php?rest_route=%2Fwp%2Fv2%2Fcomments&post=12128"}],"version-history":[{"count":2,"href":"https:\/\/radiorevelacionfm.cl\/index.php?rest_route=\/wp\/v2\/posts\/12128\/revisions"}],"predecessor-version":[{"id":12130,"href":"https:\/\/radiorevelacionfm.cl\/index.php?rest_route=\/wp\/v2\/posts\/12128\/revisions\/12130"}],"wp:featuredmedia":[{"embeddable":true,"href":"https:\/\/radiorevelacionfm.cl\/index.php?rest_route=\/wp\/v2\/media\/8084"}],"wp:attachment":[{"href":"https:\/\/radiorevelacionfm.cl\/index.php?rest_route=%2Fwp%2Fv2%2Fmedia&parent=12128"}],"wp:term":[{"taxonomy":"category","embeddable":true,"href":"https:\/\/radiorevelacionfm.cl\/index.php?rest_route=%2Fwp%2Fv2%2Fcategories&post=12128"},{"taxonomy":"post_tag","embeddable":true,"href":"https:\/\/radiorevelacionfm.cl\/index.php?rest_route=%2Fwp%2Fv2%2Ftags&post=12128"}],"curies":[{"name":"wp","href":"https:\/\/api.w.org\/{rel}","templated":true}]}}