{"id":12124,"date":"2021-12-21T17:48:05","date_gmt":"2021-12-21T20:48:05","guid":{"rendered":"https:\/\/radiorevelacionfm.cl\/?p=12124"},"modified":"2021-12-21T17:48:05","modified_gmt":"2021-12-21T20:48:05","slug":"jovenes-de-chile-chico-desarrollan-idea-de-innovacion-social-a-traves-de-tecnologia-3d-apoyados-por-injuv","status":"publish","type":"post","link":"https:\/\/radiorevelacionfm.cl\/?p=12124","title":{"rendered":"J\u00f3venes de Chile Chico desarrollan idea de innovaci\u00f3n social a trav\u00e9s de tecnolog\u00eda 3D apoyados por INJUV"},"content":{"rendered":"<div class=\"flex_column av_one_full  flex_column_div av-zero-column-padding first  avia-builder-el-0  el_before_av_one_full  avia-builder-el-first  \" style='border-radius:0px; '><div  class='avia-image-container  av-styling-    avia-builder-el-1  avia-builder-el-no-sibling  avia-align-center '  itemprop=\"image\" itemscope=\"itemscope\" itemtype=\"https:\/\/schema.org\/ImageObject\"  ><div class='avia-image-container-inner'><div class='avia-image-overlay-wrap'><img decoding=\"async\" class='wp-image-12125 avia-img-lazy-loading-not-12125 avia_image' src=\"https:\/\/radiorevelacionfm.cl\/wp-content\/uploads\/2021\/12\/Foto-1-3-2-2.jpg\" alt='' title='Foto 1-3-2-2' height=\"600\" width=\"800\"  itemprop=\"thumbnailUrl\" srcset=\"https:\/\/radiorevelacionfm.cl\/wp-content\/uploads\/2021\/12\/Foto-1-3-2-2.jpg 800w, https:\/\/radiorevelacionfm.cl\/wp-content\/uploads\/2021\/12\/Foto-1-3-2-2-300x225.jpg 300w, https:\/\/radiorevelacionfm.cl\/wp-content\/uploads\/2021\/12\/Foto-1-3-2-2-768x576.jpg 768w, https:\/\/radiorevelacionfm.cl\/wp-content\/uploads\/2021\/12\/Foto-1-3-2-2-705x529.jpg 705w, https:\/\/radiorevelacionfm.cl\/wp-content\/uploads\/2021\/12\/Foto-1-3-2-2-600x450.jpg 600w\" sizes=\"(max-width: 800px) 100vw, 800px\" \/><\/div><\/div><\/div><\/div><div class=\"flex_column av_one_full  flex_column_div av-zero-column-padding first  avia-builder-el-2  el_after_av_one_full  el_before_av_one_full  column-top-margin\" style='border-radius:0px; '><section class=\"av_textblock_section \"  itemscope=\"itemscope\" itemtype=\"https:\/\/schema.org\/BlogPosting\" itemprop=\"blogPost\" ><div class='avia_textblock  '   itemprop=\"text\" ><p style=\"text-align: center;\"><strong><span style=\"font-size: 18pt;\">J\u00f3venes de Chile Chico desarrollan idea de innovaci\u00f3n social a trav\u00e9s de tecnolog\u00eda 3D apoyados por INJUV<\/span><\/strong><\/p>\n<div id=\"gtx-trans\" style=\"position: absolute; left: -50px; top: 4.31534px;\">\n<div class=\"gtx-trans-icon\"><\/div>\n<\/div>\n<\/div><\/section><\/div><div class=\"flex_column av_one_full  flex_column_div av-zero-column-padding first  avia-builder-el-4  el_after_av_one_full  el_before_av_hr  column-top-margin\" style='border-radius:0px; '><section class=\"av_textblock_section \"  itemscope=\"itemscope\" itemtype=\"https:\/\/schema.org\/BlogPosting\" itemprop=\"blogPost\" ><div class='avia_textblock  '   itemprop=\"text\" ><p style=\"text-align: justify;\">Con el objetivo de fomentar la participaci\u00f3n de los j\u00f3venes y entregarles las herramientas para que generen cambios que sus entornos necesitan, el Instituto Nacional de la Juventud (INJUV) est\u00e1 desarrollando su programa Creamos, espacio dirigido a j\u00f3venes interesados en generar cambios a peque\u00f1a o mediana escala proponiendo ideas innovadoras para problemas que afecten a su comunidad.<\/p>\n<p style=\"text-align: justify;\">Todo esto a trav\u00e9s de la innovaci\u00f3n social: una forma de generar valor para la sociedad a trav\u00e9s de un producto, servicio o proceso novedoso que responda a una necesidad. Por eso este programa no est\u00e1 dirigido a emprendimientos con fines comerciales.<\/p>\n<p style=\"text-align: justify;\">Es por ello que j\u00f3venes de la comuna de Chile Chico se encuentran participando el el proyecto ConectAys\u00e9n <a href=\"http:\/\/conectaysen.cl\/\">http:\/\/conectaysen.cl<\/a> que ya se encuentra siendo ejecutado por dos j\u00f3venes de la ciudad del sol y que consiste en desarrollar talleres te\u00f3rico-pr\u00e1ctico distribuidos en distintos m\u00f3dulos que trabajan en nivel horizontal, con el objetivo de promover la participaci\u00f3n comunitaria y social respondiendo a las necesidades identificadas por medio de la entrega de productos 3D desarrollados por los beneficiarios. Todo el proceso de creaci\u00f3n involucra el uso de recursos digitales y anal\u00f3gicos, los procesos de aprendizaje se apoyan por medio de tecnolog\u00eda de impresi\u00f3n 3D, software de edici\u00f3n y arquitectura 3D.<\/p>\n<p style=\"text-align: justify;\">\u201cComo INJUV estamos convencidos que una juventud activa y participativa es clave para fortalecer el tejido social. El objetivo del programa Creamos es entregar herramientas a los j\u00f3venes que tienen ideas o quieran potenciar sus habilidades de liderazgo y que quieran lograr un cambio real, tanto a nivel local o macro. Felicitamos a los j\u00f3venes de Chile Chico por su compromiso y tambi\u00e9n entusiasmo para participar y desarrollar este interesante proyecto. Invitamos a nuestra comunidad juvenil regional a informarse a trav\u00e9s de nuestras redes sociales, Fan Page, Instagram y Twitter @injuvaysen de las distintas actividades que nos encontramos realizando como servicio, enfocadas especialmente para nuestros j\u00f3venes ayseninos\u201d, se\u00f1al\u00f3 la directora regional (s) de INJUV Ays\u00e9n, G\u00e9nesis Arias Fuentes.<\/p>\n<p style=\"text-align: justify;\">\u00c1lvaro Vergara, joven integrante del proyecto ConectAys\u00e9n sostuvo que \u201cme siento bastante feliz y esperanzado con todos estos cambios positivos ocurridos en la comuna y el pa\u00eds estos d\u00edas. El taller que desarrollamos junto a Mat\u00edas Vergara es un espacio innovador en donde quienes participen, tienen la gran oportunidad de crear y experimentar a trav\u00e9s de herramientas innovadoras como la impresi\u00f3n 3D. Contamos con el apoyo de instituciones como JUNJI, con la directora Ingrid Andrade y Sharon Millaguin Valverde t\u00e9cnico en educaci\u00f3n parvularia del jard\u00edn infantil Rayito de Sol con las que se est\u00e1n desarrollando diversos materiales did\u00e1cticos y EPP utilizados por la instituci\u00f3n, as\u00ed como con la Municipalidad de Chile Chico quienes a trav\u00e9s de sus departamentos DIDECO y la iniciativa inclusiva EDLI, han facilitado una sala multimedial para la instalaci\u00f3n de las maquinas. De igual forma se agradece a las diferentes personas y locales comerciales que han apoyado en la difusi\u00f3n de este taller en la comunidad\u201d.<\/p>\n<p style=\"text-align: justify;\">En la misma l\u00ednea, Vergara indic\u00f3 que \u201cdesde el primer acercamiento con los j\u00f3venes participantes hemos sentido una aprobaci\u00f3n, recibimos de inmediato inter\u00e9s en querer concretar la impresi\u00f3n de un objeto, cosa en la que ya estamos trabajando, tambi\u00e9n invitaron a sus amigos al taller y eso es bueno para nosotros ya que a\u00fan nos encontramos en etapa de inscripci\u00f3n, estamos muy contentos por todo eso. Durante esta semana ya hemos tenido la oportunidad de explicar un par de nociones b\u00e1sicas, informar consentimientos, organizar horarios con los participantes y adelantar un par de objetos que nos pidieron fabricar\u201d.<\/p>\n<p style=\"text-align: justify;\">Camilo Hern\u00e1ndez, joven participante y beneficiario destac\u00f3 la iniciativa de INJUV e indic\u00f3 que \u201cestoy bastante contento con los talleres que se est\u00e1n realizando en Chile Chico, los j\u00f3venes de ac\u00e1 no tenemos este tipo de instancias para participar, innovadoras porque tambi\u00e9n permite el acceso y conocer nuevas tecnolog\u00edas, espero que se sigan desarrollando este tipo de ideas en localidades y comunas m\u00e1s apartadas\u201d.<\/p>\n<\/div><\/section><\/div><div  style='height:50px' class='hr hr-invisible   avia-builder-el-6  el_after_av_one_full  el_before_av_social_share '><span class='hr-inner ' ><span class='hr-inner-style'><\/span><\/span><\/div><\/p>\n<div  class='av-social-sharing-box  avia-builder-el-7  el_after_av_hr  el_before_av_hr  '><div class='av-share-box'><h5 class='av-share-link-description av-no-toc '>Compartir esta noticia<\/h5><ul class='av-share-box-list noLightbox'><li class='av-share-link av-social-link-facebook' ><a target=\"_blank\" aria-label=\"Compartir en Facebook\" href='https:\/\/www.facebook.com\/sharer.php?u=https:\/\/radiorevelacionfm.cl\/?p=12124&#038;t=J%C3%B3venes%20de%20Chile%20Chico%20desarrollan%20idea%20de%20innovaci%C3%B3n%20social%20a%20trav%C3%A9s%20de%20tecnolog%C3%ADa%203D%20apoyados%20por%20INJUV' aria-hidden='false' data-av_icon='\ue8f3' data-av_iconfont='entypo-fontello' title='' data-avia-related-tooltip='Compartir en Facebook' rel=\"noopener\"><span class='avia_hidden_link_text'>Compartir en Facebook<\/span><\/a><\/li><li class='av-share-link av-social-link-twitter' ><a target=\"_blank\" aria-label=\"Compartir en Twitter\" href='https:\/\/twitter.com\/share?text=J%C3%B3venes%20de%20Chile%20Chico%20desarrollan%20idea%20de%20innovaci%C3%B3n%20social%20a%20trav%C3%A9s%20de%20tecnolog%C3%ADa%203D%20apoyados%20por%20INJUV&#038;url=https:\/\/radiorevelacionfm.cl\/?p=12124' aria-hidden='false' data-av_icon='\ue8f1' data-av_iconfont='entypo-fontello' title='' data-avia-related-tooltip='Compartir en Twitter' rel=\"noopener\"><span class='avia_hidden_link_text'>Compartir en Twitter<\/span><\/a><\/li><li class='av-share-link av-social-link-whatsapp' ><a target=\"_blank\" aria-label=\"Compartir en Whatsapp\" href='https:\/\/api.whatsapp.com\/send?text=https:\/\/radiorevelacionfm.cl\/?p=12124' aria-hidden='false' data-av_icon='\uf232' data-av_iconfont='entypo-fontello' title='' data-avia-related-tooltip='Compartir en Whatsapp' rel=\"noopener\"><span class='avia_hidden_link_text'>Compartir en Whatsapp<\/span><\/a><\/li><li class='av-share-link av-social-link-linkedin' ><a target=\"_blank\" aria-label=\"Compartir en LinkedIn\" href='https:\/\/linkedin.com\/shareArticle?mini=true&#038;title=J%C3%B3venes%20de%20Chile%20Chico%20desarrollan%20idea%20de%20innovaci%C3%B3n%20social%20a%20trav%C3%A9s%20de%20tecnolog%C3%ADa%203D%20apoyados%20por%20INJUV&#038;url=https:\/\/radiorevelacionfm.cl\/?p=12124' aria-hidden='false' data-av_icon='\ue8fc' data-av_iconfont='entypo-fontello' title='' data-avia-related-tooltip='Compartir en LinkedIn' rel=\"noopener\"><span class='avia_hidden_link_text'>Compartir en LinkedIn<\/span><\/a><\/li><li class='av-share-link av-social-link-mail' ><a  aria-label=\"Compartir por correo\" href='mailto:?subject=J%C3%B3venes%20de%20Chile%20Chico%20desarrollan%20idea%20de%20innovaci%C3%B3n%20social%20a%20trav%C3%A9s%20de%20tecnolog%C3%ADa%203D%20apoyados%20por%20INJUV&#038;body=https:\/\/radiorevelacionfm.cl\/?p=12124' aria-hidden='false' data-av_icon='\ue805' data-av_iconfont='entypo-fontello' title='' data-avia-related-tooltip='Compartir por correo'><span class='avia_hidden_link_text'>Compartir por correo<\/span><\/a><\/li><\/ul><\/div><\/div>\n<div  style='height:50px' class='hr hr-invisible   avia-builder-el-8  el_after_av_social_share  el_before_av_comments_list '><span class='hr-inner ' ><span class='hr-inner-style'><\/span><\/span><\/div>\n<div  class='av-buildercomment  av-blog-meta-html-info-disabled av-blog-meta-tag-disabled  '><\/div>\n","protected":false},"excerpt":{"rendered":"","protected":false},"author":1,"featured_media":12125,"comment_status":"open","ping_status":"open","sticky":false,"template":"","format":"standard","meta":{"footnotes":""},"categories":[38],"tags":[],"class_list":["post-12124","post","type-post","status-publish","format-standard","has-post-thumbnail","hentry","category-regional"],"jetpack_featured_media_url":"https:\/\/radiorevelacionfm.cl\/wp-content\/uploads\/2021\/12\/Foto-1-3-2-2.jpg","_links":{"self":[{"href":"https:\/\/radiorevelacionfm.cl\/index.php?rest_route=\/wp\/v2\/posts\/12124","targetHints":{"allow":["GET"]}}],"collection":[{"href":"https:\/\/radiorevelacionfm.cl\/index.php?rest_route=\/wp\/v2\/posts"}],"about":[{"href":"https:\/\/radiorevelacionfm.cl\/index.php?rest_route=\/wp\/v2\/types\/post"}],"author":[{"embeddable":true,"href":"https:\/\/radiorevelacionfm.cl\/index.php?rest_route=\/wp\/v2\/users\/1"}],"replies":[{"embeddable":true,"href":"https:\/\/radiorevelacionfm.cl\/index.php?rest_route=%2Fwp%2Fv2%2Fcomments&post=12124"}],"version-history":[{"count":2,"href":"https:\/\/radiorevelacionfm.cl\/index.php?rest_route=\/wp\/v2\/posts\/12124\/revisions"}],"predecessor-version":[{"id":12127,"href":"https:\/\/radiorevelacionfm.cl\/index.php?rest_route=\/wp\/v2\/posts\/12124\/revisions\/12127"}],"wp:featuredmedia":[{"embeddable":true,"href":"https:\/\/radiorevelacionfm.cl\/index.php?rest_route=\/wp\/v2\/media\/12125"}],"wp:attachment":[{"href":"https:\/\/radiorevelacionfm.cl\/index.php?rest_route=%2Fwp%2Fv2%2Fmedia&parent=12124"}],"wp:term":[{"taxonomy":"category","embeddable":true,"href":"https:\/\/radiorevelacionfm.cl\/index.php?rest_route=%2Fwp%2Fv2%2Fcategories&post=12124"},{"taxonomy":"post_tag","embeddable":true,"href":"https:\/\/radiorevelacionfm.cl\/index.php?rest_route=%2Fwp%2Fv2%2Ftags&post=12124"}],"curies":[{"name":"wp","href":"https:\/\/api.w.org\/{rel}","templated":true}]}}