{"id":12120,"date":"2021-12-21T16:48:57","date_gmt":"2021-12-21T19:48:57","guid":{"rendered":"https:\/\/radiorevelacionfm.cl\/?p=12120"},"modified":"2021-12-21T16:48:57","modified_gmt":"2021-12-21T19:48:57","slug":"comision-de-formas-de-estado-de-la-convencion-constitucional-llega-a-sesionar-a-la-region-de-aysen","status":"publish","type":"post","link":"https:\/\/radiorevelacionfm.cl\/?p=12120","title":{"rendered":"Comisi\u00f3n de Formas de Estado de la Convenci\u00f3n Constitucional llega a sesionar a la regi\u00f3n de Ays\u00e9n"},"content":{"rendered":"<div class=\"flex_column av_one_full  flex_column_div av-zero-column-padding first  avia-builder-el-0  el_before_av_one_full  avia-builder-el-first  \" style='border-radius:0px; '><div  class='avia-image-container  av-styling-    avia-builder-el-1  avia-builder-el-no-sibling  avia-align-center '  itemprop=\"image\" itemscope=\"itemscope\" itemtype=\"https:\/\/schema.org\/ImageObject\"  ><div class='avia-image-container-inner'><div class='avia-image-overlay-wrap'><img decoding=\"async\" class='wp-image-12121 avia-img-lazy-loading-not-12121 avia_image' src=\"https:\/\/radiorevelacionfm.cl\/wp-content\/uploads\/2021\/12\/Captura-de-Pantalla-2021-12-21-a-las-16.40.30-2-2.jpg\" alt='' title='Captura de Pantalla 2021-12-21 a la(s) 16.40.30-2-2' height=\"600\" width=\"1285\"  itemprop=\"thumbnailUrl\" srcset=\"https:\/\/radiorevelacionfm.cl\/wp-content\/uploads\/2021\/12\/Captura-de-Pantalla-2021-12-21-a-las-16.40.30-2-2.jpg 1285w, https:\/\/radiorevelacionfm.cl\/wp-content\/uploads\/2021\/12\/Captura-de-Pantalla-2021-12-21-a-las-16.40.30-2-2-300x140.jpg 300w, https:\/\/radiorevelacionfm.cl\/wp-content\/uploads\/2021\/12\/Captura-de-Pantalla-2021-12-21-a-las-16.40.30-2-2-1030x481.jpg 1030w, https:\/\/radiorevelacionfm.cl\/wp-content\/uploads\/2021\/12\/Captura-de-Pantalla-2021-12-21-a-las-16.40.30-2-2-768x359.jpg 768w, https:\/\/radiorevelacionfm.cl\/wp-content\/uploads\/2021\/12\/Captura-de-Pantalla-2021-12-21-a-las-16.40.30-2-2-705x329.jpg 705w, https:\/\/radiorevelacionfm.cl\/wp-content\/uploads\/2021\/12\/Captura-de-Pantalla-2021-12-21-a-las-16.40.30-2-2-600x280.jpg 600w\" sizes=\"(max-width: 1285px) 100vw, 1285px\" \/><\/div><\/div><\/div><\/div><div class=\"flex_column av_one_full  flex_column_div av-zero-column-padding first  avia-builder-el-2  el_after_av_one_full  el_before_av_one_full  column-top-margin\" style='border-radius:0px; '><section class=\"av_textblock_section \"  itemscope=\"itemscope\" itemtype=\"https:\/\/schema.org\/BlogPosting\" itemprop=\"blogPost\" ><div class='avia_textblock  '   itemprop=\"text\" ><p style=\"text-align: center;\"><span style=\"font-size: 18pt;\"><b>Comisi\u00f3n de Formas de Estado de la Convenci\u00f3n Constitucional llega a sesionar a la regi\u00f3n de Ays\u00e9n <\/b><\/span><\/p>\n<div id=\"gtx-trans\" style=\"position: absolute; left: -50px; top: 4.31534px;\">\n<div class=\"gtx-trans-icon\"><\/div>\n<\/div>\n<\/div><\/section><\/div><div class=\"flex_column av_one_full  flex_column_div av-zero-column-padding first  avia-builder-el-4  el_after_av_one_full  el_before_av_hr  column-top-margin\" style='border-radius:0px; '><section class=\"av_textblock_section \"  itemscope=\"itemscope\" itemtype=\"https:\/\/schema.org\/BlogPosting\" itemprop=\"blogPost\" ><div class='avia_textblock  '   itemprop=\"text\" ><p style=\"text-align: justify;\">\u00abMuy bienvenidos bienvenidas a la regi\u00f3n de Ays\u00e9n, estoy aqu\u00ed para reafirmar nuestro compromiso y desear el mayor de los \u00e9xitos al espacio que comienza hoy\u00bb, empez\u00f3 se\u00f1alando la Gobernadora Regional Andrea Mac\u00edas Palma en el primer encuentro con la comunidad que se realiza en la regi\u00f3n junto a los representantes de la Convenci\u00f3n Constitucional.<\/p>\n<p style=\"text-align: justify;\">\u00abHoy d\u00eda somos las regiones, y sobre todo aquellas regiones m\u00e1s extremas, quienes tenemos mayores territorios en situaci\u00f3n de rezago, por lo que necesitamos conversar de c\u00f3mo queremos este nuevo Chile; de qu\u00e9 es lo que debe garantizar para nosotros la Constituci\u00f3n. Cuando uno tiene la oportunidad de salir a otras regiones del pa\u00eds y m\u00e1s a\u00fan a otros pa\u00edses, la verdad que de repente uno siente c\u00f3mo se vive aqu\u00ed la imposibilidad de desarrollo\u00bb, contin\u00fao la m\u00e1xima autoridad regional.<\/p>\n<p style=\"text-align: justify;\">\u00abDebemos mejorar nuestro trato con las regiones extremas, para que no sigamos pasando situaciones como, por ejemplo, cuando sabemos que el Hospital de Puerto Ays\u00e9n no podemos tener especialistas m\u00e9dicos porque resulta que la inversi\u00f3n p\u00fablica se mide costo beneficio, entonces en esa l\u00f3gica resulta que Ays\u00e9n no puede tener especialidad m\u00e9dica. Se suma Villa Amengual que no puede tener alcantarillado, en el litoral en Melinka no podemos tener el tema del agua, llevamos a\u00f1os con la Islas Huichas donde, justamente, ahora tienen agua hasta el 15 de enero. Por todo esto es fundamental que desde la Constituci\u00f3n se reconozca la diversidad de los territorios y que en funci\u00f3n de eso se mida, no puede ser, y lo hemos dicho muchas veces, que el lugar donde uno nace, el lugar donde uno vive, el lugar que uno elige para vivir, no puede condicionar tus oportunidades de desarrollo\u00bb, finaliz\u00f3 la m\u00e1xima autoridad regional que espera poder seguir siendo parte de las diversas actividades de la Convenci\u00f3n en la regi\u00f3n de Ays\u00e9n.<\/p>\n<\/div><\/section><\/div><div  style='height:50px' class='hr hr-invisible   avia-builder-el-6  el_after_av_one_full  el_before_av_social_share '><span class='hr-inner ' ><span class='hr-inner-style'><\/span><\/span><\/div><\/p>\n<div  class='av-social-sharing-box  avia-builder-el-7  el_after_av_hr  el_before_av_hr  '><div class='av-share-box'><h5 class='av-share-link-description av-no-toc '>Compartir esta noticia<\/h5><ul class='av-share-box-list noLightbox'><li class='av-share-link av-social-link-facebook' ><a target=\"_blank\" aria-label=\"Compartir en Facebook\" href='https:\/\/www.facebook.com\/sharer.php?u=https:\/\/radiorevelacionfm.cl\/?p=12120&#038;t=Comisi%C3%B3n%20de%20Formas%20de%20Estado%20de%20la%20Convenci%C3%B3n%20Constitucional%20llega%20a%20sesionar%20a%20la%20regi%C3%B3n%20de%20Ays%C3%A9n' aria-hidden='false' data-av_icon='\ue8f3' data-av_iconfont='entypo-fontello' title='' data-avia-related-tooltip='Compartir en Facebook' rel=\"noopener\"><span class='avia_hidden_link_text'>Compartir en Facebook<\/span><\/a><\/li><li class='av-share-link av-social-link-twitter' ><a target=\"_blank\" aria-label=\"Compartir en Twitter\" href='https:\/\/twitter.com\/share?text=Comisi%C3%B3n%20de%20Formas%20de%20Estado%20de%20la%20Convenci%C3%B3n%20Constitucional%20llega%20a%20sesionar%20a%20la%20regi%C3%B3n%20de%20Ays%C3%A9n&#038;url=https:\/\/radiorevelacionfm.cl\/?p=12120' aria-hidden='false' data-av_icon='\ue8f1' data-av_iconfont='entypo-fontello' title='' data-avia-related-tooltip='Compartir en Twitter' rel=\"noopener\"><span class='avia_hidden_link_text'>Compartir en Twitter<\/span><\/a><\/li><li class='av-share-link av-social-link-whatsapp' ><a target=\"_blank\" aria-label=\"Compartir en Whatsapp\" href='https:\/\/api.whatsapp.com\/send?text=https:\/\/radiorevelacionfm.cl\/?p=12120' aria-hidden='false' data-av_icon='\uf232' data-av_iconfont='entypo-fontello' title='' data-avia-related-tooltip='Compartir en Whatsapp' rel=\"noopener\"><span class='avia_hidden_link_text'>Compartir en Whatsapp<\/span><\/a><\/li><li class='av-share-link av-social-link-linkedin' ><a target=\"_blank\" aria-label=\"Compartir en LinkedIn\" href='https:\/\/linkedin.com\/shareArticle?mini=true&#038;title=Comisi%C3%B3n%20de%20Formas%20de%20Estado%20de%20la%20Convenci%C3%B3n%20Constitucional%20llega%20a%20sesionar%20a%20la%20regi%C3%B3n%20de%20Ays%C3%A9n&#038;url=https:\/\/radiorevelacionfm.cl\/?p=12120' aria-hidden='false' data-av_icon='\ue8fc' data-av_iconfont='entypo-fontello' title='' data-avia-related-tooltip='Compartir en LinkedIn' rel=\"noopener\"><span class='avia_hidden_link_text'>Compartir en LinkedIn<\/span><\/a><\/li><li class='av-share-link av-social-link-mail' ><a  aria-label=\"Compartir por correo\" href='mailto:?subject=Comisi%C3%B3n%20de%20Formas%20de%20Estado%20de%20la%20Convenci%C3%B3n%20Constitucional%20llega%20a%20sesionar%20a%20la%20regi%C3%B3n%20de%20Ays%C3%A9n&#038;body=https:\/\/radiorevelacionfm.cl\/?p=12120' aria-hidden='false' data-av_icon='\ue805' data-av_iconfont='entypo-fontello' title='' data-avia-related-tooltip='Compartir por correo'><span class='avia_hidden_link_text'>Compartir por correo<\/span><\/a><\/li><\/ul><\/div><\/div>\n<div  style='height:50px' class='hr hr-invisible   avia-builder-el-8  el_after_av_social_share  el_before_av_comments_list '><span class='hr-inner ' ><span class='hr-inner-style'><\/span><\/span><\/div>\n<div  class='av-buildercomment  av-blog-meta-html-info-disabled av-blog-meta-tag-disabled  '><\/div>\n","protected":false},"excerpt":{"rendered":"","protected":false},"author":1,"featured_media":12121,"comment_status":"open","ping_status":"open","sticky":false,"template":"","format":"standard","meta":{"footnotes":""},"categories":[38],"tags":[],"class_list":["post-12120","post","type-post","status-publish","format-standard","has-post-thumbnail","hentry","category-regional"],"jetpack_featured_media_url":"https:\/\/radiorevelacionfm.cl\/wp-content\/uploads\/2021\/12\/Captura-de-Pantalla-2021-12-21-a-las-16.40.30-2-2.jpg","_links":{"self":[{"href":"https:\/\/radiorevelacionfm.cl\/index.php?rest_route=\/wp\/v2\/posts\/12120","targetHints":{"allow":["GET"]}}],"collection":[{"href":"https:\/\/radiorevelacionfm.cl\/index.php?rest_route=\/wp\/v2\/posts"}],"about":[{"href":"https:\/\/radiorevelacionfm.cl\/index.php?rest_route=\/wp\/v2\/types\/post"}],"author":[{"embeddable":true,"href":"https:\/\/radiorevelacionfm.cl\/index.php?rest_route=\/wp\/v2\/users\/1"}],"replies":[{"embeddable":true,"href":"https:\/\/radiorevelacionfm.cl\/index.php?rest_route=%2Fwp%2Fv2%2Fcomments&post=12120"}],"version-history":[{"count":2,"href":"https:\/\/radiorevelacionfm.cl\/index.php?rest_route=\/wp\/v2\/posts\/12120\/revisions"}],"predecessor-version":[{"id":12123,"href":"https:\/\/radiorevelacionfm.cl\/index.php?rest_route=\/wp\/v2\/posts\/12120\/revisions\/12123"}],"wp:featuredmedia":[{"embeddable":true,"href":"https:\/\/radiorevelacionfm.cl\/index.php?rest_route=\/wp\/v2\/media\/12121"}],"wp:attachment":[{"href":"https:\/\/radiorevelacionfm.cl\/index.php?rest_route=%2Fwp%2Fv2%2Fmedia&parent=12120"}],"wp:term":[{"taxonomy":"category","embeddable":true,"href":"https:\/\/radiorevelacionfm.cl\/index.php?rest_route=%2Fwp%2Fv2%2Fcategories&post=12120"},{"taxonomy":"post_tag","embeddable":true,"href":"https:\/\/radiorevelacionfm.cl\/index.php?rest_route=%2Fwp%2Fv2%2Ftags&post=12120"}],"curies":[{"name":"wp","href":"https:\/\/api.w.org\/{rel}","templated":true}]}}