{"id":12117,"date":"2021-12-21T15:16:15","date_gmt":"2021-12-21T18:16:15","guid":{"rendered":"https:\/\/radiorevelacionfm.cl\/?p=12117"},"modified":"2021-12-21T15:16:15","modified_gmt":"2021-12-21T18:16:15","slug":"mas-de-11-mil-pensionados-y-pensionadas-de-la-region-ya-recibieron-su-aguinaldo-de-navidad","status":"publish","type":"post","link":"https:\/\/radiorevelacionfm.cl\/?p=12117","title":{"rendered":"M\u00e1s de 11 mil pensionados y pensionadas de la regi\u00f3n ya recibieron su Aguinaldo de Navidad"},"content":{"rendered":"<div class=\"flex_column av_one_full  flex_column_div av-zero-column-padding first  avia-builder-el-0  el_before_av_one_full  avia-builder-el-first  \" style='border-radius:0px; '><div  class='avia-image-container  av-styling-    avia-builder-el-1  avia-builder-el-no-sibling  avia-align-center '  itemprop=\"image\" itemscope=\"itemscope\" itemtype=\"https:\/\/schema.org\/ImageObject\"  ><div class='avia-image-container-inner'><div class='avia-image-overlay-wrap'><img decoding=\"async\" class='wp-image-7154 avia-img-lazy-loading-not-7154 avia_image' src=\"https:\/\/radiorevelacionfm.cl\/wp-content\/uploads\/2021\/08\/seremiaponce_dirregips1-1_optimized.jpg\" alt='' title='seremiaponce_dirregips1-(1)_optimized' height=\"600\" width=\"875\"  itemprop=\"thumbnailUrl\" srcset=\"https:\/\/radiorevelacionfm.cl\/wp-content\/uploads\/2021\/08\/seremiaponce_dirregips1-1_optimized.jpg 875w, https:\/\/radiorevelacionfm.cl\/wp-content\/uploads\/2021\/08\/seremiaponce_dirregips1-1_optimized-300x206.jpg 300w, https:\/\/radiorevelacionfm.cl\/wp-content\/uploads\/2021\/08\/seremiaponce_dirregips1-1_optimized-768x527.jpg 768w, https:\/\/radiorevelacionfm.cl\/wp-content\/uploads\/2021\/08\/seremiaponce_dirregips1-1_optimized-705x483.jpg 705w, https:\/\/radiorevelacionfm.cl\/wp-content\/uploads\/2021\/08\/seremiaponce_dirregips1-1_optimized-600x411.jpg 600w\" sizes=\"(max-width: 875px) 100vw, 875px\" \/><\/div><\/div><\/div><\/div><div class=\"flex_column av_one_full  flex_column_div av-zero-column-padding first  avia-builder-el-2  el_after_av_one_full  el_before_av_one_full  column-top-margin\" style='border-radius:0px; '><section class=\"av_textblock_section \"  itemscope=\"itemscope\" itemtype=\"https:\/\/schema.org\/BlogPosting\" itemprop=\"blogPost\" ><div class='avia_textblock  '   itemprop=\"text\" ><p style=\"text-align: center;\"><span style=\"font-size: 18pt;\"><b><span lang=\"ES-TRAD\">M\u00e1s de 11 mil pensionados y pensionadas de la regi\u00f3n ya recibieron su Aguinaldo de Navidad<\/span><\/b><\/span><\/p>\n<div id=\"gtx-trans\" style=\"position: absolute; left: -50px; top: 4.31534px;\">\n<div class=\"gtx-trans-icon\"><\/div>\n<\/div>\n<\/div><\/section><\/div><div class=\"flex_column av_one_full  flex_column_div av-zero-column-padding first  avia-builder-el-4  el_after_av_one_full  el_before_av_hr  column-top-margin\" style='border-radius:0px; '><section class=\"av_textblock_section \"  itemscope=\"itemscope\" itemtype=\"https:\/\/schema.org\/BlogPosting\" itemprop=\"blogPost\" ><div class='avia_textblock  '   itemprop=\"text\" ><p class=\"v1MsoNormal\" style=\"text-align: justify;\"><span lang=\"ES-MX\">El Instituto de Previsi\u00f3n Social, IPS, informa que ya se realiz\u00f3 el pago del tradicional Aguinaldo de Navidad, que este a\u00f1o llegar\u00e1 a m\u00e1s de 2 millones 323 mil pensionadas y pensionados en Chile. En esta oportunidad, el monto del beneficio es de $23.704 por pensionado y se incrementar\u00e1 en $13.392 por cada carga familiar acreditada al 30 de noviembre del a\u00f1o en curso.<\/span><\/p>\n<p class=\"v1MsoNormal\" style=\"text-align: justify;\">El pago del Aguinaldo de Navidad significar\u00e1 un desembolso para el Estado por m\u00e1s de 57 mil millones de pesos, monto que incluye los incrementos que se pagan junto al aguinaldo por concepto de cargas familiares.<\/p>\n<p class=\"v1MsoNormal\" style=\"text-align: justify;\">S\u00f3lo en el caso del Instituto de Previsi\u00f3n Social (IPS), se proyecta beneficiar a m\u00e1s de 1 mill\u00f3n 217 mil personas pensionadas. Esta instituci\u00f3n ya pag\u00f3 el aguinaldo en forma autom\u00e1tica, incluido en la liquidaci\u00f3n de diciembre. Adem\u00e1s, se entrega antes de Navidad para que todas las personas cuenten con su beneficio en los d\u00edas previos a esta fecha.<\/p>\n<p style=\"text-align: justify;\">Es importante se\u00f1alar que en el caso de otras instituciones que tambi\u00e9n pagan el aguinaldo, cada una define su modalidad de pago.<\/p>\n<p class=\"v1MsoNormal\" style=\"text-align: justify;\">\u00abEn la Regi\u00f3n de Ays\u00e9n, hay m\u00e1s de 11 mil beneficiarios, pensionados y pensionadas, que ya recibieron su Aguinaldo de Navidad, lo que implica cerca de 140 millones de pesos en recursos fiscales para los pensionados de nuestra regi\u00f3n. El pago estaba incluido en la pensi\u00f3n de diciembre, por lo que nuestros beneficiarios no tuvieron que hacer ning\u00fan tr\u00e1mite para recibirlo\u00bb, indic\u00f3 Carlos Rodr\u00edguez, director regional del IPS.<\/p>\n<p class=\"v1MsoNormal\" style=\"text-align: justify;\"><span lang=\"ES-MX\">En tanto, la Seremi del Trabajo y Previsi\u00f3n Social, hizo hincapi\u00e9 en apoyar a los adultos mayores y estar atentos a los fraudes, \u00abHacemos un llamado al autocuidado y tambi\u00e9n al apoyo que los familiares puedan entregar a sus adultos mayores. En estos tiempos surgen muchos fraudes e intentos de estafas a trav\u00e9s de llamados, mensajes de celulares, correos electr\u00f3nicos, etc. e insistimos que el Instituto de Previsi\u00f3n Social nunca le solicitar\u00e1 sus claves ni le enviar\u00e1 links. Por favor, si tienen dudas, llame al call center 101 o ac\u00e9rquese a alguna de las 5 oficinas IPS ChileAtiende que existen en nuestra Regi\u00f3n de Ays\u00e9n, donde lo atender\u00e1n y resolver\u00e1n todas sus dudas. El objetivo de este aguinaldo es realizar un peque\u00f1o aporte en esta \u00e9poca del a\u00f1o donde hay mayores gastos\u00bb, concluy\u00f3 Ponce.<\/span><\/p>\n<p style=\"text-align: justify;\"><b><span lang=\"ES-MX\">\u00bfQui\u00e9nes reciben el aguinaldo?<\/span><\/b><\/p>\n<p style=\"text-align: justify;\">Este beneficio se paga a quienes al 30 de noviembre de 2021 <a name=\"m_-5870499743437635170__Hlk88747541\"><\/a>tengan la calidad de pensionadas y pensionados del Instituto de Previsi\u00f3n Social (IPS), DIPRECA y CAPREDENA, del Instituto de Seguridad Laboral y de las Mutualidades de Empleadores de la Ley de Accidentes del Trabajo (Ley N\u00b0 16.744). Tambi\u00e9n tienen derecho los pensionados del Sistema de AFP, siempre que a esa fecha est\u00e9n recibiendo el beneficio del Aporte Previsional Solidario (APS) o pensiones m\u00ednimas con Garant\u00eda Estatal.<\/p>\n<p class=\"v1MsoNormal\" style=\"text-align: justify;\">En el caso del IPS, los beneficiarios son los siguientes: pensionados de las ex cajas de previsi\u00f3n, personas con Pensi\u00f3n B\u00e1sica Solidaria (PBS), pensionados de leyes especiales (Exonerados Pol\u00edticos, Rettig, Valech, Indemnizaciones del Carb\u00f3n), beneficiarios del Subsidio por Discapacidad Mental (Art. 35 de la Ley N\u00b0 20.255).<\/p>\n<p class=\"v1MsoNormal\" style=\"text-align: justify;\"><b><span lang=\"ES-MX\">\u00bfC\u00f3mo y d\u00f3nde cobrar el aguinaldo?<\/span><\/b><\/p>\n<p style=\"text-align: justify;\">El aguinaldo se incluye en la pensi\u00f3n mensual; por lo tanto, las personas no deben hacer ning\u00fan tr\u00e1mite adicional para recibir esta ayuda econ\u00f3mica.<\/p>\n<p class=\"v1MsoNormal\" style=\"text-align: justify;\"><span lang=\"ES-MX\">La fecha del pr\u00f3ximo pago de las personas pensionadas del IPS est\u00e1 indicada en su liquidaci\u00f3n anterior. Pero, si alguien necesita confirmar la fecha cuando le corresponder\u00e1 cobrar en diciembre, puede ingresar a <\/span><span lang=\"ES\"><a href=\"http:\/\/www.chileatiende.cl\/\" target=\"_blank\" rel=\"noopener noreferrer\"><span lang=\"ES-MX\">www.chileatiende.cl<\/span><\/a><\/span><span lang=\"ES-MX\">, y en el buscador colocar \u00abFecha y forma de pago\u00bb y podr\u00e1 acceder a la informaci\u00f3n.<\/span><\/p>\n<\/div><\/section><\/div><div  style='height:50px' class='hr hr-invisible   avia-builder-el-6  el_after_av_one_full  el_before_av_social_share '><span class='hr-inner ' ><span class='hr-inner-style'><\/span><\/span><\/div><\/p>\n<div  class='av-social-sharing-box  avia-builder-el-7  el_after_av_hr  el_before_av_hr  '><div class='av-share-box'><h5 class='av-share-link-description av-no-toc '>Compartir esta noticia<\/h5><ul class='av-share-box-list noLightbox'><li class='av-share-link av-social-link-facebook' ><a target=\"_blank\" aria-label=\"Compartir en Facebook\" href='https:\/\/www.facebook.com\/sharer.php?u=https:\/\/radiorevelacionfm.cl\/?p=12117&#038;t=M%C3%A1s%20de%2011%20mil%20pensionados%20y%20pensionadas%20de%20la%20regi%C3%B3n%20ya%20recibieron%20su%20Aguinaldo%20de%20Navidad' aria-hidden='false' data-av_icon='\ue8f3' data-av_iconfont='entypo-fontello' title='' data-avia-related-tooltip='Compartir en Facebook' rel=\"noopener\"><span class='avia_hidden_link_text'>Compartir en Facebook<\/span><\/a><\/li><li class='av-share-link av-social-link-twitter' ><a target=\"_blank\" aria-label=\"Compartir en Twitter\" href='https:\/\/twitter.com\/share?text=M%C3%A1s%20de%2011%20mil%20pensionados%20y%20pensionadas%20de%20la%20regi%C3%B3n%20ya%20recibieron%20su%20Aguinaldo%20de%20Navidad&#038;url=https:\/\/radiorevelacionfm.cl\/?p=12117' aria-hidden='false' data-av_icon='\ue8f1' data-av_iconfont='entypo-fontello' title='' data-avia-related-tooltip='Compartir en Twitter' rel=\"noopener\"><span class='avia_hidden_link_text'>Compartir en Twitter<\/span><\/a><\/li><li class='av-share-link av-social-link-whatsapp' ><a target=\"_blank\" aria-label=\"Compartir en Whatsapp\" href='https:\/\/api.whatsapp.com\/send?text=https:\/\/radiorevelacionfm.cl\/?p=12117' aria-hidden='false' data-av_icon='\uf232' data-av_iconfont='entypo-fontello' title='' data-avia-related-tooltip='Compartir en Whatsapp' rel=\"noopener\"><span class='avia_hidden_link_text'>Compartir en Whatsapp<\/span><\/a><\/li><li class='av-share-link av-social-link-linkedin' ><a target=\"_blank\" aria-label=\"Compartir en LinkedIn\" href='https:\/\/linkedin.com\/shareArticle?mini=true&#038;title=M%C3%A1s%20de%2011%20mil%20pensionados%20y%20pensionadas%20de%20la%20regi%C3%B3n%20ya%20recibieron%20su%20Aguinaldo%20de%20Navidad&#038;url=https:\/\/radiorevelacionfm.cl\/?p=12117' aria-hidden='false' data-av_icon='\ue8fc' data-av_iconfont='entypo-fontello' title='' data-avia-related-tooltip='Compartir en LinkedIn' rel=\"noopener\"><span class='avia_hidden_link_text'>Compartir en LinkedIn<\/span><\/a><\/li><li class='av-share-link av-social-link-mail' ><a  aria-label=\"Compartir por correo\" href='mailto:?subject=M%C3%A1s%20de%2011%20mil%20pensionados%20y%20pensionadas%20de%20la%20regi%C3%B3n%20ya%20recibieron%20su%20Aguinaldo%20de%20Navidad&#038;body=https:\/\/radiorevelacionfm.cl\/?p=12117' aria-hidden='false' data-av_icon='\ue805' data-av_iconfont='entypo-fontello' title='' data-avia-related-tooltip='Compartir por correo'><span class='avia_hidden_link_text'>Compartir por correo<\/span><\/a><\/li><\/ul><\/div><\/div>\n<div  style='height:50px' class='hr hr-invisible   avia-builder-el-8  el_after_av_social_share  el_before_av_comments_list '><span class='hr-inner ' ><span class='hr-inner-style'><\/span><\/span><\/div>\n<div  class='av-buildercomment  av-blog-meta-html-info-disabled av-blog-meta-tag-disabled  '><\/div>\n","protected":false},"excerpt":{"rendered":"","protected":false},"author":1,"featured_media":7154,"comment_status":"open","ping_status":"open","sticky":false,"template":"","format":"standard","meta":{"footnotes":""},"categories":[38],"tags":[],"class_list":["post-12117","post","type-post","status-publish","format-standard","has-post-thumbnail","hentry","category-regional"],"jetpack_featured_media_url":"https:\/\/radiorevelacionfm.cl\/wp-content\/uploads\/2021\/08\/seremiaponce_dirregips1-1_optimized.jpg","_links":{"self":[{"href":"https:\/\/radiorevelacionfm.cl\/index.php?rest_route=\/wp\/v2\/posts\/12117","targetHints":{"allow":["GET"]}}],"collection":[{"href":"https:\/\/radiorevelacionfm.cl\/index.php?rest_route=\/wp\/v2\/posts"}],"about":[{"href":"https:\/\/radiorevelacionfm.cl\/index.php?rest_route=\/wp\/v2\/types\/post"}],"author":[{"embeddable":true,"href":"https:\/\/radiorevelacionfm.cl\/index.php?rest_route=\/wp\/v2\/users\/1"}],"replies":[{"embeddable":true,"href":"https:\/\/radiorevelacionfm.cl\/index.php?rest_route=%2Fwp%2Fv2%2Fcomments&post=12117"}],"version-history":[{"count":2,"href":"https:\/\/radiorevelacionfm.cl\/index.php?rest_route=\/wp\/v2\/posts\/12117\/revisions"}],"predecessor-version":[{"id":12119,"href":"https:\/\/radiorevelacionfm.cl\/index.php?rest_route=\/wp\/v2\/posts\/12117\/revisions\/12119"}],"wp:featuredmedia":[{"embeddable":true,"href":"https:\/\/radiorevelacionfm.cl\/index.php?rest_route=\/wp\/v2\/media\/7154"}],"wp:attachment":[{"href":"https:\/\/radiorevelacionfm.cl\/index.php?rest_route=%2Fwp%2Fv2%2Fmedia&parent=12117"}],"wp:term":[{"taxonomy":"category","embeddable":true,"href":"https:\/\/radiorevelacionfm.cl\/index.php?rest_route=%2Fwp%2Fv2%2Fcategories&post=12117"},{"taxonomy":"post_tag","embeddable":true,"href":"https:\/\/radiorevelacionfm.cl\/index.php?rest_route=%2Fwp%2Fv2%2Ftags&post=12117"}],"curies":[{"name":"wp","href":"https:\/\/api.w.org\/{rel}","templated":true}]}}