{"id":12113,"date":"2021-12-21T14:53:38","date_gmt":"2021-12-21T17:53:38","guid":{"rendered":"https:\/\/radiorevelacionfm.cl\/?p=12113"},"modified":"2021-12-21T14:53:38","modified_gmt":"2021-12-21T17:53:38","slug":"con-control-vehicular-llaman-a-adoptar-medidas-de-seguridad-vial-en-fiestas-de-fin-de-ano","status":"publish","type":"post","link":"https:\/\/radiorevelacionfm.cl\/?p=12113","title":{"rendered":"Con control vehicular llaman a adoptar medidas de seguridad vial en Fiestas de Fin de A\u00f1o"},"content":{"rendered":"<div class=\"flex_column av_one_full  flex_column_div av-zero-column-padding first  avia-builder-el-0  el_before_av_one_full  avia-builder-el-first  \" style='border-radius:0px; '><div  class='avia-image-container  av-styling-    avia-builder-el-1  avia-builder-el-no-sibling  avia-align-center '  itemprop=\"image\" itemscope=\"itemscope\" itemtype=\"https:\/\/schema.org\/ImageObject\"  ><div class='avia-image-container-inner'><div class='avia-image-overlay-wrap'><img decoding=\"async\" class='wp-image-12114 avia-img-lazy-loading-not-12114 avia_image' src=\"https:\/\/radiorevelacionfm.cl\/wp-content\/uploads\/2021\/12\/dsc_5203-2_optimized.jpg\" alt='' title='dsc_5203-2_optimized' height=\"600\" width=\"903\"  itemprop=\"thumbnailUrl\" srcset=\"https:\/\/radiorevelacionfm.cl\/wp-content\/uploads\/2021\/12\/dsc_5203-2_optimized.jpg 903w, https:\/\/radiorevelacionfm.cl\/wp-content\/uploads\/2021\/12\/dsc_5203-2_optimized-300x199.jpg 300w, https:\/\/radiorevelacionfm.cl\/wp-content\/uploads\/2021\/12\/dsc_5203-2_optimized-768x510.jpg 768w, https:\/\/radiorevelacionfm.cl\/wp-content\/uploads\/2021\/12\/dsc_5203-2_optimized-705x468.jpg 705w, https:\/\/radiorevelacionfm.cl\/wp-content\/uploads\/2021\/12\/dsc_5203-2_optimized-600x399.jpg 600w\" sizes=\"(max-width: 903px) 100vw, 903px\" \/><\/div><\/div><\/div><\/div><div class=\"flex_column av_one_full  flex_column_div av-zero-column-padding first  avia-builder-el-2  el_after_av_one_full  el_before_av_one_full  column-top-margin\" style='border-radius:0px; '><section class=\"av_textblock_section \"  itemscope=\"itemscope\" itemtype=\"https:\/\/schema.org\/BlogPosting\" itemprop=\"blogPost\" ><div class='avia_textblock  '   itemprop=\"text\" ><p style=\"text-align: center;\"><strong><span style=\"font-size: 18pt;\">Con control vehicular llaman a adoptar medidas de seguridad vial en Fiestas de Fin de A\u00f1o<\/span><\/strong><\/p>\n<div id=\"gtx-trans\" style=\"position: absolute; left: -50px; top: 4.31534px;\">\n<div class=\"gtx-trans-icon\"><\/div>\n<\/div>\n<\/div><\/section><\/div><div class=\"flex_column av_one_full  flex_column_div av-zero-column-padding first  avia-builder-el-4  el_after_av_one_full  el_before_av_hr  column-top-margin\" style='border-radius:0px; '><section class=\"av_textblock_section \"  itemscope=\"itemscope\" itemtype=\"https:\/\/schema.org\/BlogPosting\" itemprop=\"blogPost\" ><div class='avia_textblock  '   itemprop=\"text\" ><p style=\"text-align: justify;\">Pr\u00f3ximamente las fiestas de fin de a\u00f1o van a provocar un mayor movimiento vehicular en la regi\u00f3n, lo cual conlleva algunos riesgos desde el punto de vista de la prevenci\u00f3n de siniestros viales. Respetar la velocidad m\u00e1xima, el uso de cintur\u00f3n de seguridad o de sistemas de retenci\u00f3n para ni\u00f1os, y sobre todo, jam\u00e1s beber alcohol o consumir drogas al volante, son algunas de las conductas que permiten un viaje m\u00e1s seguro.<\/p>\n<p style=\"text-align: justify;\">Para enfatizar en estos mensajes, las autoridades de la Comisi\u00f3n Regional de Seguridad de Tr\u00e1nsito (CORESET), se dieron cita en un control vehicular realizado en Campos de Hielo con Baquedano en Coyhaique, con el fin de difundir este mensaje. La delegada Presidencial Regional, Margarita Ossa se\u00f1al\u00f3 que \u201cEs tremendamente importante y sobre todo hacerlo con tiempo. Pero\u00a0 adem\u00e1s, el poder conversar con las personas y hacerles ver la incidencia y lo grave que es cuando no respetamos estas normas. Por tanto, junto al seremiTT y Senda, estamos realizando este trabajo de educaci\u00f3n vial para que enfrentemos las Fiestas de Fin de A\u00f1o de forma responsable, no solo hacia nosotros sino que tambi\u00e9n hacia la comunidad que nos rodea\u201d.<\/p>\n<p style=\"text-align: justify;\">La autoridad de Transportes, Fabi\u00e1n Rojas indic\u00f3 que las estad\u00edsticas de accidentes son positivas para la regi\u00f3n, en donde el 2020, durante la misma fecha, hubo 4 accidentes que no tuvieron resultado fatal, pero que s\u00ed ocasionaron lesiones en 11 personas. Sin embargo la disminuci\u00f3n de restricciones producto de la pandemia ha generado un aumento de estas cifras durante el a\u00f1o.<\/p>\n<p style=\"text-align: justify;\">\u201cLa gran cantidad de accidentes de tr\u00e1nsito que se produjeron durante los \u00faltimos a\u00f1os obedeci\u00f3 a la imprudencia del conductor, al exceso en el consumo de alcohol y de velocidad. Por lo tanto, hoy estamos entregando un mensaje educativo, esperamos que el d\u00eda 26 o 27 de diciembre estemos recordando lo bien que lo pasamos en Navidad y no haciendo un an\u00e1lisis respecto de la situaci\u00f3n de lesionados, fallecidos o v\u00edctimas fatales en accidentes de tr\u00e1nsito\u201d, reflexion\u00f3 Rojas.<\/p>\n<p style=\"text-align: justify;\">Desde la SIAT, el Capit\u00e1n Osvaldo Mellado indic\u00f3 que en esta \u00e9poca del a\u00f1o se implementa el Plan Ruta Segura, el cual se ocupa de supervisar el cumplimiento de las normas de tr\u00e1nsito: \u201cNosotros como Carabineros estamos implementando el Plan Ruta Segura. Como sabemos que existe mayor movilidad tanto en las rutas, como en el centro de la ciudad, nosotros tenemos distintos servicios y as\u00ed focalizamo distintos puntos, aumentando la fiscalizaci\u00f3n de velocidad vehicular y consumo alcohol. De hecho, en lo que va de a\u00f1o llevamos m\u00e1s de 150 infracciones cursadas por exceso de velocidad, dentro de las cuales m\u00e1s de 100 son en zonas urbanas es decir, conductores que no han respetado el m\u00e1ximo de 50 km\/h\u201d<\/p>\n<p style=\"text-align: justify;\">El representante de la polic\u00eda uniformada agreg\u00f3 que en lo que va del a\u00f1o 160 conductores han sido detenidos por conducir en estado de ebriedad. Ante esto la directora de Senda, Annie Hunter, indic\u00f3 que esta alta cifra debe trabajarse integralmente hacia un cambio de cultura. \u201cNecesitamos contribuir a evitar, sobre todo en estas fechas siniestros de tr\u00e1nsito con impacto en las vidas humanas o con lesionados a veces nos ponemos muy contentos por las estad\u00edsticas pero tambi\u00e9n tenemos que preocuparnos de lo que no se ve y lo que no se detecta y sigue pasando. Hemos sido s\u00faper claros en eso, tenemos pol\u00edtica p\u00fablica que determina que la tolerancia es cero al alcohol y las drogas al volante por lo que insistimos en el autocontrol y a festejar con responsabilidad\u201d, dijo.<\/p>\n<p style=\"text-align: justify;\">Finalmente, desde la direcci\u00f3n de Tr\u00e1nsito de la Municipalidad de Coyhaique, Naishla Laibe, llam\u00f3 a conductores a ser conscientes en el uso de estacionamientos, para evitar accidentes en la zona urbana por mala visibilidad. \u201cTenemos un alto parque automotriz de aproximadamente 28 mil veh\u00edculos y subiendo; eso hace que el centro est\u00e9 congestionado. Lo que pedimos es que se respete estacionar a 10 mts de la esquina, para que se deje visibilidad y as\u00ed evitar colisiones o choques por este motivo. El municipio tiene bien reforzada su se\u00f1al\u00e9tica y adem\u00e1s internalizar la palabra prevenci\u00f3n\u201d.<\/p>\n<\/div><\/section><\/div><div  style='height:50px' class='hr hr-invisible   avia-builder-el-6  el_after_av_one_full  el_before_av_social_share '><span class='hr-inner ' ><span class='hr-inner-style'><\/span><\/span><\/div><\/p>\n<div  class='av-social-sharing-box  avia-builder-el-7  el_after_av_hr  el_before_av_hr  '><div class='av-share-box'><h5 class='av-share-link-description av-no-toc '>Compartir esta noticia<\/h5><ul class='av-share-box-list noLightbox'><li class='av-share-link av-social-link-facebook' ><a target=\"_blank\" aria-label=\"Compartir en Facebook\" href='https:\/\/www.facebook.com\/sharer.php?u=https:\/\/radiorevelacionfm.cl\/?p=12113&#038;t=Con%20control%20vehicular%20llaman%20a%20adoptar%20medidas%20de%20seguridad%20vial%20en%20Fiestas%20de%20Fin%20de%20A%C3%B1o' aria-hidden='false' data-av_icon='\ue8f3' data-av_iconfont='entypo-fontello' title='' data-avia-related-tooltip='Compartir en Facebook' rel=\"noopener\"><span class='avia_hidden_link_text'>Compartir en Facebook<\/span><\/a><\/li><li class='av-share-link av-social-link-twitter' ><a target=\"_blank\" aria-label=\"Compartir en Twitter\" href='https:\/\/twitter.com\/share?text=Con%20control%20vehicular%20llaman%20a%20adoptar%20medidas%20de%20seguridad%20vial%20en%20Fiestas%20de%20Fin%20de%20A%C3%B1o&#038;url=https:\/\/radiorevelacionfm.cl\/?p=12113' aria-hidden='false' data-av_icon='\ue8f1' data-av_iconfont='entypo-fontello' title='' data-avia-related-tooltip='Compartir en Twitter' rel=\"noopener\"><span class='avia_hidden_link_text'>Compartir en Twitter<\/span><\/a><\/li><li class='av-share-link av-social-link-whatsapp' ><a target=\"_blank\" aria-label=\"Compartir en Whatsapp\" href='https:\/\/api.whatsapp.com\/send?text=https:\/\/radiorevelacionfm.cl\/?p=12113' aria-hidden='false' data-av_icon='\uf232' data-av_iconfont='entypo-fontello' title='' data-avia-related-tooltip='Compartir en Whatsapp' rel=\"noopener\"><span class='avia_hidden_link_text'>Compartir en Whatsapp<\/span><\/a><\/li><li class='av-share-link av-social-link-linkedin' ><a target=\"_blank\" aria-label=\"Compartir en LinkedIn\" href='https:\/\/linkedin.com\/shareArticle?mini=true&#038;title=Con%20control%20vehicular%20llaman%20a%20adoptar%20medidas%20de%20seguridad%20vial%20en%20Fiestas%20de%20Fin%20de%20A%C3%B1o&#038;url=https:\/\/radiorevelacionfm.cl\/?p=12113' aria-hidden='false' data-av_icon='\ue8fc' data-av_iconfont='entypo-fontello' title='' data-avia-related-tooltip='Compartir en LinkedIn' rel=\"noopener\"><span class='avia_hidden_link_text'>Compartir en LinkedIn<\/span><\/a><\/li><li class='av-share-link av-social-link-mail' ><a  aria-label=\"Compartir por correo\" href='mailto:?subject=Con%20control%20vehicular%20llaman%20a%20adoptar%20medidas%20de%20seguridad%20vial%20en%20Fiestas%20de%20Fin%20de%20A%C3%B1o&#038;body=https:\/\/radiorevelacionfm.cl\/?p=12113' aria-hidden='false' data-av_icon='\ue805' data-av_iconfont='entypo-fontello' title='' data-avia-related-tooltip='Compartir por correo'><span class='avia_hidden_link_text'>Compartir por correo<\/span><\/a><\/li><\/ul><\/div><\/div>\n<div  style='height:50px' class='hr hr-invisible   avia-builder-el-8  el_after_av_social_share  el_before_av_comments_list '><span class='hr-inner ' ><span class='hr-inner-style'><\/span><\/span><\/div>\n<div  class='av-buildercomment  av-blog-meta-html-info-disabled av-blog-meta-tag-disabled  '><\/div>\n","protected":false},"excerpt":{"rendered":"","protected":false},"author":1,"featured_media":12114,"comment_status":"open","ping_status":"open","sticky":false,"template":"","format":"standard","meta":{"footnotes":""},"categories":[59],"tags":[],"class_list":["post-12113","post","type-post","status-publish","format-standard","has-post-thumbnail","hentry","category-transporte"],"jetpack_featured_media_url":"https:\/\/radiorevelacionfm.cl\/wp-content\/uploads\/2021\/12\/dsc_5203-2_optimized.jpg","_links":{"self":[{"href":"https:\/\/radiorevelacionfm.cl\/index.php?rest_route=\/wp\/v2\/posts\/12113","targetHints":{"allow":["GET"]}}],"collection":[{"href":"https:\/\/radiorevelacionfm.cl\/index.php?rest_route=\/wp\/v2\/posts"}],"about":[{"href":"https:\/\/radiorevelacionfm.cl\/index.php?rest_route=\/wp\/v2\/types\/post"}],"author":[{"embeddable":true,"href":"https:\/\/radiorevelacionfm.cl\/index.php?rest_route=\/wp\/v2\/users\/1"}],"replies":[{"embeddable":true,"href":"https:\/\/radiorevelacionfm.cl\/index.php?rest_route=%2Fwp%2Fv2%2Fcomments&post=12113"}],"version-history":[{"count":2,"href":"https:\/\/radiorevelacionfm.cl\/index.php?rest_route=\/wp\/v2\/posts\/12113\/revisions"}],"predecessor-version":[{"id":12116,"href":"https:\/\/radiorevelacionfm.cl\/index.php?rest_route=\/wp\/v2\/posts\/12113\/revisions\/12116"}],"wp:featuredmedia":[{"embeddable":true,"href":"https:\/\/radiorevelacionfm.cl\/index.php?rest_route=\/wp\/v2\/media\/12114"}],"wp:attachment":[{"href":"https:\/\/radiorevelacionfm.cl\/index.php?rest_route=%2Fwp%2Fv2%2Fmedia&parent=12113"}],"wp:term":[{"taxonomy":"category","embeddable":true,"href":"https:\/\/radiorevelacionfm.cl\/index.php?rest_route=%2Fwp%2Fv2%2Fcategories&post=12113"},{"taxonomy":"post_tag","embeddable":true,"href":"https:\/\/radiorevelacionfm.cl\/index.php?rest_route=%2Fwp%2Fv2%2Ftags&post=12113"}],"curies":[{"name":"wp","href":"https:\/\/api.w.org\/{rel}","templated":true}]}}