{"id":12109,"date":"2021-12-21T13:12:17","date_gmt":"2021-12-21T16:12:17","guid":{"rendered":"https:\/\/radiorevelacionfm.cl\/?p=12109"},"modified":"2021-12-21T13:12:17","modified_gmt":"2021-12-21T16:12:17","slug":"anuncian-compromiso-vivienda-iniciativa-que-destina-terrenos-fiscales-para-dar-solucion-habitacional-a-mas-de-50-mil-familias","status":"publish","type":"post","link":"https:\/\/radiorevelacionfm.cl\/?p=12109","title":{"rendered":"Anuncian \u201cCompromiso Vivienda\u201d iniciativa que destina terrenos fiscales para dar soluci\u00f3n habitacional a m\u00e1s de 50 mil familias"},"content":{"rendered":"<div class=\"flex_column av_one_full  flex_column_div av-zero-column-padding first  avia-builder-el-0  el_before_av_one_full  avia-builder-el-first  \" style='border-radius:0px; '><div  class='avia-image-container  av-styling-    avia-builder-el-1  avia-builder-el-no-sibling  avia-align-center '  itemprop=\"image\" itemscope=\"itemscope\" itemtype=\"https:\/\/schema.org\/ImageObject\"  ><div class='avia-image-container-inner'><div class='avia-image-overlay-wrap'><img decoding=\"async\" class='wp-image-12110 avia-img-lazy-loading-not-12110 avia_image' src=\"https:\/\/radiorevelacionfm.cl\/wp-content\/uploads\/2021\/12\/Compromiso-Vivienda-2-2.jpg\" alt='' title='Compromiso Vivienda-2-2' height=\"600\" width=\"909\"  itemprop=\"thumbnailUrl\" srcset=\"https:\/\/radiorevelacionfm.cl\/wp-content\/uploads\/2021\/12\/Compromiso-Vivienda-2-2.jpg 909w, https:\/\/radiorevelacionfm.cl\/wp-content\/uploads\/2021\/12\/Compromiso-Vivienda-2-2-300x198.jpg 300w, https:\/\/radiorevelacionfm.cl\/wp-content\/uploads\/2021\/12\/Compromiso-Vivienda-2-2-768x507.jpg 768w, https:\/\/radiorevelacionfm.cl\/wp-content\/uploads\/2021\/12\/Compromiso-Vivienda-2-2-705x465.jpg 705w, https:\/\/radiorevelacionfm.cl\/wp-content\/uploads\/2021\/12\/Compromiso-Vivienda-2-2-600x396.jpg 600w\" sizes=\"(max-width: 909px) 100vw, 909px\" \/><\/div><\/div><\/div><\/div><div class=\"flex_column av_one_full  flex_column_div av-zero-column-padding first  avia-builder-el-2  el_after_av_one_full  el_before_av_one_full  column-top-margin\" style='border-radius:0px; '><section class=\"av_textblock_section \"  itemscope=\"itemscope\" itemtype=\"https:\/\/schema.org\/BlogPosting\" itemprop=\"blogPost\" ><div class='avia_textblock  '   itemprop=\"text\" ><p style=\"text-align: center;\"><strong><span style=\"font-size: 18pt;\">Anuncian \u201cCompromiso Vivienda\u201d iniciativa que destina terrenos fiscales para dar soluci\u00f3n habitacional a m\u00e1s de 50 mil familias<\/span><\/strong><\/p>\n<div id=\"gtx-trans\" style=\"position: absolute; left: -50px; top: 4.31534px;\">\n<div class=\"gtx-trans-icon\"><\/div>\n<\/div>\n<\/div><\/section><\/div><div class=\"flex_column av_one_full  flex_column_div av-zero-column-padding first  avia-builder-el-4  el_after_av_one_full  el_before_av_hr  column-top-margin\" style='border-radius:0px; '><section class=\"av_textblock_section \"  itemscope=\"itemscope\" itemtype=\"https:\/\/schema.org\/BlogPosting\" itemprop=\"blogPost\" ><div class='avia_textblock  '   itemprop=\"text\" ><p style=\"text-align: justify;\">El Ministerio de Bienes Nacionales y otros organismos traspasar\u00e1n al Ministerio de Vivienda y Urbanismo 273 terrenos para la ejecuci\u00f3n de proyectos habitacionales, lo que permite reducir considerablemente el plazo de espera.\u00a0La iniciativa asegura a 50 mil familias el terreno donde se construir\u00e1 su futura vivienda definitiva.\u00a0Adem\u00e1s, permitir\u00e1 atender la demanda de casos individuales que no han podido aplicar su subsidio por falta de oferta.<\/p>\n<p style=\"text-align: justify;\">Para ordenar la entrega, la asignaci\u00f3n de cada terreno para el desarrollo de un proyecto habitacional se consolidar\u00e1 a trav\u00e9s de un oficio de compromiso entre un comit\u00e9 de vivienda y el Servicio de Vivienda y Urbanizaci\u00f3n (SERVIU) de la respectiva regi\u00f3n. En el documento se especificar\u00e1 el\u00a0terreno donde se desarrollar\u00e1 su proyecto habitacional para darle certeza a las familias de que all\u00ed se construir\u00e1 su futura vivienda.<\/p>\n<p style=\"text-align: justify;\">Cabe destacar que esta inciativa se enmarca en la pol\u00edtica p\u00fablica impulsada por el Presidente Pi\u00f1era desde el inicio de su mandato,\u00a0cuando se propuso que el Estado volviera a hacer gesti\u00f3n de suelo lo que implica realizar una b\u00fasqueda para adquirir suelos que se encontraran bien ubicados dentro de las ciudades. En ese contexto, el Ministerio de Vivienda y Urbanismo cre\u00f3 en 2020 el Banco de Suelo p\u00fablico, orientado a avanzar hacia una \u201cpol\u00edtica de gesti\u00f3n de suelo\u201d que permita a las familias acceder a ubicaciones con servicios, buscando siempre la integraci\u00f3n social.<\/p>\n<p style=\"text-align: justify;\">Desde su creaci\u00f3n,\u00a0el Banco de Suelo que ha permitido -hasta la fecha previa a este anuncio- la adquisici\u00f3n de m\u00e1s de 120 nuevos terrenos en el pa\u00eds, para 17 mil hogares.<\/p>\n<div style=\"text-align: justify;\"><\/div>\n<div style=\"text-align: justify;\"><\/div>\n<div style=\"text-align: justify;\"><\/div>\n<\/div><\/section><\/div><div  style='height:50px' class='hr hr-invisible   avia-builder-el-6  el_after_av_one_full  el_before_av_social_share '><span class='hr-inner ' ><span class='hr-inner-style'><\/span><\/span><\/div><\/p>\n<div  class='av-social-sharing-box  avia-builder-el-7  el_after_av_hr  el_before_av_hr  '><div class='av-share-box'><h5 class='av-share-link-description av-no-toc '>Compartir esta noticia<\/h5><ul class='av-share-box-list noLightbox'><li class='av-share-link av-social-link-facebook' ><a target=\"_blank\" aria-label=\"Compartir en Facebook\" href='https:\/\/www.facebook.com\/sharer.php?u=https:\/\/radiorevelacionfm.cl\/?p=12109&#038;t=Anuncian%20%E2%80%9CCompromiso%20Vivienda%E2%80%9D%20iniciativa%20que%20destina%20terrenos%20fiscales%20para%20dar%20soluci%C3%B3n%20habitacional%20a%20m%C3%A1s%20de%2050%20mil%20familias' aria-hidden='false' data-av_icon='\ue8f3' data-av_iconfont='entypo-fontello' title='' data-avia-related-tooltip='Compartir en Facebook' rel=\"noopener\"><span class='avia_hidden_link_text'>Compartir en Facebook<\/span><\/a><\/li><li class='av-share-link av-social-link-twitter' ><a target=\"_blank\" aria-label=\"Compartir en Twitter\" href='https:\/\/twitter.com\/share?text=Anuncian%20%E2%80%9CCompromiso%20Vivienda%E2%80%9D%20iniciativa%20que%20destina%20terrenos%20fiscales%20para%20dar%20soluci%C3%B3n%20habitacional%20a%20m%C3%A1s%20de%2050%20mil%20familias&#038;url=https:\/\/radiorevelacionfm.cl\/?p=12109' aria-hidden='false' data-av_icon='\ue8f1' data-av_iconfont='entypo-fontello' title='' data-avia-related-tooltip='Compartir en Twitter' rel=\"noopener\"><span class='avia_hidden_link_text'>Compartir en Twitter<\/span><\/a><\/li><li class='av-share-link av-social-link-whatsapp' ><a target=\"_blank\" aria-label=\"Compartir en Whatsapp\" href='https:\/\/api.whatsapp.com\/send?text=https:\/\/radiorevelacionfm.cl\/?p=12109' aria-hidden='false' data-av_icon='\uf232' data-av_iconfont='entypo-fontello' title='' data-avia-related-tooltip='Compartir en Whatsapp' rel=\"noopener\"><span class='avia_hidden_link_text'>Compartir en Whatsapp<\/span><\/a><\/li><li class='av-share-link av-social-link-linkedin' ><a target=\"_blank\" aria-label=\"Compartir en LinkedIn\" href='https:\/\/linkedin.com\/shareArticle?mini=true&#038;title=Anuncian%20%E2%80%9CCompromiso%20Vivienda%E2%80%9D%20iniciativa%20que%20destina%20terrenos%20fiscales%20para%20dar%20soluci%C3%B3n%20habitacional%20a%20m%C3%A1s%20de%2050%20mil%20familias&#038;url=https:\/\/radiorevelacionfm.cl\/?p=12109' aria-hidden='false' data-av_icon='\ue8fc' data-av_iconfont='entypo-fontello' title='' data-avia-related-tooltip='Compartir en LinkedIn' rel=\"noopener\"><span class='avia_hidden_link_text'>Compartir en LinkedIn<\/span><\/a><\/li><li class='av-share-link av-social-link-mail' ><a  aria-label=\"Compartir por correo\" href='mailto:?subject=Anuncian%20%E2%80%9CCompromiso%20Vivienda%E2%80%9D%20iniciativa%20que%20destina%20terrenos%20fiscales%20para%20dar%20soluci%C3%B3n%20habitacional%20a%20m%C3%A1s%20de%2050%20mil%20familias&#038;body=https:\/\/radiorevelacionfm.cl\/?p=12109' aria-hidden='false' data-av_icon='\ue805' data-av_iconfont='entypo-fontello' title='' data-avia-related-tooltip='Compartir por correo'><span class='avia_hidden_link_text'>Compartir por correo<\/span><\/a><\/li><\/ul><\/div><\/div>\n<div  style='height:50px' class='hr hr-invisible   avia-builder-el-8  el_after_av_social_share  el_before_av_comments_list '><span class='hr-inner ' ><span class='hr-inner-style'><\/span><\/span><\/div>\n<div  class='av-buildercomment  av-blog-meta-html-info-disabled av-blog-meta-tag-disabled  '><\/div>\n","protected":false},"excerpt":{"rendered":"","protected":false},"author":1,"featured_media":12110,"comment_status":"open","ping_status":"open","sticky":false,"template":"","format":"standard","meta":{"footnotes":""},"categories":[57],"tags":[],"class_list":["post-12109","post","type-post","status-publish","format-standard","has-post-thumbnail","hentry","category-vivienda"],"jetpack_featured_media_url":"https:\/\/radiorevelacionfm.cl\/wp-content\/uploads\/2021\/12\/Compromiso-Vivienda-2-2.jpg","_links":{"self":[{"href":"https:\/\/radiorevelacionfm.cl\/index.php?rest_route=\/wp\/v2\/posts\/12109","targetHints":{"allow":["GET"]}}],"collection":[{"href":"https:\/\/radiorevelacionfm.cl\/index.php?rest_route=\/wp\/v2\/posts"}],"about":[{"href":"https:\/\/radiorevelacionfm.cl\/index.php?rest_route=\/wp\/v2\/types\/post"}],"author":[{"embeddable":true,"href":"https:\/\/radiorevelacionfm.cl\/index.php?rest_route=\/wp\/v2\/users\/1"}],"replies":[{"embeddable":true,"href":"https:\/\/radiorevelacionfm.cl\/index.php?rest_route=%2Fwp%2Fv2%2Fcomments&post=12109"}],"version-history":[{"count":2,"href":"https:\/\/radiorevelacionfm.cl\/index.php?rest_route=\/wp\/v2\/posts\/12109\/revisions"}],"predecessor-version":[{"id":12112,"href":"https:\/\/radiorevelacionfm.cl\/index.php?rest_route=\/wp\/v2\/posts\/12109\/revisions\/12112"}],"wp:featuredmedia":[{"embeddable":true,"href":"https:\/\/radiorevelacionfm.cl\/index.php?rest_route=\/wp\/v2\/media\/12110"}],"wp:attachment":[{"href":"https:\/\/radiorevelacionfm.cl\/index.php?rest_route=%2Fwp%2Fv2%2Fmedia&parent=12109"}],"wp:term":[{"taxonomy":"category","embeddable":true,"href":"https:\/\/radiorevelacionfm.cl\/index.php?rest_route=%2Fwp%2Fv2%2Fcategories&post=12109"},{"taxonomy":"post_tag","embeddable":true,"href":"https:\/\/radiorevelacionfm.cl\/index.php?rest_route=%2Fwp%2Fv2%2Ftags&post=12109"}],"curies":[{"name":"wp","href":"https:\/\/api.w.org\/{rel}","templated":true}]}}