{"id":12104,"date":"2021-12-21T11:46:10","date_gmt":"2021-12-21T14:46:10","guid":{"rendered":"https:\/\/radiorevelacionfm.cl\/?p=12104"},"modified":"2021-12-21T11:46:10","modified_gmt":"2021-12-21T14:46:10","slug":"plan-fronteras-protegidas-se-habilitaran-pasos-terrestres-de-manera-gradual-desde-este-miercoles","status":"publish","type":"post","link":"https:\/\/radiorevelacionfm.cl\/?p=12104","title":{"rendered":"Plan Fronteras Protegidas: se habilitar\u00e1n pasos terrestres de manera gradual desde este mi\u00e9rcoles"},"content":{"rendered":"<div class=\"flex_column av_one_full  flex_column_div av-zero-column-padding first  avia-builder-el-0  el_before_av_one_full  avia-builder-el-first  \" style='border-radius:0px; '><div  class='avia-image-container  av-styling-    avia-builder-el-1  avia-builder-el-no-sibling  avia-align-center '  itemprop=\"image\" itemscope=\"itemscope\" itemtype=\"https:\/\/schema.org\/ImageObject\"  ><div class='avia-image-container-inner'><div class='avia-image-overlay-wrap'><img decoding=\"async\" class='wp-image-12106 avia-img-lazy-loading-not-12106 avia_image' src=\"https:\/\/radiorevelacionfm.cl\/wp-content\/uploads\/2021\/12\/Ministro-Salud-2-2.jpg\" alt='' title='Ministro Salud-2-2' height=\"600\" width=\"900\"  itemprop=\"thumbnailUrl\" srcset=\"https:\/\/radiorevelacionfm.cl\/wp-content\/uploads\/2021\/12\/Ministro-Salud-2-2.jpg 900w, https:\/\/radiorevelacionfm.cl\/wp-content\/uploads\/2021\/12\/Ministro-Salud-2-2-300x200.jpg 300w, https:\/\/radiorevelacionfm.cl\/wp-content\/uploads\/2021\/12\/Ministro-Salud-2-2-768x512.jpg 768w, https:\/\/radiorevelacionfm.cl\/wp-content\/uploads\/2021\/12\/Ministro-Salud-2-2-705x470.jpg 705w, https:\/\/radiorevelacionfm.cl\/wp-content\/uploads\/2021\/12\/Ministro-Salud-2-2-600x400.jpg 600w\" sizes=\"(max-width: 900px) 100vw, 900px\" \/><\/div><\/div><\/div><\/div><div class=\"flex_column av_one_full  flex_column_div av-zero-column-padding first  avia-builder-el-2  el_after_av_one_full  el_before_av_one_full  column-top-margin\" style='border-radius:0px; '><section class=\"av_textblock_section \"  itemscope=\"itemscope\" itemtype=\"https:\/\/schema.org\/BlogPosting\" itemprop=\"blogPost\" ><div class='avia_textblock  '   itemprop=\"text\" ><p style=\"text-align: center;\"><strong><span style=\"font-size: 18pt;\">Plan Fronteras Protegidas: se habilitar\u00e1n pasos terrestres de manera gradual desde este mi\u00e9rcoles<\/span><\/strong><\/p>\n<div id=\"gtx-trans\" style=\"position: absolute; left: -50px; top: 4.31534px;\">\n<div class=\"gtx-trans-icon\"><\/div>\n<\/div>\n<\/div><\/section><\/div><div class=\"flex_column av_one_full  flex_column_div av-zero-column-padding first  avia-builder-el-4  el_after_av_one_full  el_before_av_hr  column-top-margin\" style='border-radius:0px; '><section class=\"av_textblock_section \"  itemscope=\"itemscope\" itemtype=\"https:\/\/schema.org\/BlogPosting\" itemprop=\"blogPost\" ><div class='avia_textblock  '   itemprop=\"text\" ><p style=\"text-align: justify;\">Desde el 22 de diciembre se habilitar\u00e1n los pasos terrestres, seg\u00fan informaron las autoridades del Ministerio de Salud en un nuevo punto Covid realizado este lunes.<\/p>\n<p style=\"text-align: justify;\">Esta apertura se realizar\u00e1 en dos etapas. La primera comenzar\u00e1 a partir de este mi\u00e9rcoles con los pasos Futaleuf\u00fa en la regi\u00f3n de Los Lagos, Huemules y Jeinimeni Ays\u00e9n, Paso Integraci\u00f3n Austral, Magallanes. Posteriormente, desde el 4 de enero del 2022, se habilitar\u00e1 las fronteras en los puntos Chacalluta en Arica y Parinacota, Paso Agua Negra en Coquimbo, Los Libertadores en Valpara\u00edso, Pino Hachado en la Araucan\u00eda, Cardenal Somar\u00e9 en Los Lagos y Dorotea en Magallanes.<\/p>\n<p style=\"text-align: justify;\">Las autoridades explicaron que los requisitos de ingresos por estos pasos ser\u00e1n los mismos que existen hoy. Es decir, aquellas personas que quieran ingresar a Chile, si son extranjeros, tendr\u00e1n que haber homologado su proceso de vacunaci\u00f3n, deber\u00e1n llenado la declaraci\u00f3n jurada en la p\u00e1gina c19.cl y tendr\u00e1n que contar con un seguro de salud. Ser\u00e1n sometidos, al igual que el resto de las personas, a una prueba diagn\u00f3stico al ingresar a Chile<\/p>\n<p style=\"text-align: justify;\">Adem\u00e1s, destacaron que esta semana se inicia con indicadores positivos. Los nuevos casos confirmados var\u00edan en menos 13% a 7 d\u00edas, y a 14 d\u00edas menos 33%. Hoy hubo 1.157 casos nuevos, con una positividad del 1,8%, una de las m\u00e1s bajas en los \u00faltimos tiempos. El lunes pasado hubo 1.383 casos y una positividad de 2,29%.<\/p>\n<\/div><\/section><\/div><div  style='height:50px' class='hr hr-invisible   avia-builder-el-6  el_after_av_one_full  el_before_av_social_share '><span class='hr-inner ' ><span class='hr-inner-style'><\/span><\/span><\/div><\/p>\n<div  class='av-social-sharing-box  avia-builder-el-7  el_after_av_hr  el_before_av_hr  '><div class='av-share-box'><h5 class='av-share-link-description av-no-toc '>Compartir esta noticia<\/h5><ul class='av-share-box-list noLightbox'><li class='av-share-link av-social-link-facebook' ><a target=\"_blank\" aria-label=\"Compartir en Facebook\" href='https:\/\/www.facebook.com\/sharer.php?u=https:\/\/radiorevelacionfm.cl\/?p=12104&#038;t=Plan%20Fronteras%20Protegidas%3A%20se%20habilitar%C3%A1n%20pasos%20terrestres%20de%20manera%20gradual%20desde%20este%20mi%C3%A9rcoles' aria-hidden='false' data-av_icon='\ue8f3' data-av_iconfont='entypo-fontello' title='' data-avia-related-tooltip='Compartir en Facebook' rel=\"noopener\"><span class='avia_hidden_link_text'>Compartir en Facebook<\/span><\/a><\/li><li class='av-share-link av-social-link-twitter' ><a target=\"_blank\" aria-label=\"Compartir en Twitter\" href='https:\/\/twitter.com\/share?text=Plan%20Fronteras%20Protegidas%3A%20se%20habilitar%C3%A1n%20pasos%20terrestres%20de%20manera%20gradual%20desde%20este%20mi%C3%A9rcoles&#038;url=https:\/\/radiorevelacionfm.cl\/?p=12104' aria-hidden='false' data-av_icon='\ue8f1' data-av_iconfont='entypo-fontello' title='' data-avia-related-tooltip='Compartir en Twitter' rel=\"noopener\"><span class='avia_hidden_link_text'>Compartir en Twitter<\/span><\/a><\/li><li class='av-share-link av-social-link-whatsapp' ><a target=\"_blank\" aria-label=\"Compartir en Whatsapp\" href='https:\/\/api.whatsapp.com\/send?text=https:\/\/radiorevelacionfm.cl\/?p=12104' aria-hidden='false' data-av_icon='\uf232' data-av_iconfont='entypo-fontello' title='' data-avia-related-tooltip='Compartir en Whatsapp' rel=\"noopener\"><span class='avia_hidden_link_text'>Compartir en Whatsapp<\/span><\/a><\/li><li class='av-share-link av-social-link-linkedin' ><a target=\"_blank\" aria-label=\"Compartir en LinkedIn\" href='https:\/\/linkedin.com\/shareArticle?mini=true&#038;title=Plan%20Fronteras%20Protegidas%3A%20se%20habilitar%C3%A1n%20pasos%20terrestres%20de%20manera%20gradual%20desde%20este%20mi%C3%A9rcoles&#038;url=https:\/\/radiorevelacionfm.cl\/?p=12104' aria-hidden='false' data-av_icon='\ue8fc' data-av_iconfont='entypo-fontello' title='' data-avia-related-tooltip='Compartir en LinkedIn' rel=\"noopener\"><span class='avia_hidden_link_text'>Compartir en LinkedIn<\/span><\/a><\/li><li class='av-share-link av-social-link-mail' ><a  aria-label=\"Compartir por correo\" href='mailto:?subject=Plan%20Fronteras%20Protegidas%3A%20se%20habilitar%C3%A1n%20pasos%20terrestres%20de%20manera%20gradual%20desde%20este%20mi%C3%A9rcoles&#038;body=https:\/\/radiorevelacionfm.cl\/?p=12104' aria-hidden='false' data-av_icon='\ue805' data-av_iconfont='entypo-fontello' title='' data-avia-related-tooltip='Compartir por correo'><span class='avia_hidden_link_text'>Compartir por correo<\/span><\/a><\/li><\/ul><\/div><\/div>\n<div  style='height:50px' class='hr hr-invisible   avia-builder-el-8  el_after_av_social_share  el_before_av_comments_list '><span class='hr-inner ' ><span class='hr-inner-style'><\/span><\/span><\/div>\n<div  class='av-buildercomment  av-blog-meta-html-info-disabled av-blog-meta-tag-disabled  '><\/div>\n","protected":false},"excerpt":{"rendered":"","protected":false},"author":1,"featured_media":12106,"comment_status":"open","ping_status":"open","sticky":false,"template":"","format":"standard","meta":{"footnotes":""},"categories":[46],"tags":[],"class_list":["post-12104","post","type-post","status-publish","format-standard","has-post-thumbnail","hentry","category-salud"],"jetpack_featured_media_url":"https:\/\/radiorevelacionfm.cl\/wp-content\/uploads\/2021\/12\/Ministro-Salud-2-2.jpg","_links":{"self":[{"href":"https:\/\/radiorevelacionfm.cl\/index.php?rest_route=\/wp\/v2\/posts\/12104","targetHints":{"allow":["GET"]}}],"collection":[{"href":"https:\/\/radiorevelacionfm.cl\/index.php?rest_route=\/wp\/v2\/posts"}],"about":[{"href":"https:\/\/radiorevelacionfm.cl\/index.php?rest_route=\/wp\/v2\/types\/post"}],"author":[{"embeddable":true,"href":"https:\/\/radiorevelacionfm.cl\/index.php?rest_route=\/wp\/v2\/users\/1"}],"replies":[{"embeddable":true,"href":"https:\/\/radiorevelacionfm.cl\/index.php?rest_route=%2Fwp%2Fv2%2Fcomments&post=12104"}],"version-history":[{"count":2,"href":"https:\/\/radiorevelacionfm.cl\/index.php?rest_route=\/wp\/v2\/posts\/12104\/revisions"}],"predecessor-version":[{"id":12108,"href":"https:\/\/radiorevelacionfm.cl\/index.php?rest_route=\/wp\/v2\/posts\/12104\/revisions\/12108"}],"wp:featuredmedia":[{"embeddable":true,"href":"https:\/\/radiorevelacionfm.cl\/index.php?rest_route=\/wp\/v2\/media\/12106"}],"wp:attachment":[{"href":"https:\/\/radiorevelacionfm.cl\/index.php?rest_route=%2Fwp%2Fv2%2Fmedia&parent=12104"}],"wp:term":[{"taxonomy":"category","embeddable":true,"href":"https:\/\/radiorevelacionfm.cl\/index.php?rest_route=%2Fwp%2Fv2%2Fcategories&post=12104"},{"taxonomy":"post_tag","embeddable":true,"href":"https:\/\/radiorevelacionfm.cl\/index.php?rest_route=%2Fwp%2Fv2%2Ftags&post=12104"}],"curies":[{"name":"wp","href":"https:\/\/api.w.org\/{rel}","templated":true}]}}