{"id":12100,"date":"2021-12-21T11:22:53","date_gmt":"2021-12-21T14:22:53","guid":{"rendered":"https:\/\/radiorevelacionfm.cl\/?p=12100"},"modified":"2021-12-21T11:22:53","modified_gmt":"2021-12-21T14:22:53","slug":"invitan-a-familias-ayseninas-a-ser-parte-de-su-feria-educativa-navidena-2021","status":"publish","type":"post","link":"https:\/\/radiorevelacionfm.cl\/?p=12100","title":{"rendered":"Invitan a familias ayseninas a ser parte de su Feria Educativa Navide\u00f1a 2021"},"content":{"rendered":"<div class=\"flex_column av_one_full  flex_column_div av-zero-column-padding first  avia-builder-el-0  el_before_av_one_full  avia-builder-el-first  \" style='border-radius:0px; '><div  class='avia-image-container  av-styling-    avia-builder-el-1  avia-builder-el-no-sibling  avia-align-center '  itemprop=\"image\" itemscope=\"itemscope\" itemtype=\"https:\/\/schema.org\/ImageObject\"  ><div class='avia-image-container-inner'><div class='avia-image-overlay-wrap'><img decoding=\"async\" class='wp-image-12101 avia-img-lazy-loading-not-12101 avia_image' src=\"https:\/\/radiorevelacionfm.cl\/wp-content\/uploads\/2021\/12\/Afiche-Gran-feria-navidena-DEM-01-2-2.png\" alt='' title='Afiche Gran feria navide\u00f1a DEM-01-2-2' height=\"600\" width=\"600\"  itemprop=\"thumbnailUrl\" srcset=\"https:\/\/radiorevelacionfm.cl\/wp-content\/uploads\/2021\/12\/Afiche-Gran-feria-navidena-DEM-01-2-2.png 600w, https:\/\/radiorevelacionfm.cl\/wp-content\/uploads\/2021\/12\/Afiche-Gran-feria-navidena-DEM-01-2-2-300x300.png 300w, https:\/\/radiorevelacionfm.cl\/wp-content\/uploads\/2021\/12\/Afiche-Gran-feria-navidena-DEM-01-2-2-80x80.png 80w, https:\/\/radiorevelacionfm.cl\/wp-content\/uploads\/2021\/12\/Afiche-Gran-feria-navidena-DEM-01-2-2-36x36.png 36w, https:\/\/radiorevelacionfm.cl\/wp-content\/uploads\/2021\/12\/Afiche-Gran-feria-navidena-DEM-01-2-2-180x180.png 180w, https:\/\/radiorevelacionfm.cl\/wp-content\/uploads\/2021\/12\/Afiche-Gran-feria-navidena-DEM-01-2-2-100x100.png 100w\" sizes=\"(max-width: 600px) 100vw, 600px\" \/><\/div><\/div><\/div><\/div><div class=\"flex_column av_one_full  flex_column_div av-zero-column-padding first  avia-builder-el-2  el_after_av_one_full  el_before_av_one_full  column-top-margin\" style='border-radius:0px; '><section class=\"av_textblock_section \"  itemscope=\"itemscope\" itemtype=\"https:\/\/schema.org\/BlogPosting\" itemprop=\"blogPost\" ><div class='avia_textblock  '   itemprop=\"text\" ><p style=\"text-align: center;\"><span style=\"font-size: 18pt;\"><strong>Invitan a familias ayseninas a ser parte de su Feria Educativa Navide\u00f1a 2021<\/strong><\/span><\/p>\n<div id=\"gtx-trans\" style=\"position: absolute; left: -50px; top: 4.31534px;\">\n<div class=\"gtx-trans-icon\"><\/div>\n<\/div>\n<\/div><\/section><\/div><div class=\"flex_column av_one_full  flex_column_div av-zero-column-padding first  avia-builder-el-4  el_after_av_one_full  el_before_av_hr  column-top-margin\" style='border-radius:0px; '><section class=\"av_textblock_section \"  itemscope=\"itemscope\" itemtype=\"https:\/\/schema.org\/BlogPosting\" itemprop=\"blogPost\" ><div class='avia_textblock  '   itemprop=\"text\" ><p style=\"text-align: justify;\">Conocer la oferta program\u00e1tica para el pr\u00f3ximo 2022 es el objetivo de la Feria Educativa Navide\u00f1a que se realizar\u00e1 este mi\u00e9rcoles en el concurrido paseo Mahu\u00e9n de Puerto Ays\u00e9n, y que est\u00e1 organizada por la Direcci\u00f3n de Educaci\u00f3n Municipal, DEM.<\/p>\n<p style=\"text-align: justify;\">A partir de las 16.00 horas se llevar\u00e1 a cabo esta iniciativa que, entre otros, incorporar\u00e1 la participaci\u00f3n de sus programas \u00edconos como son la Orquesta Escolar Comunal y el taller de kayak Ping\u00fcinos al Agua. Asimismo, habr\u00e1 stands informativos sobre los jardines infantiles en convenio VTF con el municipio local y la Escuela Hospitalaria, \u00fanica en la regi\u00f3n y que opera desde 2020 en la comuna.<\/p>\n<p style=\"text-align: justify;\">Se dispondr\u00e1, igualmente, de puestos para acercar a la comunidad a lo que son los programas en convenio entre la Municipalidad de Ays\u00e9n y la Junta Nacional de Auxilio Escolar y Becas, JUNAEB, como son Salud Oral, PSO, y Habilidades para la Vida, HPV.<\/p>\n<p style=\"text-align: justify;\">\u201cHabr\u00e1 m\u00fasica, concursos, baile, harta diversi\u00f3n, especialmente para los m\u00e1s peque\u00f1os. As\u00ed que reiteramos la invitaci\u00f3n a ni\u00f1os y grandes para que asistan y conozcan de forma entretenida lo que tenemos preparado para el pr\u00f3ximo a\u00f1o\u201d, manifest\u00f3 Cynthia Arra\u00f1o, encargada de la Unidad Extraescolar del DEM Ays\u00e9n.<\/p>\n<p style=\"text-align: justify;\">\u201cTendremos zumba para que la familia la pase bien, animaci\u00f3n y, por supuesto, la premiaci\u00f3n de nuestro concurso de TikTok navide\u00f1o, quienes estar\u00e1n en concurso hasta el mediod\u00eda del mi\u00e9rcoles para durante la tarde del mismo d\u00eda, premiar\u201d, se\u00f1al\u00f3 Arra\u00f1o Vera, agregando que \u201caprovechamos de agradecer los hermosos videos que hemos recibido y desde ya invitamos a la comunidad a conocer nuestros programas que apuestan, no s\u00f3lo a la parte pedag\u00f3gica o acad\u00e9mica, sino que tambi\u00e9n por salud f\u00edsica y, especialmente, mental de nuestros estudiantes, y estas don las actividades que incentivan la participaci\u00f3n recreativa de nuestros ni\u00f1os, ni\u00f1as y adolescentes\u201d, finaliz\u00f3.<\/p>\n<\/div><\/section><\/div><div  style='height:50px' class='hr hr-invisible   avia-builder-el-6  el_after_av_one_full  el_before_av_social_share '><span class='hr-inner ' ><span class='hr-inner-style'><\/span><\/span><\/div><\/p>\n<div  class='av-social-sharing-box  avia-builder-el-7  el_after_av_hr  el_before_av_hr  '><div class='av-share-box'><h5 class='av-share-link-description av-no-toc '>Compartir esta noticia<\/h5><ul class='av-share-box-list noLightbox'><li class='av-share-link av-social-link-facebook' ><a target=\"_blank\" aria-label=\"Compartir en Facebook\" href='https:\/\/www.facebook.com\/sharer.php?u=https:\/\/radiorevelacionfm.cl\/?p=12100&#038;t=Invitan%20a%20familias%20ayseninas%20a%20ser%20parte%20de%20su%20Feria%20Educativa%20Navide%C3%B1a%202021' aria-hidden='false' data-av_icon='\ue8f3' data-av_iconfont='entypo-fontello' title='' data-avia-related-tooltip='Compartir en Facebook' rel=\"noopener\"><span class='avia_hidden_link_text'>Compartir en Facebook<\/span><\/a><\/li><li class='av-share-link av-social-link-twitter' ><a target=\"_blank\" aria-label=\"Compartir en Twitter\" href='https:\/\/twitter.com\/share?text=Invitan%20a%20familias%20ayseninas%20a%20ser%20parte%20de%20su%20Feria%20Educativa%20Navide%C3%B1a%202021&#038;url=https:\/\/radiorevelacionfm.cl\/?p=12100' aria-hidden='false' data-av_icon='\ue8f1' data-av_iconfont='entypo-fontello' title='' data-avia-related-tooltip='Compartir en Twitter' rel=\"noopener\"><span class='avia_hidden_link_text'>Compartir en Twitter<\/span><\/a><\/li><li class='av-share-link av-social-link-whatsapp' ><a target=\"_blank\" aria-label=\"Compartir en Whatsapp\" href='https:\/\/api.whatsapp.com\/send?text=https:\/\/radiorevelacionfm.cl\/?p=12100' aria-hidden='false' data-av_icon='\uf232' data-av_iconfont='entypo-fontello' title='' data-avia-related-tooltip='Compartir en Whatsapp' rel=\"noopener\"><span class='avia_hidden_link_text'>Compartir en Whatsapp<\/span><\/a><\/li><li class='av-share-link av-social-link-linkedin' ><a target=\"_blank\" aria-label=\"Compartir en LinkedIn\" href='https:\/\/linkedin.com\/shareArticle?mini=true&#038;title=Invitan%20a%20familias%20ayseninas%20a%20ser%20parte%20de%20su%20Feria%20Educativa%20Navide%C3%B1a%202021&#038;url=https:\/\/radiorevelacionfm.cl\/?p=12100' aria-hidden='false' data-av_icon='\ue8fc' data-av_iconfont='entypo-fontello' title='' data-avia-related-tooltip='Compartir en LinkedIn' rel=\"noopener\"><span class='avia_hidden_link_text'>Compartir en LinkedIn<\/span><\/a><\/li><li class='av-share-link av-social-link-mail' ><a  aria-label=\"Compartir por correo\" href='mailto:?subject=Invitan%20a%20familias%20ayseninas%20a%20ser%20parte%20de%20su%20Feria%20Educativa%20Navide%C3%B1a%202021&#038;body=https:\/\/radiorevelacionfm.cl\/?p=12100' aria-hidden='false' data-av_icon='\ue805' data-av_iconfont='entypo-fontello' title='' data-avia-related-tooltip='Compartir por correo'><span class='avia_hidden_link_text'>Compartir por correo<\/span><\/a><\/li><\/ul><\/div><\/div>\n<div  style='height:50px' class='hr hr-invisible   avia-builder-el-8  el_after_av_social_share  el_before_av_comments_list '><span class='hr-inner ' ><span class='hr-inner-style'><\/span><\/span><\/div>\n<div  class='av-buildercomment  av-blog-meta-html-info-disabled av-blog-meta-tag-disabled  '><\/div>\n","protected":false},"excerpt":{"rendered":"","protected":false},"author":1,"featured_media":12101,"comment_status":"open","ping_status":"open","sticky":false,"template":"","format":"standard","meta":{"footnotes":""},"categories":[38],"tags":[],"class_list":["post-12100","post","type-post","status-publish","format-standard","has-post-thumbnail","hentry","category-regional"],"jetpack_featured_media_url":"https:\/\/radiorevelacionfm.cl\/wp-content\/uploads\/2021\/12\/Afiche-Gran-feria-navidena-DEM-01-2-2.png","_links":{"self":[{"href":"https:\/\/radiorevelacionfm.cl\/index.php?rest_route=\/wp\/v2\/posts\/12100","targetHints":{"allow":["GET"]}}],"collection":[{"href":"https:\/\/radiorevelacionfm.cl\/index.php?rest_route=\/wp\/v2\/posts"}],"about":[{"href":"https:\/\/radiorevelacionfm.cl\/index.php?rest_route=\/wp\/v2\/types\/post"}],"author":[{"embeddable":true,"href":"https:\/\/radiorevelacionfm.cl\/index.php?rest_route=\/wp\/v2\/users\/1"}],"replies":[{"embeddable":true,"href":"https:\/\/radiorevelacionfm.cl\/index.php?rest_route=%2Fwp%2Fv2%2Fcomments&post=12100"}],"version-history":[{"count":2,"href":"https:\/\/radiorevelacionfm.cl\/index.php?rest_route=\/wp\/v2\/posts\/12100\/revisions"}],"predecessor-version":[{"id":12103,"href":"https:\/\/radiorevelacionfm.cl\/index.php?rest_route=\/wp\/v2\/posts\/12100\/revisions\/12103"}],"wp:featuredmedia":[{"embeddable":true,"href":"https:\/\/radiorevelacionfm.cl\/index.php?rest_route=\/wp\/v2\/media\/12101"}],"wp:attachment":[{"href":"https:\/\/radiorevelacionfm.cl\/index.php?rest_route=%2Fwp%2Fv2%2Fmedia&parent=12100"}],"wp:term":[{"taxonomy":"category","embeddable":true,"href":"https:\/\/radiorevelacionfm.cl\/index.php?rest_route=%2Fwp%2Fv2%2Fcategories&post=12100"},{"taxonomy":"post_tag","embeddable":true,"href":"https:\/\/radiorevelacionfm.cl\/index.php?rest_route=%2Fwp%2Fv2%2Ftags&post=12100"}],"curies":[{"name":"wp","href":"https:\/\/api.w.org\/{rel}","templated":true}]}}