{"id":12096,"date":"2021-12-21T11:04:21","date_gmt":"2021-12-21T14:04:21","guid":{"rendered":"https:\/\/radiorevelacionfm.cl\/?p=12096"},"modified":"2021-12-21T11:04:21","modified_gmt":"2021-12-21T14:04:21","slug":"gobierno-regional-adquiere-maquinaria-para-mantenimiento-en-vias-de-la-comuna-de-rio-ibanez","status":"publish","type":"post","link":"https:\/\/radiorevelacionfm.cl\/?p=12096","title":{"rendered":"Gobierno Regional adquiere maquinaria para mantenimiento en v\u00edas de la comuna de R\u00edo Ib\u00e1\u00f1ez"},"content":{"rendered":"<div class=\"flex_column av_one_full  flex_column_div av-zero-column-padding first  avia-builder-el-0  el_before_av_one_full  avia-builder-el-first  \" style='border-radius:0px; '><div  class='avia-image-container  av-styling-    avia-builder-el-1  avia-builder-el-no-sibling  avia-align-center '  itemprop=\"image\" itemscope=\"itemscope\" itemtype=\"https:\/\/schema.org\/ImageObject\"  ><div class='avia-image-container-inner'><div class='avia-image-overlay-wrap'><img decoding=\"async\" class='wp-image-12097 avia-img-lazy-loading-not-12097 avia_image' src=\"https:\/\/radiorevelacionfm.cl\/wp-content\/uploads\/2021\/12\/foto1-2_optimized.jpeg\" alt='' title='foto1-2_optimized' height=\"600\" width=\"900\"  itemprop=\"thumbnailUrl\" srcset=\"https:\/\/radiorevelacionfm.cl\/wp-content\/uploads\/2021\/12\/foto1-2_optimized.jpeg 900w, https:\/\/radiorevelacionfm.cl\/wp-content\/uploads\/2021\/12\/foto1-2_optimized-300x200.jpeg 300w, https:\/\/radiorevelacionfm.cl\/wp-content\/uploads\/2021\/12\/foto1-2_optimized-768x512.jpeg 768w, https:\/\/radiorevelacionfm.cl\/wp-content\/uploads\/2021\/12\/foto1-2_optimized-705x470.jpeg 705w, https:\/\/radiorevelacionfm.cl\/wp-content\/uploads\/2021\/12\/foto1-2_optimized-600x400.jpeg 600w\" sizes=\"(max-width: 900px) 100vw, 900px\" \/><\/div><\/div><\/div><\/div><div class=\"flex_column av_one_full  flex_column_div av-zero-column-padding first  avia-builder-el-2  el_after_av_one_full  el_before_av_one_full  column-top-margin\" style='border-radius:0px; '><section class=\"av_textblock_section \"  itemscope=\"itemscope\" itemtype=\"https:\/\/schema.org\/BlogPosting\" itemprop=\"blogPost\" ><div class='avia_textblock  '   itemprop=\"text\" ><p style=\"text-align: center;\"><span style=\"font-size: 18pt;\"><b>Gobierno Regional adquiere maquinaria para mantenimiento en v\u00edas de la comuna de R\u00edo Ib\u00e1\u00f1ez <\/b><\/span><\/p>\n<div id=\"gtx-trans\" style=\"position: absolute; left: -50px; top: 4.31534px;\">\n<div class=\"gtx-trans-icon\"><\/div>\n<\/div>\n<\/div><\/section><\/div><div class=\"flex_column av_one_full  flex_column_div av-zero-column-padding first  avia-builder-el-4  el_after_av_one_full  el_before_av_hr  column-top-margin\" style='border-radius:0px; '><section class=\"av_textblock_section \"  itemscope=\"itemscope\" itemtype=\"https:\/\/schema.org\/BlogPosting\" itemprop=\"blogPost\" ><div class='avia_textblock  '   itemprop=\"text\" ><p style=\"text-align: justify;\">\u00abTodos somos conscientes esta administraci\u00f3n y nuestro Consejo Regional que los municipios no siempre tienen las capacidades econ\u00f3micas para poder llevar adelante iniciativas que la ciudadan\u00eda necesita, hoy d\u00eda estamos en Puerto Ib\u00e1\u00f1ez entregando dos maquinarias del Municipio, una cama baja y va permitir el transporte de maquinaria pesada adem\u00e1s de una retroexcavadora esto para dar respuesta a la comunidad en materia sobre todo del trabajo y mejoramiento de caminos sendas de penetraci\u00f3n que puedan permitir, adem\u00e1s, que las propias familias tengan nuevas y mejores oportunidades de desarrollo\u00bb, afirm\u00f3 en la ceremonia de entrega de las maquinarias la Gobernadora Regional, Andrea Mac\u00edas Palma.<\/p>\n<p style=\"text-align: justify;\">La compra de una excavadora marca Sany y de un remolque cama baja ser\u00e1 para la mantenci\u00f3n de caminos no enrolados y sendas de la comuna de R\u00edo Ib\u00e1\u00f1ez, lo que apoyar\u00e1 la mantenci\u00f3n de tr\u00e1nsito expedito por las distintas rutas, especialmente en \u00e9pocas invernales y de alto flujo tur\u00edstico.<\/p>\n<p style=\"text-align: justify;\">Para el alcalde de la comuna, Marcelo Santana, el apoyo del Gobierno Regional es tremendamente significativo tomando en cuenta los desaf\u00edos que tiene la comuna a futuro. \u00abHa sido un aporte sustancial muy significativo para nosotros que trabajamos todos los d\u00edas en conectividad rural en una comuna dif\u00edcil de dif\u00edcil geograf\u00eda como es R\u00edo Ib\u00e1\u00f1ez y d\u00f3nde tenemos m\u00e1s de veintitr\u00e9s sectores rurales, los cuales a\u00f1o, necesitan seguir mejorando en conectividad. Hay mucho esfuerzo de parte de nuestro equipo humano de los profesionales que est\u00e1n en el municipio y que realizan gestionan y dise\u00f1an esta iniciativa para que luego con la voluntad de la Gobernadora y de los Consejeros Regionales de nuestra provincia se puedan financiar\u00bb, afirm\u00f3 en la ocasi\u00f3n.<\/p>\n<p style=\"text-align: justify;\">La iniciativa cont\u00f3 con el apoyo de los dos Consejeros Regionales de la Provincia, Carlos Quintul y Washington Medina, quienes destacaron el impacto que se tendr\u00e1 para las y los vecinos de los sectores rurales de Ib\u00e1\u00f1ez.<\/p>\n<p style=\"text-align: justify;\">\u00abContento en realidad de poder recibir una m\u00e1quina de esta envergadura para la comuna R\u00edo Ib\u00e1\u00f1ez d\u00f3nde se le quiere agradecer a la sra Gobernadora Regional. Es muy dif\u00edcil para un Municipio poder adquirir una m\u00e1quina como, m\u00e1s de 190 millones de pesos, no es f\u00e1cil adquirirla y cr\u00e9ame que viene a mejorar la calidad de vida de mucha de nuestra gente. Por ejemplo, el sector campesino somos muchos sectores rurales que necesitamos caminos, necesitamos darle soluciones dignas a nuestra gente\u00bb, afirm\u00f3 el Consejero Quintul.<\/p>\n<p style=\"text-align: justify;\">Por su parte, el Consejero Medina tambi\u00e9n record\u00f3 que viene un proceso de adquisici\u00f3n tambi\u00e9n para la comuna de Chile Chico. \u00abPara poder fortalecer con maquinaria nueva, a trav\u00e9s de una circular del subt\u00edtulo 29 del Gobierno Regional y hoy se concreta de forma efectiva con la compra de esta retroexcavadora y cama baja\u00bb.<\/p>\n<p style=\"text-align: justify;\">Finalmente, la Gobernadora Andrea Mac\u00edas reafirma el compromiso que tiene el Gobierno Regional de entablar con los Municipios una relaci\u00f3n cercana y colaborativa para el beneficio de la comunidad. \u00abLa primera respuesta del Estado siempre va a venir desde los Municipios, por lo tanto es ah\u00ed donde hemos centrado nuestra mirada como administraci\u00f3n, como Consejo Regional tambi\u00e9n, para poder avanzar y dar una mejor respuesta m\u00e1s oportuna a nuestra gente\u00bb.<\/p>\n<\/div><\/section><\/div><div  style='height:50px' class='hr hr-invisible   avia-builder-el-6  el_after_av_one_full  el_before_av_social_share '><span class='hr-inner ' ><span class='hr-inner-style'><\/span><\/span><\/div><\/p>\n<div  class='av-social-sharing-box  avia-builder-el-7  el_after_av_hr  el_before_av_hr  '><div class='av-share-box'><h5 class='av-share-link-description av-no-toc '>Compartir esta noticia<\/h5><ul class='av-share-box-list noLightbox'><li class='av-share-link av-social-link-facebook' ><a target=\"_blank\" aria-label=\"Compartir en Facebook\" href='https:\/\/www.facebook.com\/sharer.php?u=https:\/\/radiorevelacionfm.cl\/?p=12096&#038;t=Gobierno%20Regional%20adquiere%20maquinaria%20para%20mantenimiento%20en%20v%C3%ADas%20de%20la%20comuna%20de%20R%C3%ADo%20Ib%C3%A1%C3%B1ez' aria-hidden='false' data-av_icon='\ue8f3' data-av_iconfont='entypo-fontello' title='' data-avia-related-tooltip='Compartir en Facebook' rel=\"noopener\"><span class='avia_hidden_link_text'>Compartir en Facebook<\/span><\/a><\/li><li class='av-share-link av-social-link-twitter' ><a target=\"_blank\" aria-label=\"Compartir en Twitter\" href='https:\/\/twitter.com\/share?text=Gobierno%20Regional%20adquiere%20maquinaria%20para%20mantenimiento%20en%20v%C3%ADas%20de%20la%20comuna%20de%20R%C3%ADo%20Ib%C3%A1%C3%B1ez&#038;url=https:\/\/radiorevelacionfm.cl\/?p=12096' aria-hidden='false' data-av_icon='\ue8f1' data-av_iconfont='entypo-fontello' title='' data-avia-related-tooltip='Compartir en Twitter' rel=\"noopener\"><span class='avia_hidden_link_text'>Compartir en Twitter<\/span><\/a><\/li><li class='av-share-link av-social-link-whatsapp' ><a target=\"_blank\" aria-label=\"Compartir en Whatsapp\" href='https:\/\/api.whatsapp.com\/send?text=https:\/\/radiorevelacionfm.cl\/?p=12096' aria-hidden='false' data-av_icon='\uf232' data-av_iconfont='entypo-fontello' title='' data-avia-related-tooltip='Compartir en Whatsapp' rel=\"noopener\"><span class='avia_hidden_link_text'>Compartir en Whatsapp<\/span><\/a><\/li><li class='av-share-link av-social-link-linkedin' ><a target=\"_blank\" aria-label=\"Compartir en LinkedIn\" href='https:\/\/linkedin.com\/shareArticle?mini=true&#038;title=Gobierno%20Regional%20adquiere%20maquinaria%20para%20mantenimiento%20en%20v%C3%ADas%20de%20la%20comuna%20de%20R%C3%ADo%20Ib%C3%A1%C3%B1ez&#038;url=https:\/\/radiorevelacionfm.cl\/?p=12096' aria-hidden='false' data-av_icon='\ue8fc' data-av_iconfont='entypo-fontello' title='' data-avia-related-tooltip='Compartir en LinkedIn' rel=\"noopener\"><span class='avia_hidden_link_text'>Compartir en LinkedIn<\/span><\/a><\/li><li class='av-share-link av-social-link-mail' ><a  aria-label=\"Compartir por correo\" href='mailto:?subject=Gobierno%20Regional%20adquiere%20maquinaria%20para%20mantenimiento%20en%20v%C3%ADas%20de%20la%20comuna%20de%20R%C3%ADo%20Ib%C3%A1%C3%B1ez&#038;body=https:\/\/radiorevelacionfm.cl\/?p=12096' aria-hidden='false' data-av_icon='\ue805' data-av_iconfont='entypo-fontello' title='' data-avia-related-tooltip='Compartir por correo'><span class='avia_hidden_link_text'>Compartir por correo<\/span><\/a><\/li><\/ul><\/div><\/div>\n<div  style='height:50px' class='hr hr-invisible   avia-builder-el-8  el_after_av_social_share  el_before_av_comments_list '><span class='hr-inner ' ><span class='hr-inner-style'><\/span><\/span><\/div>\n<div  class='av-buildercomment  av-blog-meta-html-info-disabled av-blog-meta-tag-disabled  '><\/div>\n","protected":false},"excerpt":{"rendered":"","protected":false},"author":1,"featured_media":12097,"comment_status":"open","ping_status":"open","sticky":false,"template":"","format":"standard","meta":{"footnotes":""},"categories":[38],"tags":[],"class_list":["post-12096","post","type-post","status-publish","format-standard","has-post-thumbnail","hentry","category-regional"],"jetpack_featured_media_url":"https:\/\/radiorevelacionfm.cl\/wp-content\/uploads\/2021\/12\/foto1-2_optimized.jpeg","_links":{"self":[{"href":"https:\/\/radiorevelacionfm.cl\/index.php?rest_route=\/wp\/v2\/posts\/12096","targetHints":{"allow":["GET"]}}],"collection":[{"href":"https:\/\/radiorevelacionfm.cl\/index.php?rest_route=\/wp\/v2\/posts"}],"about":[{"href":"https:\/\/radiorevelacionfm.cl\/index.php?rest_route=\/wp\/v2\/types\/post"}],"author":[{"embeddable":true,"href":"https:\/\/radiorevelacionfm.cl\/index.php?rest_route=\/wp\/v2\/users\/1"}],"replies":[{"embeddable":true,"href":"https:\/\/radiorevelacionfm.cl\/index.php?rest_route=%2Fwp%2Fv2%2Fcomments&post=12096"}],"version-history":[{"count":2,"href":"https:\/\/radiorevelacionfm.cl\/index.php?rest_route=\/wp\/v2\/posts\/12096\/revisions"}],"predecessor-version":[{"id":12099,"href":"https:\/\/radiorevelacionfm.cl\/index.php?rest_route=\/wp\/v2\/posts\/12096\/revisions\/12099"}],"wp:featuredmedia":[{"embeddable":true,"href":"https:\/\/radiorevelacionfm.cl\/index.php?rest_route=\/wp\/v2\/media\/12097"}],"wp:attachment":[{"href":"https:\/\/radiorevelacionfm.cl\/index.php?rest_route=%2Fwp%2Fv2%2Fmedia&parent=12096"}],"wp:term":[{"taxonomy":"category","embeddable":true,"href":"https:\/\/radiorevelacionfm.cl\/index.php?rest_route=%2Fwp%2Fv2%2Fcategories&post=12096"},{"taxonomy":"post_tag","embeddable":true,"href":"https:\/\/radiorevelacionfm.cl\/index.php?rest_route=%2Fwp%2Fv2%2Ftags&post=12096"}],"curies":[{"name":"wp","href":"https:\/\/api.w.org\/{rel}","templated":true}]}}