{"id":12092,"date":"2021-12-20T22:52:14","date_gmt":"2021-12-21T01:52:14","guid":{"rendered":"https:\/\/radiorevelacionfm.cl\/?p=12092"},"modified":"2021-12-20T22:52:14","modified_gmt":"2021-12-21T01:52:14","slug":"condenan-a-10-anos-de-presidio-a-ex-alcalde-de-guaitecas-por-malversacion-de-caudales-publicos","status":"publish","type":"post","link":"https:\/\/radiorevelacionfm.cl\/?p=12092","title":{"rendered":"Condenan a 10 a\u00f1os de presidio a ex alcalde de Guaitecas por malversaci\u00f3n de caudales p\u00fablicos"},"content":{"rendered":"<div class=\"flex_column av_one_full  flex_column_div av-zero-column-padding first  avia-builder-el-0  el_before_av_one_full  avia-builder-el-first  \" style='border-radius:0px; '><div  class='avia-image-container  av-styling-    avia-builder-el-1  avia-builder-el-no-sibling  avia-align-center '  itemprop=\"image\" itemscope=\"itemscope\" itemtype=\"https:\/\/schema.org\/ImageObject\"  ><div class='avia-image-container-inner'><div class='avia-image-overlay-wrap'><img decoding=\"async\" class='wp-image-11200 avia-img-lazy-loading-not-11200 avia_image' src=\"https:\/\/radiorevelacionfm.cl\/wp-content\/uploads\/2021\/11\/Ex-Alcalde-Alvarado-1-1.jpg\" alt='' title='Ex-Alcalde Alvarado (1) (1)' height=\"600\" width=\"902\"  itemprop=\"thumbnailUrl\" srcset=\"https:\/\/radiorevelacionfm.cl\/wp-content\/uploads\/2021\/11\/Ex-Alcalde-Alvarado-1-1.jpg 902w, https:\/\/radiorevelacionfm.cl\/wp-content\/uploads\/2021\/11\/Ex-Alcalde-Alvarado-1-1-300x200.jpg 300w, https:\/\/radiorevelacionfm.cl\/wp-content\/uploads\/2021\/11\/Ex-Alcalde-Alvarado-1-1-768x511.jpg 768w, https:\/\/radiorevelacionfm.cl\/wp-content\/uploads\/2021\/11\/Ex-Alcalde-Alvarado-1-1-705x469.jpg 705w, https:\/\/radiorevelacionfm.cl\/wp-content\/uploads\/2021\/11\/Ex-Alcalde-Alvarado-1-1-600x399.jpg 600w\" sizes=\"(max-width: 902px) 100vw, 902px\" \/><\/div><\/div><\/div><\/div><div class=\"flex_column av_one_full  flex_column_div av-zero-column-padding first  avia-builder-el-2  el_after_av_one_full  el_before_av_one_full  column-top-margin\" style='border-radius:0px; '><section class=\"av_textblock_section \"  itemscope=\"itemscope\" itemtype=\"https:\/\/schema.org\/BlogPosting\" itemprop=\"blogPost\" ><div class='avia_textblock  '   itemprop=\"text\" ><p style=\"text-align: center;\"><span style=\"font-size: 18pt;\"><strong>Condenan a 10 a\u00f1os de presidio a ex alcalde de Guaitecas por malversaci\u00f3n de caudales p\u00fablicos<\/strong><\/span><\/p>\n<div id=\"gtx-trans\" style=\"position: absolute; left: -50px; top: 4.31534px;\">\n<div class=\"gtx-trans-icon\"><\/div>\n<\/div>\n<\/div><\/section><\/div><div class=\"flex_column av_one_full  flex_column_div av-zero-column-padding first  avia-builder-el-4  el_after_av_one_full  el_before_av_hr  column-top-margin\" style='border-radius:0px; '><section class=\"av_textblock_section \"  itemscope=\"itemscope\" itemtype=\"https:\/\/schema.org\/BlogPosting\" itemprop=\"blogPost\" ><div class='avia_textblock  '   itemprop=\"text\" ><p class=\"v1MsoNormal\" style=\"text-align: justify;\">El Tribunal de Juicio Oral en lo Penal de Coyhaique conden\u00f3 hoy \u2013lunes 20 de diciembre\u2013 a Cristi\u00e1n Alejandro Alvarado Oyarzo, exalcalde de la comuna de Guaitecas, a la pena de 10 a\u00f1os de presidio, en calidad de autor del delito consumado de malversaci\u00f3n de caudales p\u00fablicos. Il\u00edcito perpetrado entre enero de 2013 y \u00a0agosto de 2016,\u00a0en perjuicio de las cuentas fiscales del\u00a0 municipio.<\/p>\n<p class=\"v1MsoNormal\" style=\"text-align: justify;\">En fallo un\u00e1nime (causa rol 20-2020), el tribunal \u2013integrado por los magistrados Rosal\u00eda Mansilla Quiroz (presidenta), Pablo Freire Gavil\u00e1n y Patricio\u00a0 Z\u00fa\u00f1iga Valenzuela (redactor)\u2013 aplic\u00f3, adem\u00e1s, a Alvarado Oyarzo las accesorias legales\u00a0 de\u00a0inhabilitaci\u00f3n absoluta perpetua para cargos y oficios p\u00fablicos y derechos pol\u00edticos y la inhabilitaci\u00f3n absoluta para profesiones titulares mientras dure la condena; m\u00e1s el pago de multa de 15 UTM.<\/p>\n<p class=\"v1MsoNormal\" style=\"text-align: justify;\">En la causa, el\u00a0tribunal conden\u00f3 a \u00a0Cristi\u00e1n Dagoberto Tauda Krema y Luis Marcelo Meli\u00e1n Oyarzo a la pena de 7 a\u00f1os y 182 d\u00edas de presidio efectivo, como autores del delito consumado\u00a0 de fraude al fisco; m\u00e1s el pago de sendas multa ascendente al 5% del perjuicio causado en la Municipalidad de Guaitecas, entre diciembre de 2012 y agosto de 2016.<\/p>\n<p class=\"v1MsoNormal\" style=\"text-align: justify;\">Asimismo, se conden\u00f3 a Rosario de Lourdes Saldivia\u00a0Calixto\u00a0a la pena de 4 a\u00f1os de presidio, con el beneficio de la libertad vigilada por igual lapso; la\u00a0inhabilitaci\u00f3n absoluta temporal en su grado m\u00ednimo y la inhabilitaci\u00f3n absoluta perpetua para cargos y oficios p\u00fablicos; m\u00e1s el pago de una multa de 10 UTM, en calidad de c\u00f3mplice del delito de malversaci\u00f3n de fondos p\u00fablicos.<\/p>\n<p class=\"v1MsoNormal\" style=\"text-align: justify;\">\u00abEn relaci\u00f3n a la pena sustitutiva de libertad vigilada, la condenada deber\u00e1 presentarse en el Centro de Reinserci\u00f3n Social de Gendarmer\u00eda de Chile m\u00e1s cercano de su domicilio, dentro del plazo de diez d\u00edas contados desde que estuviere firme y ejecutoriada la presente sentencia, a fin que el Delegado que le sea asignado proceda a evacuar el respectivo plan de intervenci\u00f3n individual, bajo apercibimiento de que si no lo hace, se despachar\u00e1 en su contra una orden de detenci\u00f3n, y eventualmente podr\u00eda dejarse sin efecto la pena sustitutiva aplicada. El mismo apercibimiento regir\u00e1 si no se presenta en la etapa de ejecuci\u00f3n de la sentencia a cumplir la pena sustitutiva\u00bb, consigna la resoluci\u00f3n.<\/p>\n<p class=\"v1MsoNormal\" style=\"text-align: justify;\">En el aspecto civil, el tribunal acogi\u00f3 la demanda de indemnizaci\u00f3n de perjuicios interpuesta por la parte querellante Consejo de Defensa del Estado en representaci\u00f3n de la Municipalidad de Las Guaitecas, condenado a los sentenciados Alvarado Oyarzo, Tauda Krema Meli\u00e1n Oyarzo y Saldivia Calixto a pagar en forma solidaria, a t\u00edtulo de indemnizaci\u00f3n, la suma de $351.194.314, equivalentes a 6.483,06 UTM, \u00abreajustabilidad contenida en dichas unidades tributarias que se devengar\u00e1 a contar desde que quede ejecutoriado el fallo y hasta el momento de su pago efectivo, con expresa condenaci\u00f3n en costas\u00bb.<\/p>\n<p class=\"v1MsoNormal\" style=\"text-align: justify;\"><b>Hechos acreditados<\/b><\/p>\n<p class=\"v1MsoNormal\" style=\"text-align: justify;\">El tribunal dio por establecido, m\u00e1s all\u00e1 de toda duda razonable que,\u00a0 tanto Cristi\u00e1n Alvarado Oyarzo, en su calidad de alcalde de la comuna de Las Guaitecas, como Ra\u00fal Mansilla Barr\u00eda a la saz\u00f3n jefe de administraci\u00f3n y finanzas de la Municipalidad de Las Guaitecas (con sobreseimiento temporal por encontrase enfermo de gravedad), \u00abmanten\u00edan a su cargo las cuentas fiscales edilicias y de la empresa el\u00e9ctrica de Melinka, pudiendo girar cheques o hacer transferencias bancarias mediante dispositivos electr\u00f3nicos para cumplir el objetivo de satisfacer las necesidades de la comunidad local\u00bb.<img alt=\"https:\/\/ssl.gstatic.com\/ui\/v1\/icons\/mail\/images\/cleardot.gif\" width=\"1\" height=\"1\" \/><\/p>\n<p class=\"v1MsoNormal\" style=\"text-align: justify;\">La resoluci\u00f3n agrega que: \u00abA finales del a\u00f1o 2012 y hasta mediados del a\u00f1o 2016, desde las cuentas corrientes de la Municipalidad de Las Guaitecas y de la empresa el\u00e9ctrica de Melinka, se efectuaron pagos y transferencias electr\u00f3nicas, donde se adquirieron\u00a0bienes y servicios en provecho propio o de terceros, cuya naturaleza es fraudulenta, transfiriendo fondos p\u00fablicos que en ocasiones se respaldaron mediante facturas ideol\u00f3gicamente falsas y decretos de pagos sin respaldo, las que aparentaban la adquisici\u00f3n de bienes o el pago de servicios a terceros\u00bb.<\/p>\n<p class=\"v1MsoNormal\" style=\"text-align: justify;\">\u00abEn esta din\u00e1mica de acciones defraudatorias \u2013ahonda\u2013,\u00a0 Alvarado Oyarzo y Mansilla Barr\u00eda contaban con la participaci\u00f3n de Luis Meli\u00e1n Oyarzo, contador de la empresa el\u00e9ctrica de Las Guaitecas,\u00a0 Cristi\u00e1n Tauda Krema, administrador de la misma y de Rosario Saldivia Calixto, c\u00f3nyuge de Mansilla Barr\u00eda, quienes facilitaron sus cuentas corrientes bancarias para la recepci\u00f3n y desv\u00edo de dineros fiscales, logrando de esta manera sustraer dineros y defraudar al erario fiscal. Que el perjuicio fiscal por las mencionadas operaciones bancarias fraudulentas supera, en cada caso, las 400 UTM\u00bb.<\/p>\n<p class=\"v1MsoNormal\" style=\"text-align: justify;\">\u00abQue el perjuicio fiscal por las mencionadas operaciones bancarias fraudulentas ascienden al perjuicio de $351.194.314 de pesos\u00bb, sostiene la resoluci\u00f3n.<\/p>\n<\/div><\/section><\/div><div  style='height:50px' class='hr hr-invisible   avia-builder-el-6  el_after_av_one_full  el_before_av_social_share '><span class='hr-inner ' ><span class='hr-inner-style'><\/span><\/span><\/div><\/p>\n<div  class='av-social-sharing-box  avia-builder-el-7  el_after_av_hr  el_before_av_hr  '><div class='av-share-box'><h5 class='av-share-link-description av-no-toc '>Compartir esta noticia<\/h5><ul class='av-share-box-list noLightbox'><li class='av-share-link av-social-link-facebook' ><a target=\"_blank\" aria-label=\"Compartir en Facebook\" href='https:\/\/www.facebook.com\/sharer.php?u=https:\/\/radiorevelacionfm.cl\/?p=12092&#038;t=Condenan%20a%2010%20a%C3%B1os%20de%20presidio%20a%20ex%20alcalde%20de%20Guaitecas%20por%20malversaci%C3%B3n%20de%20caudales%20p%C3%BAblicos' aria-hidden='false' data-av_icon='\ue8f3' data-av_iconfont='entypo-fontello' title='' data-avia-related-tooltip='Compartir en Facebook' rel=\"noopener\"><span class='avia_hidden_link_text'>Compartir en Facebook<\/span><\/a><\/li><li class='av-share-link av-social-link-twitter' ><a target=\"_blank\" aria-label=\"Compartir en Twitter\" href='https:\/\/twitter.com\/share?text=Condenan%20a%2010%20a%C3%B1os%20de%20presidio%20a%20ex%20alcalde%20de%20Guaitecas%20por%20malversaci%C3%B3n%20de%20caudales%20p%C3%BAblicos&#038;url=https:\/\/radiorevelacionfm.cl\/?p=12092' aria-hidden='false' data-av_icon='\ue8f1' data-av_iconfont='entypo-fontello' title='' data-avia-related-tooltip='Compartir en Twitter' rel=\"noopener\"><span class='avia_hidden_link_text'>Compartir en Twitter<\/span><\/a><\/li><li class='av-share-link av-social-link-whatsapp' ><a target=\"_blank\" aria-label=\"Compartir en Whatsapp\" href='https:\/\/api.whatsapp.com\/send?text=https:\/\/radiorevelacionfm.cl\/?p=12092' aria-hidden='false' data-av_icon='\uf232' data-av_iconfont='entypo-fontello' title='' data-avia-related-tooltip='Compartir en Whatsapp' rel=\"noopener\"><span class='avia_hidden_link_text'>Compartir en Whatsapp<\/span><\/a><\/li><li class='av-share-link av-social-link-linkedin' ><a target=\"_blank\" aria-label=\"Compartir en LinkedIn\" href='https:\/\/linkedin.com\/shareArticle?mini=true&#038;title=Condenan%20a%2010%20a%C3%B1os%20de%20presidio%20a%20ex%20alcalde%20de%20Guaitecas%20por%20malversaci%C3%B3n%20de%20caudales%20p%C3%BAblicos&#038;url=https:\/\/radiorevelacionfm.cl\/?p=12092' aria-hidden='false' data-av_icon='\ue8fc' data-av_iconfont='entypo-fontello' title='' data-avia-related-tooltip='Compartir en LinkedIn' rel=\"noopener\"><span class='avia_hidden_link_text'>Compartir en LinkedIn<\/span><\/a><\/li><li class='av-share-link av-social-link-mail' ><a  aria-label=\"Compartir por correo\" href='mailto:?subject=Condenan%20a%2010%20a%C3%B1os%20de%20presidio%20a%20ex%20alcalde%20de%20Guaitecas%20por%20malversaci%C3%B3n%20de%20caudales%20p%C3%BAblicos&#038;body=https:\/\/radiorevelacionfm.cl\/?p=12092' aria-hidden='false' data-av_icon='\ue805' data-av_iconfont='entypo-fontello' title='' data-avia-related-tooltip='Compartir por correo'><span class='avia_hidden_link_text'>Compartir por correo<\/span><\/a><\/li><\/ul><\/div><\/div>\n<div  style='height:50px' class='hr hr-invisible   avia-builder-el-8  el_after_av_social_share  el_before_av_comments_list '><span class='hr-inner ' ><span class='hr-inner-style'><\/span><\/span><\/div>\n<div  class='av-buildercomment  av-blog-meta-html-info-disabled av-blog-meta-tag-disabled  '><\/div>\n","protected":false},"excerpt":{"rendered":"","protected":false},"author":1,"featured_media":11200,"comment_status":"open","ping_status":"open","sticky":false,"template":"","format":"standard","meta":{"footnotes":""},"categories":[55],"tags":[],"class_list":["post-12092","post","type-post","status-publish","format-standard","has-post-thumbnail","hentry","category-justicia"],"jetpack_featured_media_url":"https:\/\/radiorevelacionfm.cl\/wp-content\/uploads\/2021\/11\/Ex-Alcalde-Alvarado-1-1.jpg","_links":{"self":[{"href":"https:\/\/radiorevelacionfm.cl\/index.php?rest_route=\/wp\/v2\/posts\/12092","targetHints":{"allow":["GET"]}}],"collection":[{"href":"https:\/\/radiorevelacionfm.cl\/index.php?rest_route=\/wp\/v2\/posts"}],"about":[{"href":"https:\/\/radiorevelacionfm.cl\/index.php?rest_route=\/wp\/v2\/types\/post"}],"author":[{"embeddable":true,"href":"https:\/\/radiorevelacionfm.cl\/index.php?rest_route=\/wp\/v2\/users\/1"}],"replies":[{"embeddable":true,"href":"https:\/\/radiorevelacionfm.cl\/index.php?rest_route=%2Fwp%2Fv2%2Fcomments&post=12092"}],"version-history":[{"count":2,"href":"https:\/\/radiorevelacionfm.cl\/index.php?rest_route=\/wp\/v2\/posts\/12092\/revisions"}],"predecessor-version":[{"id":12094,"href":"https:\/\/radiorevelacionfm.cl\/index.php?rest_route=\/wp\/v2\/posts\/12092\/revisions\/12094"}],"wp:featuredmedia":[{"embeddable":true,"href":"https:\/\/radiorevelacionfm.cl\/index.php?rest_route=\/wp\/v2\/media\/11200"}],"wp:attachment":[{"href":"https:\/\/radiorevelacionfm.cl\/index.php?rest_route=%2Fwp%2Fv2%2Fmedia&parent=12092"}],"wp:term":[{"taxonomy":"category","embeddable":true,"href":"https:\/\/radiorevelacionfm.cl\/index.php?rest_route=%2Fwp%2Fv2%2Fcategories&post=12092"},{"taxonomy":"post_tag","embeddable":true,"href":"https:\/\/radiorevelacionfm.cl\/index.php?rest_route=%2Fwp%2Fv2%2Ftags&post=12092"}],"curies":[{"name":"wp","href":"https:\/\/api.w.org\/{rel}","templated":true}]}}