{"id":12087,"date":"2021-12-21T10:17:46","date_gmt":"2021-12-21T13:17:46","guid":{"rendered":"https:\/\/radiorevelacionfm.cl\/?p=12087"},"modified":"2021-12-21T10:17:46","modified_gmt":"2021-12-21T13:17:46","slug":"dia-nacional-contra-el-femicidio-cif-realiza-llamado-a-denunciar-todo-tipo-de-violencia-de-genero","status":"publish","type":"post","link":"https:\/\/radiorevelacionfm.cl\/?p=12087","title":{"rendered":"D\u00eda Nacional Contra el Femicidio: CIF realiza llamado a denunciar todo tipo de violencia de g\u00e9nero"},"content":{"rendered":"<div class=\"flex_column av_one_full  flex_column_div av-zero-column-padding first  avia-builder-el-0  el_before_av_one_full  avia-builder-el-first  \" style='border-radius:0px; '><div  class='avia-image-container  av-styling-    avia-builder-el-1  avia-builder-el-no-sibling  avia-align-center '  itemprop=\"image\" itemscope=\"itemscope\" itemtype=\"https:\/\/schema.org\/ImageObject\"  ><div class='avia-image-container-inner'><div class='avia-image-overlay-wrap'><img decoding=\"async\" class='wp-image-12088 avia-img-lazy-loading-not-12088 avia_image' src=\"https:\/\/radiorevelacionfm.cl\/wp-content\/uploads\/2021\/12\/dia-nacional-contra-el-femicidio-aysen-3-2_optimized.jpeg\" alt='' title='d\u00eda-nacional-contra-el-femicidio-ays\u00e9n--3-2_optimized' height=\"600\" width=\"1067\"  itemprop=\"thumbnailUrl\" srcset=\"https:\/\/radiorevelacionfm.cl\/wp-content\/uploads\/2021\/12\/dia-nacional-contra-el-femicidio-aysen-3-2_optimized.jpeg 1067w, https:\/\/radiorevelacionfm.cl\/wp-content\/uploads\/2021\/12\/dia-nacional-contra-el-femicidio-aysen-3-2_optimized-300x169.jpeg 300w, https:\/\/radiorevelacionfm.cl\/wp-content\/uploads\/2021\/12\/dia-nacional-contra-el-femicidio-aysen-3-2_optimized-1030x579.jpeg 1030w, https:\/\/radiorevelacionfm.cl\/wp-content\/uploads\/2021\/12\/dia-nacional-contra-el-femicidio-aysen-3-2_optimized-768x432.jpeg 768w, https:\/\/radiorevelacionfm.cl\/wp-content\/uploads\/2021\/12\/dia-nacional-contra-el-femicidio-aysen-3-2_optimized-705x396.jpeg 705w, https:\/\/radiorevelacionfm.cl\/wp-content\/uploads\/2021\/12\/dia-nacional-contra-el-femicidio-aysen-3-2_optimized-600x337.jpeg 600w\" sizes=\"(max-width: 1067px) 100vw, 1067px\" \/><\/div><\/div><\/div><\/div><div class=\"flex_column av_one_full  flex_column_div av-zero-column-padding first  avia-builder-el-2  el_after_av_one_full  el_before_av_one_full  column-top-margin\" style='border-radius:0px; '><section class=\"av_textblock_section \"  itemscope=\"itemscope\" itemtype=\"https:\/\/schema.org\/BlogPosting\" itemprop=\"blogPost\" ><div class='avia_textblock  '   itemprop=\"text\" ><p style=\"text-align: center;\"><span style=\"font-size: 18pt;\"><strong>D\u00eda Nacional Contra el Femicidio: CIF realiza llamado a denunciar todo tipo de violencia de g\u00e9nero<\/strong><\/span><\/p>\n<div id=\"gtx-trans\" style=\"position: absolute; left: -50px; top: 4.31534px;\">\n<div class=\"gtx-trans-icon\"><\/div>\n<\/div>\n<\/div><\/section><\/div><div class=\"flex_column av_one_full  flex_column_div av-zero-column-padding first  avia-builder-el-4  el_after_av_one_full  el_before_av_hr  column-top-margin\" style='border-radius:0px; '><section class=\"av_textblock_section \"  itemscope=\"itemscope\" itemtype=\"https:\/\/schema.org\/BlogPosting\" itemprop=\"blogPost\" ><div class='avia_textblock  '   itemprop=\"text\" ><p style=\"text-align: justify;\">Desde 2020, cada 19 de diciembre se conmemora el D\u00eda Nacional Contra el Femicidio fecha instaurada con la finalidad de alcanzar una mayor visibilizaci\u00f3n de la situaci\u00f3n de violencia y los cr\u00edmenes que afectan a las mujeres.<\/p>\n<p style=\"text-align: justify;\">En ese contexto, los integrantes del Circuito Intersectorial de Femicidio de la regi\u00f3n de Ays\u00e9n, compuesto por la Seremi de la Mujer y Equidad de G\u00e9nero, el Servicio Nacional de la Mujer y Equidad de G\u00e9nero, Mejor Ni\u00f1ez, Ministerio P\u00fablico, Polic\u00eda de Investigaciones y Carabineros de Chile, realizaron un llamado a denunciar todo tipo de violencia de g\u00e9nero a partir de la nueva tipificaci\u00f3n del femicidio con la Ley 21.212, m\u00e1s conocida como Ley Gabriela.<\/p>\n<p style=\"text-align: justify;\">Al respecto, la Seremi de la Mujer y Equidad de G\u00e9nero de Ays\u00e9n, B\u00e1rbara Ortuzar, se\u00f1al\u00f3 que \u201cconmemoramos el segundo a\u00f1o del D\u00eda Nacional Contra el Femicidio, y eso es importante de recalcar porque hoy d\u00eda hay 42 mujeres que no est\u00e1n con nosotros, 42 mujeres que durante el 2021 han sido asesinada por sus parejas, exparejas o solo por el hecho de ser mujer\u201d, agregando que \u201cacompa\u00f1amos en el dolor a todas las familias v\u00edctimas de este delito y tambi\u00e9n destacamos el avance que hemos realizado como Ministerio con la Ley Gabriela, que extiende la tipificaci\u00f3n de femicidio, ampli\u00e1ndola a todas las mujeres asesinadas solo por el hecho de ser mujer\u201d.<\/p>\n<p style=\"text-align: justify;\">Por su parte, la Directora Regional del SernamEG, Elizabeth Guti\u00e9rrez Eggers, indic\u00f3 que \u201cesta es una fecha significativa porque es un avance en el trabajo que se hace de manera preventiva, llegamos tarde cuando una mujer muere, por lo tanto, una de las funciones del Circuito Intersectorial de Femicidio, precisamente, es entregar una mirada transversal sobre este fen\u00f3meno sociocultural, brindar herramientas de orientaci\u00f3n e informaci\u00f3n; y al mismo tiempo, caracterizar la situaci\u00f3n de la violencia contra las mujeres en el territorio\u201d. Adem\u00e1s, la Directora del SernamEG Ays\u00e9n enfatiz\u00f3 en el llamado a erradicar el constructo que ha facilitado la violencia machista, indicando que \u201cprincipalmente las acciones que desarrollamos en conjunto con el Ministerio y las instituciones que conforman el Circuito es generar instancias de reparaci\u00f3n a las v\u00edctimas y a sus familias\u201d.<\/p>\n<p style=\"text-align: justify;\">Cuando ocurren estos lamentables hechos, se activa un trabajo intersectorial que busca entregar apoyo a las v\u00edctimas de este delito. As\u00ed, desde el Servicio Mejor Ni\u00f1ez, que tambi\u00e9n forma parte del CIF, la Directora Regional Subrogante, Gabriela Opazo, destac\u00f3 que \u201centregamos servicio de atenci\u00f3n a los ni\u00f1os, ni\u00f1as y adolescentes que han sido afectados por este tipo de situaciones, siendo testigos de la violencia extrema, machista y sexista contra las mujeres que les genera un nivel de da\u00f1o significativo\u201d. La Directora Subrogante de Mejor Ni\u00f1ez subray\u00f3 que \u201cratificamos nuestro compromiso para que los ni\u00f1os puedan recibir las atenci\u00f3n que requieren, que puedan tener atenci\u00f3n de psic\u00f3logo, trabajador social, abogado, ya que es muy importante para que puedan avanzar en el proceso de resignificaci\u00f3n de estos hechos y de la reparaci\u00f3n del da\u00f1o\u201d.<\/p>\n<p style=\"text-align: justify;\"><strong>Llamado a la denuncia<\/strong><\/p>\n<p style=\"text-align: justify;\">Desde el Ministerio P\u00fablico, a trav\u00e9s del Jefe de la Unidad de Atenci\u00f3n a V\u00edctimas y Testigos, Julio S\u00e1nchez, precis\u00f3 que \u201clo relevante e importante es no aceptar la violencia de g\u00e9nero, es algo que no podemos permitir y que, por tanto, el ejercicio de derechos de la v\u00edctima a trav\u00e9s de la denuncia es muy relevante\u201d, agregando que el Ministerio P\u00fablico tambi\u00e9n tiene la misi\u00f3n de proteger a v\u00edctimas y testigos \u201ca trav\u00e9s de la investigaci\u00f3n y del trato adecuado a las v\u00edctimas que han sufrido violencia de g\u00e9nero, y considerando que el femicidio es el flagelo m\u00e1s importante y el hecho m\u00e1s dram\u00e1tico para una familia y la sociedad, debemos ser responsables y eficientes en esta labor\u201d.<\/p>\n<p style=\"text-align: justify;\">Por su parte, el jefe de la Brigada de Homicidios Coyhaique, subprefecto Mauro Guti\u00e9rrez, recalc\u00f3 la importancia de la denuncia temprana, indicando que \u201cbuscamos hacer un llamado y educar a la comunidad para realizar una denuncia temprana. Tenemos que poner una alerta roja, cuando existen comportamientos que tengan que ver con la violencia contra la mujer. As\u00ed que el llamado a la comunidad es a que denuncie estos hechos y evitar as\u00ed el \u00faltimo eslab\u00f3n que ser\u00eda, en este caso, el femicidio\u201d.<\/p>\n<p style=\"text-align: justify;\">Sobre los tipos de violencia y dependencia, el subprefecto Guti\u00e9rrez alert\u00f3 que existe violencia intrafamiliar, tales como agresiones y violencia f\u00edsica, emocional y psicol\u00f3gica, celos, control excesivo y acciones de dominaci\u00f3n, sexo forzado o violaci\u00f3n, amenazas de muerte hacia la mujer, amenazas de suicidio por parte del agresor, abuso de alcohol y drogas, entre otros, recordando que \u201ceste tipo de violencia extrema o femicidio no solamente corresponde a personas que hayan tenido alguna convivencia, sino tambi\u00e9n una relaci\u00f3n sentimental como el pololeo, ya que tambi\u00e9n dentro de Ley Gabriela se incorpora cuando la acci\u00f3n se comete en raz\u00f3n de la orientaci\u00f3n sexual, identidad de g\u00e9nero o expresi\u00f3n de g\u00e9nero de la mujer\u201d.<\/p>\n<p style=\"text-align: justify;\">Ahora bien, desde Carabineros, la Sargento 1ro Valeska Castro, de la Oficina del Modelo de Integraci\u00f3n entre Carabineros y la Comunidad de la Primera Comisar\u00eda de Coyhaique, detall\u00f3 que sobre este tipo de hechos \u201chemos implementado una sala de familia que es para todas las v\u00edctimas de este delito, trabajamos haciendo campa\u00f1as en distintos puntos del sector conforme a nuestras estad\u00edsticas, ya que la idea es que las v\u00edctimas se sientan en confianza de poder denunciar lo que est\u00e1 pasando\u201d, precisando adem\u00e1s que \u201ccuando se acoge la denuncia se completa una pauta unificada de riesgos, donde se eval\u00faa como est\u00e1 la persona, su intervenci\u00f3n, derivaci\u00f3n y entrega de informaci\u00f3n adecuada a cada caso\u201d.<\/p>\n<p style=\"text-align: justify;\">Finalmente, desde el Circuito Intersectorial de Femicidio de la regi\u00f3n de Ays\u00e9n realizaron un llamado a informarse y denunciar la violencia de g\u00e9nero para evitar el \u00faltimo eslab\u00f3n de la violencia extrema, el femicidio, llamando al Fono de Orientaci\u00f3n del Ministerio de la Mujer, 1455, al nivel de emergencias de Carabineros, 133, al Fono Familia de Carabineros, 149, y al nivel de emergencia de la PDI, 134, adem\u00e1s recomendaron acercarse directamente a Fiscal\u00eda, PDI o Carabineros frente a hechos constitutivos de delitos contra las mujeres.<\/p>\n<\/div><\/section><\/div><div  style='height:50px' class='hr hr-invisible   avia-builder-el-6  el_after_av_one_full  el_before_av_social_share '><span class='hr-inner ' ><span class='hr-inner-style'><\/span><\/span><\/div><\/p>\n<div  class='av-social-sharing-box  avia-builder-el-7  el_after_av_hr  el_before_av_hr  '><div class='av-share-box'><h5 class='av-share-link-description av-no-toc '>Compartir esta noticia<\/h5><ul class='av-share-box-list noLightbox'><li class='av-share-link av-social-link-facebook' ><a target=\"_blank\" aria-label=\"Compartir en Facebook\" href='https:\/\/www.facebook.com\/sharer.php?u=https:\/\/radiorevelacionfm.cl\/?p=12087&#038;t=D%C3%ADa%20Nacional%20Contra%20el%20Femicidio%3A%20CIF%20realiza%20llamado%20a%20denunciar%20todo%20tipo%20de%20violencia%20de%20g%C3%A9nero' aria-hidden='false' data-av_icon='\ue8f3' data-av_iconfont='entypo-fontello' title='' data-avia-related-tooltip='Compartir en Facebook' rel=\"noopener\"><span class='avia_hidden_link_text'>Compartir en Facebook<\/span><\/a><\/li><li class='av-share-link av-social-link-twitter' ><a target=\"_blank\" aria-label=\"Compartir en Twitter\" href='https:\/\/twitter.com\/share?text=D%C3%ADa%20Nacional%20Contra%20el%20Femicidio%3A%20CIF%20realiza%20llamado%20a%20denunciar%20todo%20tipo%20de%20violencia%20de%20g%C3%A9nero&#038;url=https:\/\/radiorevelacionfm.cl\/?p=12087' aria-hidden='false' data-av_icon='\ue8f1' data-av_iconfont='entypo-fontello' title='' data-avia-related-tooltip='Compartir en Twitter' rel=\"noopener\"><span class='avia_hidden_link_text'>Compartir en Twitter<\/span><\/a><\/li><li class='av-share-link av-social-link-whatsapp' ><a target=\"_blank\" aria-label=\"Compartir en Whatsapp\" href='https:\/\/api.whatsapp.com\/send?text=https:\/\/radiorevelacionfm.cl\/?p=12087' aria-hidden='false' data-av_icon='\uf232' data-av_iconfont='entypo-fontello' title='' data-avia-related-tooltip='Compartir en Whatsapp' rel=\"noopener\"><span class='avia_hidden_link_text'>Compartir en Whatsapp<\/span><\/a><\/li><li class='av-share-link av-social-link-linkedin' ><a target=\"_blank\" aria-label=\"Compartir en LinkedIn\" href='https:\/\/linkedin.com\/shareArticle?mini=true&#038;title=D%C3%ADa%20Nacional%20Contra%20el%20Femicidio%3A%20CIF%20realiza%20llamado%20a%20denunciar%20todo%20tipo%20de%20violencia%20de%20g%C3%A9nero&#038;url=https:\/\/radiorevelacionfm.cl\/?p=12087' aria-hidden='false' data-av_icon='\ue8fc' data-av_iconfont='entypo-fontello' title='' data-avia-related-tooltip='Compartir en LinkedIn' rel=\"noopener\"><span class='avia_hidden_link_text'>Compartir en LinkedIn<\/span><\/a><\/li><li class='av-share-link av-social-link-mail' ><a  aria-label=\"Compartir por correo\" href='mailto:?subject=D%C3%ADa%20Nacional%20Contra%20el%20Femicidio%3A%20CIF%20realiza%20llamado%20a%20denunciar%20todo%20tipo%20de%20violencia%20de%20g%C3%A9nero&#038;body=https:\/\/radiorevelacionfm.cl\/?p=12087' aria-hidden='false' data-av_icon='\ue805' data-av_iconfont='entypo-fontello' title='' data-avia-related-tooltip='Compartir por correo'><span class='avia_hidden_link_text'>Compartir por correo<\/span><\/a><\/li><\/ul><\/div><\/div>\n<div  style='height:50px' class='hr hr-invisible   avia-builder-el-8  el_after_av_social_share  el_before_av_comments_list '><span class='hr-inner ' ><span class='hr-inner-style'><\/span><\/span><\/div>\n<div  class='av-buildercomment  av-blog-meta-html-info-disabled av-blog-meta-tag-disabled  '><\/div>\n","protected":false},"excerpt":{"rendered":"","protected":false},"author":1,"featured_media":12088,"comment_status":"open","ping_status":"open","sticky":false,"template":"","format":"standard","meta":{"footnotes":""},"categories":[38],"tags":[],"class_list":["post-12087","post","type-post","status-publish","format-standard","has-post-thumbnail","hentry","category-regional"],"jetpack_featured_media_url":"https:\/\/radiorevelacionfm.cl\/wp-content\/uploads\/2021\/12\/dia-nacional-contra-el-femicidio-aysen-3-2_optimized.jpeg","_links":{"self":[{"href":"https:\/\/radiorevelacionfm.cl\/index.php?rest_route=\/wp\/v2\/posts\/12087","targetHints":{"allow":["GET"]}}],"collection":[{"href":"https:\/\/radiorevelacionfm.cl\/index.php?rest_route=\/wp\/v2\/posts"}],"about":[{"href":"https:\/\/radiorevelacionfm.cl\/index.php?rest_route=\/wp\/v2\/types\/post"}],"author":[{"embeddable":true,"href":"https:\/\/radiorevelacionfm.cl\/index.php?rest_route=\/wp\/v2\/users\/1"}],"replies":[{"embeddable":true,"href":"https:\/\/radiorevelacionfm.cl\/index.php?rest_route=%2Fwp%2Fv2%2Fcomments&post=12087"}],"version-history":[{"count":2,"href":"https:\/\/radiorevelacionfm.cl\/index.php?rest_route=\/wp\/v2\/posts\/12087\/revisions"}],"predecessor-version":[{"id":12095,"href":"https:\/\/radiorevelacionfm.cl\/index.php?rest_route=\/wp\/v2\/posts\/12087\/revisions\/12095"}],"wp:featuredmedia":[{"embeddable":true,"href":"https:\/\/radiorevelacionfm.cl\/index.php?rest_route=\/wp\/v2\/media\/12088"}],"wp:attachment":[{"href":"https:\/\/radiorevelacionfm.cl\/index.php?rest_route=%2Fwp%2Fv2%2Fmedia&parent=12087"}],"wp:term":[{"taxonomy":"category","embeddable":true,"href":"https:\/\/radiorevelacionfm.cl\/index.php?rest_route=%2Fwp%2Fv2%2Fcategories&post=12087"},{"taxonomy":"post_tag","embeddable":true,"href":"https:\/\/radiorevelacionfm.cl\/index.php?rest_route=%2Fwp%2Fv2%2Ftags&post=12087"}],"curies":[{"name":"wp","href":"https:\/\/api.w.org\/{rel}","templated":true}]}}