{"id":12083,"date":"2021-12-20T18:46:40","date_gmt":"2021-12-20T21:46:40","guid":{"rendered":"https:\/\/radiorevelacionfm.cl\/?p=12083"},"modified":"2021-12-20T18:46:40","modified_gmt":"2021-12-20T21:46:40","slug":"salud-concurre-a-apoyar-equipos-de-emergencia-a-raiz-de-incendio-industrial-en-puerto-aysen","status":"publish","type":"post","link":"https:\/\/radiorevelacionfm.cl\/?p=12083","title":{"rendered":"Salud concurre a apoyar equipos de emergencia a ra\u00edz de incendio industrial en Puerto Ays\u00e9n"},"content":{"rendered":"<div class=\"flex_column av_one_full  flex_column_div av-zero-column-padding first  avia-builder-el-0  el_before_av_one_full  avia-builder-el-first  \" style='border-radius:0px; '><div  class='avia-image-container  av-styling-    avia-builder-el-1  avia-builder-el-no-sibling  avia-align-center '  itemprop=\"image\" itemscope=\"itemscope\" itemtype=\"https:\/\/schema.org\/ImageObject\"  ><div class='avia-image-container-inner'><div class='avia-image-overlay-wrap'><img decoding=\"async\" class='wp-image-12084 avia-img-lazy-loading-not-12084 avia_image' src=\"https:\/\/radiorevelacionfm.cl\/wp-content\/uploads\/2021\/12\/incendio-aysen-2.jpeg\" alt='' title='incendio ays\u00e9n-2' height=\"600\" width=\"802\"  itemprop=\"thumbnailUrl\" srcset=\"https:\/\/radiorevelacionfm.cl\/wp-content\/uploads\/2021\/12\/incendio-aysen-2.jpeg 802w, https:\/\/radiorevelacionfm.cl\/wp-content\/uploads\/2021\/12\/incendio-aysen-2-300x224.jpeg 300w, https:\/\/radiorevelacionfm.cl\/wp-content\/uploads\/2021\/12\/incendio-aysen-2-768x575.jpeg 768w, https:\/\/radiorevelacionfm.cl\/wp-content\/uploads\/2021\/12\/incendio-aysen-2-705x527.jpeg 705w, https:\/\/radiorevelacionfm.cl\/wp-content\/uploads\/2021\/12\/incendio-aysen-2-600x449.jpeg 600w\" sizes=\"(max-width: 802px) 100vw, 802px\" \/><\/div><\/div><\/div><\/div><div class=\"flex_column av_one_full  flex_column_div av-zero-column-padding first  avia-builder-el-2  el_after_av_one_full  el_before_av_one_full  column-top-margin\" style='border-radius:0px; '><section class=\"av_textblock_section \"  itemscope=\"itemscope\" itemtype=\"https:\/\/schema.org\/BlogPosting\" itemprop=\"blogPost\" ><div class='avia_textblock  '   itemprop=\"text\" ><p style=\"text-align: center;\"><strong><span style=\"font-size: 18pt;\">Salud concurre a apoyar equipos de emergencia a ra\u00edz de incendio industrial en Puerto Ays\u00e9n<\/span><\/strong><\/p>\n<div id=\"gtx-trans\" style=\"position: absolute; left: -50px; top: 4.31534px;\">\n<div class=\"gtx-trans-icon\"><\/div>\n<\/div>\n<\/div><\/section><\/div><div class=\"flex_column av_one_full  flex_column_div av-zero-column-padding first  avia-builder-el-4  el_after_av_one_full  el_before_av_hr  column-top-margin\" style='border-radius:0px; '><section class=\"av_textblock_section \"  itemscope=\"itemscope\" itemtype=\"https:\/\/schema.org\/BlogPosting\" itemprop=\"blogPost\" ><div class='avia_textblock  '   itemprop=\"text\" ><p style=\"text-align: justify;\">Frente al incendio que afecta a una planta de limpieza y reparaci\u00f3n de redes acu\u00edcolas en Puerto Ays\u00e9n, un equipo t\u00e9cnico de la Seremi de Salud se traslad\u00f3 hasta el lugar para evaluar la situaci\u00f3n sanitaria y medio ambiental generada por esta emergencia, determin\u00e1ndose que el mayor riesgo para la poblaci\u00f3n es la combusti\u00f3n de pl\u00e1stico que genera gases de efectos t\u00f3xicos no agudos; raz\u00f3n por la cual, se cerr\u00f3 el \u00a0acceso al lugar, solicitando adem\u00e1s la colaboraci\u00f3n de la comunidad en recomendaciones b\u00e1sicas como no acudir al lugar del siniestro, adem\u00e1s de mantener cerradas puertas y ventanas mientras se controla esta situaci\u00f3n.<\/p>\n<p style=\"text-align: justify;\">En este contexto, la Seremi de Salud (s), Gloria Beecher, se refiri\u00f3 a las condiciones sanitarias de este incendio y a las medidas de colaboraci\u00f3n por parte de la comunidad.\u00a0 \u201cJunto con lamentar este siniestro, el cual alert\u00f3 no solo a los vecinos de Puerto Ays\u00e9n, si no que a todos los equipos de emergencia local, queremos reiterar que en base a la evaluaci\u00f3n de profesionales t\u00e9cnicos de la Seremi de Salud, se determin\u00f3 que actualmente la prioridad es la vigilancia de la columna de humo que emergen de este siniestro, que principalmente por las favorables condiciones clim\u00e1ticas se han dispersado sin afectar mayormente a la poblaci\u00f3n aleda\u00f1a. Es por eso que solicitamos a la poblaci\u00f3n que colabore con las instrucciones que entregan los equipos de emergencia, como no acudir al sitio del siniestro.\u00a0 De igual modo, quienes vivan en puntos aleda\u00f1os al incendio, deben permanecer dentro de sus casas con puertas y ventanas cerradas para as\u00ed evitar contacto con el humo de este siniestro, y en caso de presentar algunos s\u00edntomas\u00a0 como dolor de cabeza, n\u00e1useas o malestar en general, acudir al centro de salud m\u00e1s cercano para una evaluaci\u00f3n m\u00e9dica\u201d.<\/p>\n<p style=\"text-align: justify;\">Finalmente, cabe se\u00f1alar que la calidad del aire de material particulado respirable de la ciudad es vigilada\u00a0 en tiempo real por la Estaci\u00f3n de Monitoreo del Ministerio \u00a0del Medioambiente, \u00a0sin\u00a0 constatar se\u00f1ales de alarma\u00a0 por los resultados registrados. \u00a0Se hace un especial llamado a adultos mayores, enfermos cr\u00f3nicos, embarazadas y menores de edad a extremar medidas preventivas frente a esta situaci\u00f3n.<\/p>\n<p style=\"text-align: justify;\">Cabe se\u00f1alar que seg\u00fan lo informado por el Director de ONEMI, el incendio ha disminuido su\u00a0 intensidad producto del uso\u00a0 para la\u00a0 extinci\u00f3n del fuego de un helic\u00f3ptero de CONAF.<\/p>\n<\/div><\/section><\/div><div  style='height:50px' class='hr hr-invisible   avia-builder-el-6  el_after_av_one_full  el_before_av_social_share '><span class='hr-inner ' ><span class='hr-inner-style'><\/span><\/span><\/div><\/p>\n<div  class='av-social-sharing-box  avia-builder-el-7  el_after_av_hr  el_before_av_hr  '><div class='av-share-box'><h5 class='av-share-link-description av-no-toc '>Compartir esta noticia<\/h5><ul class='av-share-box-list noLightbox'><li class='av-share-link av-social-link-facebook' ><a target=\"_blank\" aria-label=\"Compartir en Facebook\" href='https:\/\/www.facebook.com\/sharer.php?u=https:\/\/radiorevelacionfm.cl\/?p=12083&#038;t=Salud%20concurre%20a%20apoyar%20equipos%20de%20emergencia%20a%20ra%C3%ADz%20de%20incendio%20industrial%20en%20Puerto%20Ays%C3%A9n' aria-hidden='false' data-av_icon='\ue8f3' data-av_iconfont='entypo-fontello' title='' data-avia-related-tooltip='Compartir en Facebook' rel=\"noopener\"><span class='avia_hidden_link_text'>Compartir en Facebook<\/span><\/a><\/li><li class='av-share-link av-social-link-twitter' ><a target=\"_blank\" aria-label=\"Compartir en Twitter\" href='https:\/\/twitter.com\/share?text=Salud%20concurre%20a%20apoyar%20equipos%20de%20emergencia%20a%20ra%C3%ADz%20de%20incendio%20industrial%20en%20Puerto%20Ays%C3%A9n&#038;url=https:\/\/radiorevelacionfm.cl\/?p=12083' aria-hidden='false' data-av_icon='\ue8f1' data-av_iconfont='entypo-fontello' title='' data-avia-related-tooltip='Compartir en Twitter' rel=\"noopener\"><span class='avia_hidden_link_text'>Compartir en Twitter<\/span><\/a><\/li><li class='av-share-link av-social-link-whatsapp' ><a target=\"_blank\" aria-label=\"Compartir en Whatsapp\" href='https:\/\/api.whatsapp.com\/send?text=https:\/\/radiorevelacionfm.cl\/?p=12083' aria-hidden='false' data-av_icon='\uf232' data-av_iconfont='entypo-fontello' title='' data-avia-related-tooltip='Compartir en Whatsapp' rel=\"noopener\"><span class='avia_hidden_link_text'>Compartir en Whatsapp<\/span><\/a><\/li><li class='av-share-link av-social-link-linkedin' ><a target=\"_blank\" aria-label=\"Compartir en LinkedIn\" href='https:\/\/linkedin.com\/shareArticle?mini=true&#038;title=Salud%20concurre%20a%20apoyar%20equipos%20de%20emergencia%20a%20ra%C3%ADz%20de%20incendio%20industrial%20en%20Puerto%20Ays%C3%A9n&#038;url=https:\/\/radiorevelacionfm.cl\/?p=12083' aria-hidden='false' data-av_icon='\ue8fc' data-av_iconfont='entypo-fontello' title='' data-avia-related-tooltip='Compartir en LinkedIn' rel=\"noopener\"><span class='avia_hidden_link_text'>Compartir en LinkedIn<\/span><\/a><\/li><li class='av-share-link av-social-link-mail' ><a  aria-label=\"Compartir por correo\" href='mailto:?subject=Salud%20concurre%20a%20apoyar%20equipos%20de%20emergencia%20a%20ra%C3%ADz%20de%20incendio%20industrial%20en%20Puerto%20Ays%C3%A9n&#038;body=https:\/\/radiorevelacionfm.cl\/?p=12083' aria-hidden='false' data-av_icon='\ue805' data-av_iconfont='entypo-fontello' title='' data-avia-related-tooltip='Compartir por correo'><span class='avia_hidden_link_text'>Compartir por correo<\/span><\/a><\/li><\/ul><\/div><\/div>\n<div  style='height:50px' class='hr hr-invisible   avia-builder-el-8  el_after_av_social_share  el_before_av_comments_list '><span class='hr-inner ' ><span class='hr-inner-style'><\/span><\/span><\/div>\n<div  class='av-buildercomment  av-blog-meta-html-info-disabled av-blog-meta-tag-disabled  '><\/div>\n","protected":false},"excerpt":{"rendered":"","protected":false},"author":1,"featured_media":12084,"comment_status":"open","ping_status":"open","sticky":false,"template":"","format":"standard","meta":{"footnotes":""},"categories":[46],"tags":[],"class_list":["post-12083","post","type-post","status-publish","format-standard","has-post-thumbnail","hentry","category-salud"],"jetpack_featured_media_url":"https:\/\/radiorevelacionfm.cl\/wp-content\/uploads\/2021\/12\/incendio-aysen-2.jpeg","_links":{"self":[{"href":"https:\/\/radiorevelacionfm.cl\/index.php?rest_route=\/wp\/v2\/posts\/12083","targetHints":{"allow":["GET"]}}],"collection":[{"href":"https:\/\/radiorevelacionfm.cl\/index.php?rest_route=\/wp\/v2\/posts"}],"about":[{"href":"https:\/\/radiorevelacionfm.cl\/index.php?rest_route=\/wp\/v2\/types\/post"}],"author":[{"embeddable":true,"href":"https:\/\/radiorevelacionfm.cl\/index.php?rest_route=\/wp\/v2\/users\/1"}],"replies":[{"embeddable":true,"href":"https:\/\/radiorevelacionfm.cl\/index.php?rest_route=%2Fwp%2Fv2%2Fcomments&post=12083"}],"version-history":[{"count":2,"href":"https:\/\/radiorevelacionfm.cl\/index.php?rest_route=\/wp\/v2\/posts\/12083\/revisions"}],"predecessor-version":[{"id":12091,"href":"https:\/\/radiorevelacionfm.cl\/index.php?rest_route=\/wp\/v2\/posts\/12083\/revisions\/12091"}],"wp:featuredmedia":[{"embeddable":true,"href":"https:\/\/radiorevelacionfm.cl\/index.php?rest_route=\/wp\/v2\/media\/12084"}],"wp:attachment":[{"href":"https:\/\/radiorevelacionfm.cl\/index.php?rest_route=%2Fwp%2Fv2%2Fmedia&parent=12083"}],"wp:term":[{"taxonomy":"category","embeddable":true,"href":"https:\/\/radiorevelacionfm.cl\/index.php?rest_route=%2Fwp%2Fv2%2Fcategories&post=12083"},{"taxonomy":"post_tag","embeddable":true,"href":"https:\/\/radiorevelacionfm.cl\/index.php?rest_route=%2Fwp%2Fv2%2Ftags&post=12083"}],"curies":[{"name":"wp","href":"https:\/\/api.w.org\/{rel}","templated":true}]}}