{"id":12080,"date":"2021-12-20T18:26:29","date_gmt":"2021-12-20T21:26:29","guid":{"rendered":"https:\/\/radiorevelacionfm.cl\/?p=12080"},"modified":"2021-12-20T18:26:29","modified_gmt":"2021-12-20T21:26:29","slug":"con-fondos-ministeriales-se-financiara-diseno-de-parador-de-buses-en-cerro-castillo","status":"publish","type":"post","link":"https:\/\/radiorevelacionfm.cl\/?p=12080","title":{"rendered":"Con fondos ministeriales se financiar\u00e1 dise\u00f1o de Parador de Buses en Cerro Castillo"},"content":{"rendered":"<div class=\"flex_column av_one_full  flex_column_div av-zero-column-padding first  avia-builder-el-0  el_before_av_one_full  avia-builder-el-first  \" style='border-radius:0px; '><div  class='avia-image-container  av-styling-    avia-builder-el-1  avia-builder-el-no-sibling  avia-align-center '  itemprop=\"image\" itemscope=\"itemscope\" itemtype=\"https:\/\/schema.org\/ImageObject\"  ><div class='avia-image-container-inner'><div class='avia-image-overlay-wrap'><img decoding=\"async\" class='wp-image-12077 avia-img-lazy-loading-not-12077 avia_image' src=\"https:\/\/radiorevelacionfm.cl\/wp-content\/uploads\/2021\/12\/dsc_5146-2_optimized.jpg\" alt='' title='dsc_5146-2_optimized' height=\"600\" width=\"903\"  itemprop=\"thumbnailUrl\" srcset=\"https:\/\/radiorevelacionfm.cl\/wp-content\/uploads\/2021\/12\/dsc_5146-2_optimized.jpg 903w, https:\/\/radiorevelacionfm.cl\/wp-content\/uploads\/2021\/12\/dsc_5146-2_optimized-300x199.jpg 300w, https:\/\/radiorevelacionfm.cl\/wp-content\/uploads\/2021\/12\/dsc_5146-2_optimized-768x510.jpg 768w, https:\/\/radiorevelacionfm.cl\/wp-content\/uploads\/2021\/12\/dsc_5146-2_optimized-705x468.jpg 705w, https:\/\/radiorevelacionfm.cl\/wp-content\/uploads\/2021\/12\/dsc_5146-2_optimized-600x399.jpg 600w\" sizes=\"(max-width: 903px) 100vw, 903px\" \/><\/div><\/div><\/div><\/div><div class=\"flex_column av_one_full  flex_column_div av-zero-column-padding first  avia-builder-el-2  el_after_av_one_full  el_before_av_one_full  column-top-margin\" style='border-radius:0px; '><section class=\"av_textblock_section \"  itemscope=\"itemscope\" itemtype=\"https:\/\/schema.org\/BlogPosting\" itemprop=\"blogPost\" ><div class='avia_textblock  '   itemprop=\"text\" ><p style=\"text-align: center;\"><span style=\"font-size: 18pt;\"><b>Con fondos ministeriales se financiar\u00e1 dise\u00f1o de Parador de Buses en Cerro Castillo<\/b><\/span><\/p>\n<div id=\"gtx-trans\" style=\"position: absolute; left: -50px; top: 4.31534px;\">\n<div class=\"gtx-trans-icon\"><\/div>\n<\/div>\n<\/div><\/section><\/div><div class=\"flex_column av_one_full  flex_column_div av-zero-column-padding first  avia-builder-el-4  el_after_av_one_full  el_before_av_hr  column-top-margin\" style='border-radius:0px; '><section class=\"av_textblock_section \"  itemscope=\"itemscope\" itemtype=\"https:\/\/schema.org\/BlogPosting\" itemprop=\"blogPost\" ><div class='avia_textblock  '   itemprop=\"text\" ><p style=\"text-align: justify;\">Junto a los vecinos de Cerro Castillo, se hizo oficial la transferencia de 138 millones de parte del Ministerio de Transportes y Telecomunicaciones hacia la Municipalidad de R\u00edo Ib\u00e1\u00f1ez, con el fin de financiar el dise\u00f1o para un Parador de Buses de dicha localidad. El estudio nace de una iniciativa a nivel de anteproyecto desarrollado por el municipio, que propone una parada al estilo \u201crefugio\u201d, que permita a los usuarios esperar el transporte p\u00fablico de forma c\u00f3moda y segura, independiente de las condiciones clim\u00e1ticas.<\/p>\n<p style=\"text-align: justify;\">En Cerro Castillo, el seremiTT Fabi\u00e1n Rojas y el alcalde Marcelo Santana entregaron mayores detalles de este trabajo colaborativo, a la comunidad. Dentro de ello, se explic\u00f3 que dentro del Plan Regional de Gobierno el sector Transportes se propuso generar una red de terminales de buses. Mediante este Plan, el ministerio entreg\u00f3 el financiamiento para los dise\u00f1os de terminales de buses en Puerto Ays\u00e9n, Puerto Tranquilo, La Junta, Puerto Cisnes y ahora se a\u00f1ade Cerro Castillo.<\/p>\n<p style=\"text-align: justify;\">\u201cCerro Castillo es una de las localidades fundamentales en los sistemas de transportes, no solamente por los vecinos, sino que tambi\u00e9n por la cantidad de visitantes que llegan que en la actualidad no tienen un lugar definido para estacionar los buses, o para que exista un trasbordo. Por lo tanto, lo que estamos haciendo con este financiamiento sectorial es cambiarle la cara al sistema de transportes a Cerro Castillo y a toda la zona sur de la regi\u00f3n de Ays\u00e9n\u201d, coment\u00f3 el seremi.<\/p>\n<p style=\"text-align: justify;\">El edil en tanto, destac\u00f3 la gesti\u00f3n realizada por el ministerio para enriquecer el equipamiento urbano de la comuna de R\u00edo Ib\u00e1\u00f1ez, considerando igualmente la ubicaci\u00f3n estrat\u00e9gica que posee Cerro Castillo en la ruta 7, siendo una parada obligada de los servicios de transporte p\u00fablico de pasajeros, con destino al sur de la regi\u00f3n: \u201cEsperamos con estos recursos terminar esa etapa para presentarlo a ejecuci\u00f3n y tener prontamente una red de rodoviarios de buses, tanto ac\u00e1 en Cerro Castillo, como el que ya hemos iniciado Puerto Tranquilo. Son obras importantes que no solo benefician a la comuna sino a toda la comunidad regional y a los visitantes que a\u00f1o a a\u00f1o llegan a este lugar\u201d.<\/p>\n<p style=\"text-align: justify;\">La Concejala Marcia \u00c1lvarez agreg\u00f3 que avanzar en esta obra era una necesidad planteada por los vecinos hace muchos a\u00f1os, y que se plante\u00f3 en un trabajo de consulta ciudadana. \u201cViene a beneficiar tanto a los vecinos de Castillo y alrededores, al tener un lugar en condiciones, con los resguardos que se necesitan, especialmente en invierno para poder esperar un bus para ir hasta Lago Lapparent, Sin Nombre o Rivera Norte\u201d.<\/p>\n<p style=\"text-align: justify;\">Los habitantes de Cerro Castillo tambi\u00e9n valoraron este avance. El Presidente del\u00a0 Comit\u00e9 Agua Potable Rural, Abd\u00f3n Aguilar indic\u00f3 que \u201ces algo muy importante. Como llevo a\u00f1os siendo dirigente, qu\u00e9 lindo es cuando se gestionan cosas y ya se empiezan a definir. En el caso m\u00edo, como poblador antiguo que soy, me siento muy contento cuando las cosas verdaderamente salen a flote, cuando es algo realmente es necesario y ya est\u00e1 saliendo. Todo lo que es bueno es contentura para una poblaci\u00f3n\u201d.<\/p>\n<p style=\"text-align: justify;\">El vecino Juan Bautista Peranchiguay a\u00f1adi\u00f3 que \u201chay que agradecerle a todo el servicio p\u00fablico, porque esto no es para uno, es para todos los que viajan y transitan esta ruta\u201d.<\/p>\n<p style=\"text-align: justify;\">Luego del acto administrativo de la entrega de recursos al municipio, corresponde que \u00e9ste se dedique a la elaboraci\u00f3n de bases para llamar a licitaci\u00f3n y de esta manera llevar acabo los estudios t\u00e9cnicos y participaciones ciudadanas que permitan configurar el proyecto para su posterior ejecuci\u00f3n.<\/p>\n<\/div><\/section><\/div><div  style='height:50px' class='hr hr-invisible   avia-builder-el-6  el_after_av_one_full  el_before_av_social_share '><span class='hr-inner ' ><span class='hr-inner-style'><\/span><\/span><\/div><\/p>\n<div  class='av-social-sharing-box  avia-builder-el-7  el_after_av_hr  el_before_av_hr  '><div class='av-share-box'><h5 class='av-share-link-description av-no-toc '>Compartir esta noticia<\/h5><ul class='av-share-box-list noLightbox'><li class='av-share-link av-social-link-facebook' ><a target=\"_blank\" aria-label=\"Compartir en Facebook\" href='https:\/\/www.facebook.com\/sharer.php?u=https:\/\/radiorevelacionfm.cl\/?p=12080&#038;t=Con%20fondos%20ministeriales%20se%20financiar%C3%A1%20dise%C3%B1o%20de%20Parador%20de%20Buses%20en%20Cerro%20Castillo' aria-hidden='false' data-av_icon='\ue8f3' data-av_iconfont='entypo-fontello' title='' data-avia-related-tooltip='Compartir en Facebook' rel=\"noopener\"><span class='avia_hidden_link_text'>Compartir en Facebook<\/span><\/a><\/li><li class='av-share-link av-social-link-twitter' ><a target=\"_blank\" aria-label=\"Compartir en Twitter\" href='https:\/\/twitter.com\/share?text=Con%20fondos%20ministeriales%20se%20financiar%C3%A1%20dise%C3%B1o%20de%20Parador%20de%20Buses%20en%20Cerro%20Castillo&#038;url=https:\/\/radiorevelacionfm.cl\/?p=12080' aria-hidden='false' data-av_icon='\ue8f1' data-av_iconfont='entypo-fontello' title='' data-avia-related-tooltip='Compartir en Twitter' rel=\"noopener\"><span class='avia_hidden_link_text'>Compartir en Twitter<\/span><\/a><\/li><li class='av-share-link av-social-link-whatsapp' ><a target=\"_blank\" aria-label=\"Compartir en Whatsapp\" href='https:\/\/api.whatsapp.com\/send?text=https:\/\/radiorevelacionfm.cl\/?p=12080' aria-hidden='false' data-av_icon='\uf232' data-av_iconfont='entypo-fontello' title='' data-avia-related-tooltip='Compartir en Whatsapp' rel=\"noopener\"><span class='avia_hidden_link_text'>Compartir en Whatsapp<\/span><\/a><\/li><li class='av-share-link av-social-link-linkedin' ><a target=\"_blank\" aria-label=\"Compartir en LinkedIn\" href='https:\/\/linkedin.com\/shareArticle?mini=true&#038;title=Con%20fondos%20ministeriales%20se%20financiar%C3%A1%20dise%C3%B1o%20de%20Parador%20de%20Buses%20en%20Cerro%20Castillo&#038;url=https:\/\/radiorevelacionfm.cl\/?p=12080' aria-hidden='false' data-av_icon='\ue8fc' data-av_iconfont='entypo-fontello' title='' data-avia-related-tooltip='Compartir en LinkedIn' rel=\"noopener\"><span class='avia_hidden_link_text'>Compartir en LinkedIn<\/span><\/a><\/li><li class='av-share-link av-social-link-mail' ><a  aria-label=\"Compartir por correo\" href='mailto:?subject=Con%20fondos%20ministeriales%20se%20financiar%C3%A1%20dise%C3%B1o%20de%20Parador%20de%20Buses%20en%20Cerro%20Castillo&#038;body=https:\/\/radiorevelacionfm.cl\/?p=12080' aria-hidden='false' data-av_icon='\ue805' data-av_iconfont='entypo-fontello' title='' data-avia-related-tooltip='Compartir por correo'><span class='avia_hidden_link_text'>Compartir por correo<\/span><\/a><\/li><\/ul><\/div><\/div>\n<div  style='height:50px' class='hr hr-invisible   avia-builder-el-8  el_after_av_social_share  el_before_av_comments_list '><span class='hr-inner ' ><span class='hr-inner-style'><\/span><\/span><\/div>\n<div  class='av-buildercomment  av-blog-meta-html-info-disabled av-blog-meta-tag-disabled  '><\/div>\n","protected":false},"excerpt":{"rendered":"","protected":false},"author":1,"featured_media":12077,"comment_status":"open","ping_status":"open","sticky":false,"template":"","format":"standard","meta":{"footnotes":""},"categories":[38],"tags":[],"class_list":["post-12080","post","type-post","status-publish","format-standard","has-post-thumbnail","hentry","category-regional"],"jetpack_featured_media_url":"https:\/\/radiorevelacionfm.cl\/wp-content\/uploads\/2021\/12\/dsc_5146-2_optimized.jpg","_links":{"self":[{"href":"https:\/\/radiorevelacionfm.cl\/index.php?rest_route=\/wp\/v2\/posts\/12080","targetHints":{"allow":["GET"]}}],"collection":[{"href":"https:\/\/radiorevelacionfm.cl\/index.php?rest_route=\/wp\/v2\/posts"}],"about":[{"href":"https:\/\/radiorevelacionfm.cl\/index.php?rest_route=\/wp\/v2\/types\/post"}],"author":[{"embeddable":true,"href":"https:\/\/radiorevelacionfm.cl\/index.php?rest_route=\/wp\/v2\/users\/1"}],"replies":[{"embeddable":true,"href":"https:\/\/radiorevelacionfm.cl\/index.php?rest_route=%2Fwp%2Fv2%2Fcomments&post=12080"}],"version-history":[{"count":2,"href":"https:\/\/radiorevelacionfm.cl\/index.php?rest_route=\/wp\/v2\/posts\/12080\/revisions"}],"predecessor-version":[{"id":12082,"href":"https:\/\/radiorevelacionfm.cl\/index.php?rest_route=\/wp\/v2\/posts\/12080\/revisions\/12082"}],"wp:featuredmedia":[{"embeddable":true,"href":"https:\/\/radiorevelacionfm.cl\/index.php?rest_route=\/wp\/v2\/media\/12077"}],"wp:attachment":[{"href":"https:\/\/radiorevelacionfm.cl\/index.php?rest_route=%2Fwp%2Fv2%2Fmedia&parent=12080"}],"wp:term":[{"taxonomy":"category","embeddable":true,"href":"https:\/\/radiorevelacionfm.cl\/index.php?rest_route=%2Fwp%2Fv2%2Fcategories&post=12080"},{"taxonomy":"post_tag","embeddable":true,"href":"https:\/\/radiorevelacionfm.cl\/index.php?rest_route=%2Fwp%2Fv2%2Ftags&post=12080"}],"curies":[{"name":"wp","href":"https:\/\/api.w.org\/{rel}","templated":true}]}}