{"id":12068,"date":"2021-12-20T15:24:14","date_gmt":"2021-12-20T18:24:14","guid":{"rendered":"https:\/\/radiorevelacionfm.cl\/?p=12068"},"modified":"2021-12-20T15:24:14","modified_gmt":"2021-12-20T18:24:14","slug":"orquesta-escolar-comunal-de-aysen-se-lucio-en-concierto-navideno-2021","status":"publish","type":"post","link":"https:\/\/radiorevelacionfm.cl\/?p=12068","title":{"rendered":"Orquesta escolar comunal de Ays\u00e9n se luci\u00f3 en Concierto Navide\u00f1o 2021"},"content":{"rendered":"<div class=\"flex_column av_one_full  flex_column_div av-zero-column-padding first  avia-builder-el-0  el_before_av_one_full  avia-builder-el-first  \" style='border-radius:0px; '><div  class='avia-image-container  av-styling-    avia-builder-el-1  avia-builder-el-no-sibling  avia-align-center '  itemprop=\"image\" itemscope=\"itemscope\" itemtype=\"https:\/\/schema.org\/ImageObject\"  ><div class='avia-image-container-inner'><div class='avia-image-overlay-wrap'><img decoding=\"async\" class='wp-image-12069 avia-img-lazy-loading-not-12069 avia_image' src=\"https:\/\/radiorevelacionfm.cl\/wp-content\/uploads\/2021\/12\/269660850_4411038699021989_4804861051436458222_n-2_optimized.jpg\" alt='' title='269660850_4411038699021989_4804861051436458222_n-2_optimized' height=\"600\" width=\"900\"  itemprop=\"thumbnailUrl\" srcset=\"https:\/\/radiorevelacionfm.cl\/wp-content\/uploads\/2021\/12\/269660850_4411038699021989_4804861051436458222_n-2_optimized.jpg 900w, https:\/\/radiorevelacionfm.cl\/wp-content\/uploads\/2021\/12\/269660850_4411038699021989_4804861051436458222_n-2_optimized-300x200.jpg 300w, https:\/\/radiorevelacionfm.cl\/wp-content\/uploads\/2021\/12\/269660850_4411038699021989_4804861051436458222_n-2_optimized-768x512.jpg 768w, https:\/\/radiorevelacionfm.cl\/wp-content\/uploads\/2021\/12\/269660850_4411038699021989_4804861051436458222_n-2_optimized-705x470.jpg 705w, https:\/\/radiorevelacionfm.cl\/wp-content\/uploads\/2021\/12\/269660850_4411038699021989_4804861051436458222_n-2_optimized-600x400.jpg 600w\" sizes=\"(max-width: 900px) 100vw, 900px\" \/><\/div><\/div><\/div><\/div><div class=\"flex_column av_one_full  flex_column_div av-zero-column-padding first  avia-builder-el-2  el_after_av_one_full  el_before_av_one_full  column-top-margin\" style='border-radius:0px; '><section class=\"av_textblock_section \"  itemscope=\"itemscope\" itemtype=\"https:\/\/schema.org\/BlogPosting\" itemprop=\"blogPost\" ><div class='avia_textblock  '   itemprop=\"text\" ><p style=\"text-align: center;\"><strong><span style=\"font-size: 18pt;\">Orquesta escolar comunal de Ays\u00e9n se luci\u00f3 en Concierto Navide\u00f1o 2021<\/span><\/strong><\/p>\n<div id=\"gtx-trans\" style=\"position: absolute; left: -50px; top: 4.31534px;\">\n<div class=\"gtx-trans-icon\"><\/div>\n<\/div>\n<\/div><\/section><\/div><div class=\"flex_column av_one_full  flex_column_div av-zero-column-padding first  avia-builder-el-4  el_after_av_one_full  el_before_av_hr  column-top-margin\" style='border-radius:0px; '><section class=\"av_textblock_section \"  itemscope=\"itemscope\" itemtype=\"https:\/\/schema.org\/BlogPosting\" itemprop=\"blogPost\" ><div class='avia_textblock  '   itemprop=\"text\" ><p style=\"text-align: justify;\">Un p\u00fablico de todas las edades particip\u00f3 este viernes del tradicional Concierto Anual de Navidad 2021, en su tercera versi\u00f3n, que se realiz\u00f3 en el sector Ode\u00f3n de la plaza de Armas en Puerto Ays\u00e9n, y que reuni\u00f3 a las orquestas de un total de ocho establecimientos educacionales municipalizados al son de la m\u00fasica navide\u00f1a.<\/p>\n<p style=\"text-align: justify;\">Con reconocidos villancicos, interpretados en viola, violonchello, viol\u00edn y piano se desarroll\u00f3 el evento navide\u00f1o que busc\u00f3, adem\u00e1s, dar a conocer el importante avance de todos quienes integran esta Orquesta Escolar Comunal, la que se ha instalado como uno de los sellos acad\u00e9micos de los recintos educativos dependientes del municipio aysenino.<\/p>\n<p style=\"text-align: justify;\">De esta manera, se dieron cita representantes en la orquesta de las escuelas Ays\u00e9n, Ribera Sur, Gabriela Mistral, Despertar, Litoral Austral y Liceo Polit\u00e9cnico, de Puerto Ays\u00e9n; escuela Almirante Simpson, de Puerto Chacabuco; y liceo Ma\u00f1ihuales, de la localidad del mismo nombre. A la distancia, tambi\u00e9n se hicieron presentes las orquestas de las escuelas Carlos Condell y Pedro Aguirre Cerda, de Islas Huichas, en el litoral aysenino.<\/p>\n<p style=\"text-align: justify;\">Al iniciar la velada, se realiz\u00f3 un sentido homenaje a los profesores, profesoras y asistentes de la educaci\u00f3n de las escuelas, por su entrega y dedicaci\u00f3n, a prop\u00f3sito de la labor desarrollada especialmente en 2021, en el marco de la extensa crisis sanitaria.<\/p>\n<p style=\"text-align: justify;\">Asimismo, se relev\u00f3 la conformaci\u00f3n durante este a\u00f1o de dos importantes hitos musicales, como son la camerata de cuerdas en la escuela Litoral Austral y orquesta pre infantil de la escuela Ays\u00e9n, esta \u00faltima pionera en toda la regi\u00f3n.<\/p>\n<p style=\"text-align: justify;\">En lo musical, el espect\u00e1culo -que se extendi\u00f3 durante una hora-, hizo un repaso por una variada selecci\u00f3n de reconocidas piezas de villancicos, tales como Adeste Fideles, Himno a la Alegr\u00eda, We Wish You a Merry Christmas, Los cuentos de Hoffmann, y Noche de Paz; interpretadas por el taller de viol\u00edn y el conjunto de c\u00e1mara, entre otros.<\/p>\n<p style=\"text-align: justify;\">\u201cEstoy tremendamente emocionada, y debo decir que no soy s\u00f3lo yo, veo mucha emoci\u00f3n en mi entorno, en los profesores de las distintas escuelas que nos vinieron a acompa\u00f1ar y a ver a cada uno de sus estudiantes. Las familias, para qu\u00e9 decir. Hemos visto una preparaci\u00f3n maravillosa de todo nivel. De nivel musical, de nivel de desarrollo personal, hemos visto un tremendo desplante de cada uno de nuestros ni\u00f1os. La presencia esc\u00e9nica, as\u00ed que no puedo decir m\u00e1s que estoy muy contenta y muy agradecida de ser parte de esta orquesta\u201d, manifest\u00f3 tras la instancia cultural, Patricia Bilbao, directora musical de la Orquesta.<\/p>\n<p style=\"text-align: justify;\">Respecto al futuro del cuerpo musical, se\u00f1al\u00f3 que \u201cnosotros continuamos trabajando porque sabemos que muchos de nuestros ni\u00f1os durante las vacaciones se quedan aqu\u00ed y obviamente es algo que nos preocupa, la idea es siempre mantener opciones de actividades para nuestros estudiantes. As\u00ed que les tenemos la sorpresa y aprovechamos de contarle a la comunidad, que vamos a tener orquesta de verano con todas las comunidades educativas, todos quienes quieran venir, de Ma\u00f1ihuales, de Puerto Chacabuco, de toda la comuna, pueden, inscribirse, as\u00ed participar, aprender y lo m\u00e1s importante compartir con sus pares de toda la comuna\u201d, detall\u00f3 respecto a esta actividad, que se extender\u00e1 del 3 al 21 de enero de 2022.<\/p>\n<p style=\"text-align: justify;\">En la instancia, particip\u00f3 el edil, Julio Uribe; la directora DEM, Tamara Villegas; consejeros regionales, concejales, directores de establecimientos, y los vecinos, quienes no quisieron perderse esta apuesta musical de navidad y quienes se mostraron muy agradecidos con este evento art\u00edstico-cultural nacido desde y para los ni\u00f1os en Puerto Ays\u00e9n.<\/p>\n<\/div><\/section><\/div><div  style='height:50px' class='hr hr-invisible   avia-builder-el-6  el_after_av_one_full  el_before_av_social_share '><span class='hr-inner ' ><span class='hr-inner-style'><\/span><\/span><\/div><\/p>\n<div  class='av-social-sharing-box  avia-builder-el-7  el_after_av_hr  el_before_av_hr  '><div class='av-share-box'><h5 class='av-share-link-description av-no-toc '>Compartir esta noticia<\/h5><ul class='av-share-box-list noLightbox'><li class='av-share-link av-social-link-facebook' ><a target=\"_blank\" aria-label=\"Compartir en Facebook\" href='https:\/\/www.facebook.com\/sharer.php?u=https:\/\/radiorevelacionfm.cl\/?p=12068&#038;t=Orquesta%20escolar%20comunal%20de%20Ays%C3%A9n%20se%20luci%C3%B3%20en%20Concierto%20Navide%C3%B1o%202021' aria-hidden='false' data-av_icon='\ue8f3' data-av_iconfont='entypo-fontello' title='' data-avia-related-tooltip='Compartir en Facebook' rel=\"noopener\"><span class='avia_hidden_link_text'>Compartir en Facebook<\/span><\/a><\/li><li class='av-share-link av-social-link-twitter' ><a target=\"_blank\" aria-label=\"Compartir en Twitter\" href='https:\/\/twitter.com\/share?text=Orquesta%20escolar%20comunal%20de%20Ays%C3%A9n%20se%20luci%C3%B3%20en%20Concierto%20Navide%C3%B1o%202021&#038;url=https:\/\/radiorevelacionfm.cl\/?p=12068' aria-hidden='false' data-av_icon='\ue8f1' data-av_iconfont='entypo-fontello' title='' data-avia-related-tooltip='Compartir en Twitter' rel=\"noopener\"><span class='avia_hidden_link_text'>Compartir en Twitter<\/span><\/a><\/li><li class='av-share-link av-social-link-whatsapp' ><a target=\"_blank\" aria-label=\"Compartir en Whatsapp\" href='https:\/\/api.whatsapp.com\/send?text=https:\/\/radiorevelacionfm.cl\/?p=12068' aria-hidden='false' data-av_icon='\uf232' data-av_iconfont='entypo-fontello' title='' data-avia-related-tooltip='Compartir en Whatsapp' rel=\"noopener\"><span class='avia_hidden_link_text'>Compartir en Whatsapp<\/span><\/a><\/li><li class='av-share-link av-social-link-linkedin' ><a target=\"_blank\" aria-label=\"Compartir en LinkedIn\" href='https:\/\/linkedin.com\/shareArticle?mini=true&#038;title=Orquesta%20escolar%20comunal%20de%20Ays%C3%A9n%20se%20luci%C3%B3%20en%20Concierto%20Navide%C3%B1o%202021&#038;url=https:\/\/radiorevelacionfm.cl\/?p=12068' aria-hidden='false' data-av_icon='\ue8fc' data-av_iconfont='entypo-fontello' title='' data-avia-related-tooltip='Compartir en LinkedIn' rel=\"noopener\"><span class='avia_hidden_link_text'>Compartir en LinkedIn<\/span><\/a><\/li><li class='av-share-link av-social-link-mail' ><a  aria-label=\"Compartir por correo\" href='mailto:?subject=Orquesta%20escolar%20comunal%20de%20Ays%C3%A9n%20se%20luci%C3%B3%20en%20Concierto%20Navide%C3%B1o%202021&#038;body=https:\/\/radiorevelacionfm.cl\/?p=12068' aria-hidden='false' data-av_icon='\ue805' data-av_iconfont='entypo-fontello' title='' data-avia-related-tooltip='Compartir por correo'><span class='avia_hidden_link_text'>Compartir por correo<\/span><\/a><\/li><\/ul><\/div><\/div>\n<div  style='height:50px' class='hr hr-invisible   avia-builder-el-8  el_after_av_social_share  el_before_av_comments_list '><span class='hr-inner ' ><span class='hr-inner-style'><\/span><\/span><\/div>\n<div  class='av-buildercomment  av-blog-meta-html-info-disabled av-blog-meta-tag-disabled  '><\/div>\n","protected":false},"excerpt":{"rendered":"","protected":false},"author":1,"featured_media":12069,"comment_status":"open","ping_status":"open","sticky":false,"template":"","format":"standard","meta":{"footnotes":""},"categories":[38],"tags":[],"class_list":["post-12068","post","type-post","status-publish","format-standard","has-post-thumbnail","hentry","category-regional"],"jetpack_featured_media_url":"https:\/\/radiorevelacionfm.cl\/wp-content\/uploads\/2021\/12\/269660850_4411038699021989_4804861051436458222_n-2_optimized.jpg","_links":{"self":[{"href":"https:\/\/radiorevelacionfm.cl\/index.php?rest_route=\/wp\/v2\/posts\/12068","targetHints":{"allow":["GET"]}}],"collection":[{"href":"https:\/\/radiorevelacionfm.cl\/index.php?rest_route=\/wp\/v2\/posts"}],"about":[{"href":"https:\/\/radiorevelacionfm.cl\/index.php?rest_route=\/wp\/v2\/types\/post"}],"author":[{"embeddable":true,"href":"https:\/\/radiorevelacionfm.cl\/index.php?rest_route=\/wp\/v2\/users\/1"}],"replies":[{"embeddable":true,"href":"https:\/\/radiorevelacionfm.cl\/index.php?rest_route=%2Fwp%2Fv2%2Fcomments&post=12068"}],"version-history":[{"count":2,"href":"https:\/\/radiorevelacionfm.cl\/index.php?rest_route=\/wp\/v2\/posts\/12068\/revisions"}],"predecessor-version":[{"id":12071,"href":"https:\/\/radiorevelacionfm.cl\/index.php?rest_route=\/wp\/v2\/posts\/12068\/revisions\/12071"}],"wp:featuredmedia":[{"embeddable":true,"href":"https:\/\/radiorevelacionfm.cl\/index.php?rest_route=\/wp\/v2\/media\/12069"}],"wp:attachment":[{"href":"https:\/\/radiorevelacionfm.cl\/index.php?rest_route=%2Fwp%2Fv2%2Fmedia&parent=12068"}],"wp:term":[{"taxonomy":"category","embeddable":true,"href":"https:\/\/radiorevelacionfm.cl\/index.php?rest_route=%2Fwp%2Fv2%2Fcategories&post=12068"},{"taxonomy":"post_tag","embeddable":true,"href":"https:\/\/radiorevelacionfm.cl\/index.php?rest_route=%2Fwp%2Fv2%2Ftags&post=12068"}],"curies":[{"name":"wp","href":"https:\/\/api.w.org\/{rel}","templated":true}]}}