{"id":12060,"date":"2021-12-20T12:53:06","date_gmt":"2021-12-20T15:53:06","guid":{"rendered":"https:\/\/radiorevelacionfm.cl\/?p=12060"},"modified":"2021-12-20T12:53:06","modified_gmt":"2021-12-20T15:53:06","slug":"gobierno-destaca-alta-participacion-en-elecciones-y-pide-cuidar-la-paz-y-la-democracia","status":"publish","type":"post","link":"https:\/\/radiorevelacionfm.cl\/?p=12060","title":{"rendered":"Gobierno destaca alta participaci\u00f3n en elecciones y pide cuidar la paz y la democracia"},"content":{"rendered":"<div class=\"flex_column av_one_full  flex_column_div av-zero-column-padding first  avia-builder-el-0  el_before_av_one_full  avia-builder-el-first  \" style='border-radius:0px; '><div  class='avia-image-container  av-styling-    avia-builder-el-1  avia-builder-el-no-sibling  avia-align-center '  itemprop=\"image\" itemscope=\"itemscope\" itemtype=\"https:\/\/schema.org\/ImageObject\"  ><div class='avia-image-container-inner'><div class='avia-image-overlay-wrap'><img decoding=\"async\" class='wp-image-12061 avia-img-lazy-loading-not-12061 avia_image' src=\"https:\/\/radiorevelacionfm.cl\/wp-content\/uploads\/2021\/12\/Presidente-2-2.jpg\" alt='' title='Presidente-2-2' height=\"600\" width=\"909\"  itemprop=\"thumbnailUrl\" srcset=\"https:\/\/radiorevelacionfm.cl\/wp-content\/uploads\/2021\/12\/Presidente-2-2.jpg 909w, https:\/\/radiorevelacionfm.cl\/wp-content\/uploads\/2021\/12\/Presidente-2-2-300x198.jpg 300w, https:\/\/radiorevelacionfm.cl\/wp-content\/uploads\/2021\/12\/Presidente-2-2-768x507.jpg 768w, https:\/\/radiorevelacionfm.cl\/wp-content\/uploads\/2021\/12\/Presidente-2-2-705x465.jpg 705w, https:\/\/radiorevelacionfm.cl\/wp-content\/uploads\/2021\/12\/Presidente-2-2-600x396.jpg 600w\" sizes=\"(max-width: 909px) 100vw, 909px\" \/><\/div><\/div><\/div><\/div><div class=\"flex_column av_one_full  flex_column_div av-zero-column-padding first  avia-builder-el-2  el_after_av_one_full  el_before_av_one_full  column-top-margin\" style='border-radius:0px; '><section class=\"av_textblock_section \"  itemscope=\"itemscope\" itemtype=\"https:\/\/schema.org\/BlogPosting\" itemprop=\"blogPost\" ><div class='avia_textblock  '   itemprop=\"text\" ><p style=\"text-align: center;\"><strong><span style=\"font-size: 18pt;\">Gobierno destaca alta participaci\u00f3n en elecciones y pide cuidar la paz y la democracia<\/span><\/strong><\/p>\n<div id=\"gtx-trans\" style=\"position: absolute; left: -50px; top: 4.31534px;\">\n<div class=\"gtx-trans-icon\"><\/div>\n<\/div>\n<\/div><\/section><\/div><div class=\"flex_column av_one_full  flex_column_div av-zero-column-padding first  avia-builder-el-4  el_after_av_one_full  el_before_av_hr  column-top-margin\" style='border-radius:0px; '><section class=\"av_textblock_section \"  itemscope=\"itemscope\" itemtype=\"https:\/\/schema.org\/BlogPosting\" itemprop=\"blogPost\" ><div class='avia_textblock  '   itemprop=\"text\" ><p style=\"text-align: justify;\">Cerca de las 21:00\u00a0horas en el\u00a0palacio de La Moneda, el mandatario\u00a0envi\u00f3 sus felicitaciones al Presidente electo\u00a0Gabriel Boric por su triunfo, dese\u00e1ndole\u00a0el mayor de los \u00e9xitos en su pr\u00f3ximo gobierno.<\/p>\n<p style=\"text-align: justify;\">Tras realizar el tradicional llamado al ganador de la elecci\u00f3n, el Presidente Pi\u00f1era se\u00f1al\u00f3 que \u00abGabriel Boric ser\u00e1 el presidente de todas y todos los chilenos, de quienes votaron por \u00e9l, de quienes apoyaron a Jos\u00e9 Antonio Kast y tambi\u00e9n de quienes no votaron en esta jornada\u201d. Junto con ello, el Jefe de Estado record\u00f3 que la\u00a0principal misi\u00f3n de un Presidente es contribuir a unir a Chile y los chilenos, a sembrar la paz entre todos nuestros compatriotas.<\/p>\n<p style=\"text-align: justify;\">El Presidente Pi\u00f1era apunt\u00f3 que, con el esfuerzo y el aporte de todos, se ha llevado adelante una exitosa vacunaci\u00f3n masiva que nos pone en la punta del liderazgo en el mundo entero y que el\u00a0pr\u00f3ximo gobierno puede contar con las vacunas necesarias para poder continuar con esta importante misi\u00f3n. \u00abAdem\u00e1s, hemos recuperado gran parte de los empleos que perdimos por la recesi\u00f3n mundial y la pandemia, hemos reactivado nuestra econom\u00eda, que hoy est\u00e1 creciendo con mucha fuerza, liderando el crecimiento a nivel mundial\u201d, agreg\u00f3.<\/p>\n<p style=\"text-align: justify;\">Participaci\u00f3n hist\u00f3rica<\/p>\n<p style=\"text-align: justify;\">El Presidente desatac\u00f3 que\u00a0nuevamente se vivi\u00f3 una jornada\u00a0ejemplar\u00a0para la\u00a0\u00a0democracia. Al final de la jornada el conteo dio cuenta de que\u00a0m\u00e1s de 8,3 millones de chilenos se manifestaron en las urnas.<\/p>\n<p style=\"text-align: justify;\">\u201cQuiero terminar agradeciendo a todos nuestros compatriotas y pidi\u00e9ndoles encarecidamente que cuidemos aquello que juntos con tanto esfuerzo hemos construido, cuidemos nuestras libertades, cuidemos nuestra democracia, cuidemos la paz y la sana convivencia entre todos los chilenos. Todos queremos y debemos contribuir para que Chile, nuestro Chile, sea un buen pa\u00eds para nacer, para crecer y educarse\u201d, concluy\u00f3 el mandatario.<\/p>\n<\/div><\/section><\/div><div  style='height:50px' class='hr hr-invisible   avia-builder-el-6  el_after_av_one_full  el_before_av_social_share '><span class='hr-inner ' ><span class='hr-inner-style'><\/span><\/span><\/div><\/p>\n<div  class='av-social-sharing-box  avia-builder-el-7  el_after_av_hr  el_before_av_hr  '><div class='av-share-box'><h5 class='av-share-link-description av-no-toc '>Compartir esta noticia<\/h5><ul class='av-share-box-list noLightbox'><li class='av-share-link av-social-link-facebook' ><a target=\"_blank\" aria-label=\"Compartir en Facebook\" href='https:\/\/www.facebook.com\/sharer.php?u=https:\/\/radiorevelacionfm.cl\/?p=12060&#038;t=Gobierno%20destaca%20alta%20participaci%C3%B3n%20en%20elecciones%20y%20pide%20cuidar%20la%20paz%20y%20la%20democracia' aria-hidden='false' data-av_icon='\ue8f3' data-av_iconfont='entypo-fontello' title='' data-avia-related-tooltip='Compartir en Facebook' rel=\"noopener\"><span class='avia_hidden_link_text'>Compartir en Facebook<\/span><\/a><\/li><li class='av-share-link av-social-link-twitter' ><a target=\"_blank\" aria-label=\"Compartir en Twitter\" href='https:\/\/twitter.com\/share?text=Gobierno%20destaca%20alta%20participaci%C3%B3n%20en%20elecciones%20y%20pide%20cuidar%20la%20paz%20y%20la%20democracia&#038;url=https:\/\/radiorevelacionfm.cl\/?p=12060' aria-hidden='false' data-av_icon='\ue8f1' data-av_iconfont='entypo-fontello' title='' data-avia-related-tooltip='Compartir en Twitter' rel=\"noopener\"><span class='avia_hidden_link_text'>Compartir en Twitter<\/span><\/a><\/li><li class='av-share-link av-social-link-whatsapp' ><a target=\"_blank\" aria-label=\"Compartir en Whatsapp\" href='https:\/\/api.whatsapp.com\/send?text=https:\/\/radiorevelacionfm.cl\/?p=12060' aria-hidden='false' data-av_icon='\uf232' data-av_iconfont='entypo-fontello' title='' data-avia-related-tooltip='Compartir en Whatsapp' rel=\"noopener\"><span class='avia_hidden_link_text'>Compartir en Whatsapp<\/span><\/a><\/li><li class='av-share-link av-social-link-linkedin' ><a target=\"_blank\" aria-label=\"Compartir en LinkedIn\" href='https:\/\/linkedin.com\/shareArticle?mini=true&#038;title=Gobierno%20destaca%20alta%20participaci%C3%B3n%20en%20elecciones%20y%20pide%20cuidar%20la%20paz%20y%20la%20democracia&#038;url=https:\/\/radiorevelacionfm.cl\/?p=12060' aria-hidden='false' data-av_icon='\ue8fc' data-av_iconfont='entypo-fontello' title='' data-avia-related-tooltip='Compartir en LinkedIn' rel=\"noopener\"><span class='avia_hidden_link_text'>Compartir en LinkedIn<\/span><\/a><\/li><li class='av-share-link av-social-link-mail' ><a  aria-label=\"Compartir por correo\" href='mailto:?subject=Gobierno%20destaca%20alta%20participaci%C3%B3n%20en%20elecciones%20y%20pide%20cuidar%20la%20paz%20y%20la%20democracia&#038;body=https:\/\/radiorevelacionfm.cl\/?p=12060' aria-hidden='false' data-av_icon='\ue805' data-av_iconfont='entypo-fontello' title='' data-avia-related-tooltip='Compartir por correo'><span class='avia_hidden_link_text'>Compartir por correo<\/span><\/a><\/li><\/ul><\/div><\/div>\n<div  style='height:50px' class='hr hr-invisible   avia-builder-el-8  el_after_av_social_share  el_before_av_comments_list '><span class='hr-inner ' ><span class='hr-inner-style'><\/span><\/span><\/div>\n<div  class='av-buildercomment  av-blog-meta-html-info-disabled av-blog-meta-tag-disabled  '><\/div>\n","protected":false},"excerpt":{"rendered":"","protected":false},"author":1,"featured_media":12061,"comment_status":"open","ping_status":"open","sticky":false,"template":"","format":"standard","meta":{"footnotes":""},"categories":[35],"tags":[],"class_list":["post-12060","post","type-post","status-publish","format-standard","has-post-thumbnail","hentry","category-politica"],"jetpack_featured_media_url":"https:\/\/radiorevelacionfm.cl\/wp-content\/uploads\/2021\/12\/Presidente-2-2.jpg","_links":{"self":[{"href":"https:\/\/radiorevelacionfm.cl\/index.php?rest_route=\/wp\/v2\/posts\/12060","targetHints":{"allow":["GET"]}}],"collection":[{"href":"https:\/\/radiorevelacionfm.cl\/index.php?rest_route=\/wp\/v2\/posts"}],"about":[{"href":"https:\/\/radiorevelacionfm.cl\/index.php?rest_route=\/wp\/v2\/types\/post"}],"author":[{"embeddable":true,"href":"https:\/\/radiorevelacionfm.cl\/index.php?rest_route=\/wp\/v2\/users\/1"}],"replies":[{"embeddable":true,"href":"https:\/\/radiorevelacionfm.cl\/index.php?rest_route=%2Fwp%2Fv2%2Fcomments&post=12060"}],"version-history":[{"count":2,"href":"https:\/\/radiorevelacionfm.cl\/index.php?rest_route=\/wp\/v2\/posts\/12060\/revisions"}],"predecessor-version":[{"id":12063,"href":"https:\/\/radiorevelacionfm.cl\/index.php?rest_route=\/wp\/v2\/posts\/12060\/revisions\/12063"}],"wp:featuredmedia":[{"embeddable":true,"href":"https:\/\/radiorevelacionfm.cl\/index.php?rest_route=\/wp\/v2\/media\/12061"}],"wp:attachment":[{"href":"https:\/\/radiorevelacionfm.cl\/index.php?rest_route=%2Fwp%2Fv2%2Fmedia&parent=12060"}],"wp:term":[{"taxonomy":"category","embeddable":true,"href":"https:\/\/radiorevelacionfm.cl\/index.php?rest_route=%2Fwp%2Fv2%2Fcategories&post=12060"},{"taxonomy":"post_tag","embeddable":true,"href":"https:\/\/radiorevelacionfm.cl\/index.php?rest_route=%2Fwp%2Fv2%2Ftags&post=12060"}],"curies":[{"name":"wp","href":"https:\/\/api.w.org\/{rel}","templated":true}]}}